{"id":1317,"date":"2003-07-27T08:00:00","date_gmt":"2003-07-27T11:00:00","guid":{"rendered":"http:\/\/localhost\/3ipt\/sem-categoria\/302003-27-julho-2003\/"},"modified":"2003-07-27T08:00:00","modified_gmt":"2003-07-27T11:00:00","slug":"302003-27-julho-2003","status":"publish","type":"post","link":"https:\/\/3ipt.org.br\/site\/boletim\/302003-27-julho-2003\/","title":{"rendered":"Boletim Informativo N\u00ba 30\/2003"},"content":{"rendered":"<p><img loading=\"lazy\" decoding=\"async\" class=\"alignleft wp-image-60\" src=\"http:\/\/3ipt.org.br\/wp-content\/uploads\/2018\/09\/baseline_picture_as_pdf_black_18dp.png\" alt=\"pdf logo\" width=\"24\" height=\"24\" \/><a href=\"http:\/\/3ipt.org.br\/wp-content\/uploads\/2018\/10\/Bole302003.pdf\">Vers\u00e3o em PDF<\/a><\/p>\n<p align=\"justify\"><strong>Domingo, 27 de julho de 2003<\/strong><\/p>\n<p><P align=justify><STRONG>Tempo De Sofrimento<\/STRONG><BR><EM>&#8220;Nasceu-lhe, pois, um filho var\u00e3o, que h\u00e1 de reger todas as na\u00e7\u00f5es com cetro de ferro.&#8221; Apocalipse 12:5a<\/EM><BR><BR>Devemos estar motivados a renovar a nossa f\u00e9 em meio \u00e0s dificuldades enfrentadas, pois o filho procurado para ser devorado pelo drag\u00e3o &#8220;h\u00e1 de reger todas as na\u00e7\u00f5es com cetro de ferro.&#8221; (Apocalipse 12:5). Esta convic\u00e7\u00e3o deve dominar o nosso cora\u00e7\u00e3o. Nos tempos de dificuldades, sempre brotava na alma do povo de Israel o anseio pelo Messias que o libertaria do jugo de seus inimigos. A \u00e9poca em que Miqu\u00e9ias viveu foi marcada por esse desejo. O reino de Jud\u00e1 se encontrava numa dif\u00edcil situa\u00e7\u00e3o. A poderosa na\u00e7\u00e3o Ass\u00edria, com fome de conquistas, lan\u00e7ava seus olhos para a terra de Jud\u00e1, uma vez que a na\u00e7\u00e3o do norte, Israel, agora denominada Samaria, j\u00e1 havia ca\u00eddo, e seus habitantes tinha sido levados cativos para a Ass\u00edria. Nesse tempo, Miqu\u00e9ias traz \u00e0 lembran\u00e7a do povo a pessoa do Messias, indicando at\u00e9 mesmo o lugar onde ele nasceria. Fala tamb\u00e9m da eternidade dele, de seu reino e de sua paz. Miqu\u00e9ias profetizou que haveria muito sofrimento para a m\u00e3e do Messias at\u00e9 que ele nascesse: &#8220;Portanto o Senhor os entregar\u00e1 at\u00e9 ao tempo em que a que est\u00e1 em dores tiver dado\u00e0 luz.&#8221; (Miqu\u00e9ias 5:3). Muitos tentam identificar &#8220;a que est\u00e1 para dar \u00e0 luz&#8221; como Maria, por\u00e9m \u00e9 melhor pensar no pr\u00f3prio remanescente de Israel. Deus sempre mant\u00e9m um remanescente para si. Quando Elias pensava que estava sozinho, Deus lhe disse que havia mais sete mil que ainda eram fi\u00e9is e n\u00e3o haviam dobrado os joelhos perante Baal. Com rela\u00e7\u00e3o a Israel, nunca foi plano de Deus salvar toda a na\u00e7\u00e3o, mas o remanescente (Romanos 9:27; Isa\u00edas 10:22-23). Este \u00e9 o povo fiel, o qual Deus vem guardando para si desde o in\u00edcio, desde que prometeu \u00e0 serpente que ela teria a cabe\u00e7a esmagada pela descend\u00eancia da mulher (G\u00eanesis 3:15). Desde aquele momento, Satan\u00e1s fez todo o esfor\u00e7o para destruir o descendente da mulher. Jo\u00e3o pinta esse quadro como um drag\u00e3o diante da mulher pronto para lhe devorar o filho (Apocalipse 12:1-4), querendo, por certo, referir-se a todas as tentativas malignas de impedir a vinda do Messias, que come\u00e7aram com a morte de Abel e terminaram com a matan\u00e7a dos inocentes em Bel\u00e9m pelas m\u00e3os de Herodes. Esta vis\u00e3o do Apocalipse\u00e9 de import\u00e2ncia crucial para entender esse assunto. Jo\u00e3o v\u00ea uma mulher vestida de Sol, com a Lua debaixo de seus p\u00e9s e uma coroa de 12 estrelas. Essa mulher, que deve ser identificada como Israel, est\u00e1 gr\u00e1vida. Jo\u00e3o v\u00ea tamb\u00e9m um drag\u00e3o forte e poderoso, o qual ele informa ser a mesma antiga serpente chamada Satan\u00e1s. O drag\u00e3o p\u00e1ra diante da mulher esperando para devorar o filho que est\u00e1 prestes a nascer (Apocalipse 12:1-6,9). Sabemos que muitas foram as tentativas diab\u00f3licas para impedir que Jesus nascesse. Ainda no \u00c9den, Satan\u00e1s provocou a morte de Abel, acreditando ter assim impedido a vinda do descendente. Em seguida, fez que se misturasse a semente de Sete com a semente maligna de Caim, o que resultou no pr\u00f3prio dil\u00favio. Mas ele n\u00e3o conseguiu impedir que o Filho nascesse.<BR><BR><STRONG>Aniversariantes<\/STRONG><BR><BR><STRONG>. Dia 1\u00ba:<\/STRONG> Juliana Silva Almeida. Telefone: 9618 7423.<BR><BR><STRONG>Escala Para As Reuni\u00f5es De Ora\u00e7\u00e3o De Agosto: Departamento Infantil<\/STRONG><BR><BR>As reuni\u00f5es de ora\u00e7\u00e3o do m\u00eas de agosto estar\u00e3o sob a responsabilidade do Departamento Infantil. Preparem a escala!!!<BR><BR><STRONG>Escala De Liturgos: Julho E Agosto<\/STRONG><BR><BR><STRONG>. Dia 27:<\/STRONG> Edenir.<BR><STRONG>. Dia 3:<\/STRONG> Roberto.<BR><STRONG>. Dia 10:<\/STRONG> Nivaldo.<BR><STRONG>. Dia 17:<\/STRONG> D\u00eanis.<BR><STRONG>. Dia 24:<\/STRONG> Baptista.<BR><STRONG>. Dia 31:<\/STRONG> Edenir.<BR><BR><STRONG>Escala De Di\u00e1conos De Plant\u00e3o: Julho E Agosto<\/STRONG><BR><BR><STRONG>. Dia 27:<\/STRONG> Alberto e Davi.<BR><STRONG>. Dia 3:<\/STRONG> Paulo e Hellan.<BR><STRONG>. Dia 10:<\/STRONG> J\u00fanior e Carlos.<BR><STRONG>. Dia 17:<\/STRONG> Mauro e Daniel.<BR><STRONG>. Dia 24:<\/STRONG> Alberto e Davi.<BR><STRONG>. Dia 31:<\/STRONG> Paulo e J\u00fanior.<BR><BR><STRONG>Grupos Pequenos<\/STRONG><BR><BR>Nesta ter\u00e7a-feira, dia 29 de julho, o grupo Ebenezer reunir-se-\u00e1 na resid\u00eancia dos irm\u00e3os Vera e Avanildo, na CSB 10 lote 18 apartamento 911. O grupo Maranata reunir-se-\u00e1 na casa do senhor Jonas, na QSF 16 casa 314. O terceiro grupo reunir-se-\u00e1 na resid\u00eancia da irm\u00e3 Laura, na QSF 15 casa 518. N\u00e3o houve reuni\u00f5es na ter\u00e7a-feira passada, dia 22 de julho. N\u00e3o haver\u00e1 o treinamento de grupos pequenos na pr\u00f3xima ter\u00e7a-feira, dia 29 de julho.<BR><BR><STRONG>Visitantes<\/STRONG><BR><BR>Sejam bem-vindos em nome do Senhor Jesus. Nos alegramos com a sua presen\u00e7a entre n\u00f3s e desejamos que voc\u00ea desfrute da comunh\u00e3o com Deus e da nossa comunh\u00e3o. Que Deus continue derramando as suas ricas b\u00ean\u00e7\u00e3os sobre os amados!<BR><BR><STRONG>Motivos De Ora\u00e7\u00e3o<\/STRONG><BR><BR><STRONG>. Oficiais da igreja:<\/STRONG> ore em favor dos pastores, presb\u00edteros e di\u00e1conos com suas respectivas fam\u00edlias.<BR><STRONG>. Igreja:<\/STRONG> ore pela igreja, a fim de que todos os empreendimentos para a gl\u00f3ria do nosso Deus sejam concretizados.<BR><STRONG>. Brasil e DF:<\/STRONG> ore em favor do governo do nosso pa\u00eds e do Distrito Federal, tanto pelo Executivo como pelo Legislativo.<BR><STRONG>. Congrega\u00e7\u00f5es:<\/STRONG> pela planta\u00e7\u00e3o da igreja em \u00c1guas Claras e a planta\u00e7\u00e3o da igreja no Areal.<BR><STRONG>. Escola Simonton:<\/STRONG> louve a Deus pela adapta\u00e7\u00e3o das salas visando o funcionamento da 5\u00aa s\u00e9rie e cumprimento do comodato com a SECULT. Ore para obtermos recursos. Endere\u00e7o QSE 9 \u00c1rea Especial Setor &#8220;E&#8221; Sul, Taguatinga. Telefone: 356 1785.<BR><STRONG>. Centro de Treinamento de Talentos Crist\u00e3os:<\/STRONG> ore por esta iniciativa da sua igreja que visa promover maior crescimento no conhecimento e na gra\u00e7a de Jesus, para que se possa melhor servir ao Senhor da Igreja.<BR>. Vamos agradecer pela recupera\u00e7\u00e3o dos que estavam enfermos: irm\u00e3 Genilha, irm\u00e3o Miguel e senhor Valter.<BR>. Reverendo D\u00edlson, Camilla, Ursula, Eudes, Nilda, Alessandra e Isael. Estejam orando por estes irm\u00e3os da Junta de Miss\u00f5es Nacionais.<BR><BR><STRONG>Anote Em Sua Agenda<\/STRONG><BR><BR><STRONG>. Secretaria da igreja:<\/STRONG> de segunda \u00e0 sexta das 8h \u00e0s 12h e das 14h \u00e0s 18h. Telefone: 352 7649. Falar com a Elaine.<BR><STRONG>. Atendimento pastoral:<\/STRONG> ter\u00e7a-feira, das 8h \u00e0s 12h e das 14h \u00e0s 17h; quarta-feira das 8h \u00e0s 12h; quinta-feira das 8h as 12h e das 14h \u00e0s 17h; sexta-feira das 14h \u00e0s 17h.<BR><BR><STRONG>Encontro De Casais<\/STRONG><BR><BR>O minist\u00e9rio de casais da 2\u00aa IPT convida os casais da igreja para participarem do encontro em Caldas Novas de 22 a 24 de agosto de 2003, no Hotel Priv\u00ea. Inscri\u00e7\u00f5es, procurem a secret\u00e1ria da igreja ou entre em contato com reverendo Rog\u00e9rio na 2\u00aa IPT.<BR><BR><STRONG>Servi\u00e7os<\/STRONG><BR><BR>Nossa irm\u00e3 Marli aceita encomendas para festas, tais como bolos, doces, salgados e pizzas. Telefone: 353 4692.<BR><BR><STRONG>Link<\/STRONG><BR><BR>A p\u00e1gina para os irm\u00e3os que desejarem ler ou copiar artigos ou estudos b\u00edblicos \u00e9 <A href=\"http:\/\/www.protestante.ubbi.com.br\/\" target=_blank>www.protestante.ubbi.com.br<\/A>.<BR><BR><STRONG>Ensaio Do Coral<\/STRONG><BR><BR>Todas as quintas-feiras ensaio do coral na igreja \u00e0s 20h.<BR><BR><STRONG>Curso De Educa\u00e7\u00e3o Crist\u00e3<\/STRONG><BR><BR>O Semin\u00e1rio Presbiteriano Teol\u00f3gico de Bras\u00edlia comunica que estar\u00e1 oferecendo, a partir do 2\u00ba semestre, um curso de Educa\u00e7\u00e3o Crist\u00e3 de um ano. Com inicio previsto para 28 de julho de 2003. Inscri\u00e7\u00f5es abertas. Maiores informa\u00e7\u00f5es: 244 2122.<BR><BR><STRONG>Centro de Treinamento de Talentos Crist\u00e3os<\/STRONG><BR><BR>Centro de Treinamento de Talentos Crist\u00e3os &#8211; CTTC. 29 de julho a 27 de novembro. Participe! Valor: 4x de R$ 75,00 &#8211; 4 disciplinas. Inscreva-se na secretaria da Igreja, telefone 352 7649.<BR><BR><STRONG>Planejamento Estrat\u00e9gico<\/STRONG><BR><BR>Ordem de prioridades do Planejamento Estrat\u00e9gico, estabelecidas pelo Conselho:<BR><STRONG>1.<\/STRONG> Amor fraternal entre os membros da 3\u00aa IPT.<BR><STRONG>2.<\/STRONG> Pintura geral do templo.<BR><STRONG>3.<\/STRONG> Constru\u00e7\u00e3o da congrega\u00e7\u00e3o do Areal.<BR><STRONG>4.<\/STRONG> A\u00e7\u00e3o Social para alcan\u00e7ar nossos vizinhos.<BR>Gerentes do planejamento Estrat\u00e9gico: Roberto Vieira, presb\u00edtero Roberto Rachid e Marli Rachid.<BR><BR><STRONG>Vestibular Unificado 2004: Bacharelado Em Teologia<\/STRONG><BR><BR>Buscando a excel\u00eancia para o sagrado minist\u00e9rio. Maiores informa\u00e7\u00f5es: Semin\u00e1rio Presbiteriano de Bras\u00edlia, telefone 244 2122.<BR><BR><STRONG>Formatura<\/STRONG><BR><BR>A irm\u00e3 Tha\u00eds Rezende Miranda convida para sua formatura. Celebra\u00e7\u00e3o religiosa dia 24 de julho. Cola\u00e7\u00e3o de grau dia 25 de julho. Convite afixado no mural.<BR><BR><STRONG>SAF<\/STRONG><BR><BR>As irm\u00e3s Maruceli e Vera, relatoras da SAF, comunicam \u00e0 todas as irm\u00e3s que haver\u00e1 reuni\u00e3o departamental, dia 28 de julho, segunda-feira,\u00e0s 20h, na resid\u00eancia da irm\u00e3 \u00c1urea. Endere\u00e7o: QSE 19 casa 29. Contamos com a presen\u00e7a das irm\u00e3s, em nome de Jesus.<BR><BR><STRONG>Minist\u00e9rio De Educa\u00e7\u00e3o Crist\u00e3 E Departamento Infantil Agradecem<\/STRONG><BR><BR>O Minist\u00e9rio de Educa\u00e7\u00e3o Crist\u00e3 e o Departamento Infantil agradecem aos irm\u00e3os Hibsen, Roberto Rachid, \u00c1urea, Roberto e Cl\u00e1udia pela doa\u00e7\u00e3o de estantes e aos irm\u00e3os Paulinho e Baptista pela montagem e pintura das mesmas.<BR><BR><STRONG>P\u00e1is alvo de nossa ora\u00e7\u00e3o e intercess\u00e3o nessa semana:<BR><BR><IMG src=\"http:\/\/3ipt.org.br\/wp-content\/uploads\/2018\/09\/lituania.jpg\"> <BR>Litu\u00e2nia <\/STRONG><\/P><\/p>\n","protected":false},"excerpt":{"rendered":"<p>Vers\u00e3o em PDF Domingo, 27 de julho de 2003 Tempo De Sofrimento&#8220;Nasceu-lhe, pois, um filho var\u00e3o, que h\u00e1 de reger todas as na\u00e7\u00f5es com cetro de ferro.&#8221; Apocalipse 12:5aDevemos estar motivados a renovar a nossa f\u00e9 em meio \u00e0s dificuldades enfrentadas, pois o filho procurado para ser devorado pelo drag\u00e3o &#8220;h\u00e1 de reger todas as&#8230;<\/p>\n","protected":false},"author":1,"featured_media":0,"comment_status":"open","ping_status":"open","sticky":false,"template":"","format":"standard","meta":{"footnotes":""},"categories":[4],"tags":[],"_links":{"self":[{"href":"https:\/\/3ipt.org.br\/site\/wp-json\/wp\/v2\/posts\/1317"}],"collection":[{"href":"https:\/\/3ipt.org.br\/site\/wp-json\/wp\/v2\/posts"}],"about":[{"href":"https:\/\/3ipt.org.br\/site\/wp-json\/wp\/v2\/types\/post"}],"author":[{"embeddable":true,"href":"https:\/\/3ipt.org.br\/site\/wp-json\/wp\/v2\/users\/1"}],"replies":[{"embeddable":true,"href":"https:\/\/3ipt.org.br\/site\/wp-json\/wp\/v2\/comments?post=1317"}],"version-history":[{"count":0,"href":"https:\/\/3ipt.org.br\/site\/wp-json\/wp\/v2\/posts\/1317\/revisions"}],"wp:attachment":[{"href":"https:\/\/3ipt.org.br\/site\/wp-json\/wp\/v2\/media?parent=1317"}],"wp:term":[{"taxonomy":"category","embeddable":true,"href":"https:\/\/3ipt.org.br\/site\/wp-json\/wp\/v2\/categories?post=1317"},{"taxonomy":"post_tag","embeddable":true,"href":"https:\/\/3ipt.org.br\/site\/wp-json\/wp\/v2\/tags?post=1317"}],"curies":[{"name":"wp","href":"https:\/\/api.w.org\/{rel}","templated":true}]}}