{"id":1318,"date":"2003-08-03T08:00:00","date_gmt":"2003-08-03T11:00:00","guid":{"rendered":"http:\/\/localhost\/3ipt\/sem-categoria\/312003-3-agosto-2003\/"},"modified":"2003-08-03T08:00:00","modified_gmt":"2003-08-03T11:00:00","slug":"312003-3-agosto-2003","status":"publish","type":"post","link":"https:\/\/3ipt.org.br\/site\/boletim\/312003-3-agosto-2003\/","title":{"rendered":"Boletim Informativo N\u00ba 31\/2003"},"content":{"rendered":"<p><img loading=\"lazy\" decoding=\"async\" class=\"alignleft wp-image-60\" src=\"http:\/\/3ipt.org.br\/wp-content\/uploads\/2018\/09\/baseline_picture_as_pdf_black_18dp.png\" alt=\"pdf logo\" width=\"24\" height=\"24\" \/><a href=\"http:\/\/3ipt.org.br\/wp-content\/uploads\/2018\/10\/Bole312003.pdf\">Vers\u00e3o em PDF<\/a><\/p>\n<p align=\"justify\"><strong>Domingo, 3 de agosto de 2003<\/strong><\/p>\n<p><P align=justify><STRONG>Nasceu O Eterno Filho De Deus<\/STRONG><BR><EM>&#8220;E o Verbo se fez carne e habitou entre n\u00f3s, cheio de gra\u00e7a e de verdade, e vimos a sua gl\u00f3ria, gl\u00f3ria como do unig\u00eanito do Pai.&#8221; Jo\u00e3o 1:14<BR><\/EM><BR>Devemos saber que o nascimento, vida e minist\u00e9rio de Jesus foram amplamente anunciados pelo anjo Gabriel, pelos magos do Oriente, por Sime\u00e3o e por Ana. O an\u00fancio feito por eles destaca Jesus Cristo como Deus e Homem. A vida e o minist\u00e9rio de Jesus foram anunciados por anjos, s\u00e1bios e profetas, que falaram sobre sua divindade, humanidade, reino e sofrimento. O nascimento do eterno Filho de Deus trouxe salva\u00e7\u00e3o. Nesta pastoral veremos como o Senhor Jesus foi anunciado nos momentos que antecederam e sucederam o seu nascimento. Analisaremos as palavras ditas pelo evangelista Jo\u00e3o, ao introduzir o seu evangelho, falando do Verbo que se fez carne e habitou entre n\u00f3s. Perceberemos que nessa informa\u00e7\u00e3o dada pelo evangelista Jo\u00e3o, tanto a vida como o minist\u00e9rio de Jesus foram anunciados. Esta afirma\u00e7\u00e3o de que &#8220;o Verbo se fez carne&#8221; traz \u00e2nimo ao nosso cora\u00e7\u00e3o. Nesta afirma\u00e7\u00e3o o pr\u00f3logo do Evangelho atinge o seu cl\u00edmax. Para alguns contempor\u00e2neos de Jo\u00e3o, o esp\u00edrito e o divino eram totalmente opostos \u00e0 mat\u00e9ria e \u00e0 carne. Outros pensavam que os deuses visitavam a terra disfar\u00e7ados de seres humanos (Atos 14:11). Mas aqui um abismo \u00e9 transposto: o Verbo Eterno de Deus n\u00e3o s\u00f3 parece um ser humano, mas realmente tornou-se carne. Tomou sobre si a plena e genu\u00edna natureza humana. Jesus Cristo\u00e9 verdadeiro Deus e Homem. Jo\u00e3o n\u00e3o somente diz que &#8220;o Verbo se fez carne&#8221;, diz tamb\u00e9m que ele &#8220;habitou entre n\u00f3s&#8221;. Quando Jo\u00e3o diz que o Verbo &#8220;habitou&#8221;, significa que o Verbo &#8220;armou sua tenda&#8221;. Isto n\u00e3o s\u00f3 indica a natureza tempor\u00e1ria da exist\u00eancia terrena de Jesus, mas o faz de um modo que recorda o antigo tabern\u00e1culo de Israel, onde Deus podia ser encontrado (\u00caxodo 40:34-35). Jo\u00e3o nos informa tamb\u00e9m que o Verbo estava &#8220;cheio de gra\u00e7a e de verdade&#8221;. Estas palavras correspondem aos termos do Antigo Testamento que descrevem a alian\u00e7a da gra\u00e7a de Deus (G\u00eanesis 24:27; Salmo 25:10; Prov\u00e9rbios 16:6; \u00caxodo 24:6; Salmo 26:3). O Verbo feito carne manifesta plenamente a realiza\u00e7\u00e3o graciosa da alian\u00e7a e o car\u00e1ter de Deus como guardador da alian\u00e7a. Isto nos conforta. De fato, Jo\u00e3o nos diz que &#8220;a sua gl\u00f3ria&#8221; foi vista. &#8220;Sua gl\u00f3ria&#8221; \u00e9 vista mesmo quando era a gl\u00f3ria de Deus no deserto (\u00caxodo 16:1-10 e 33:18-23), no tabern\u00e1culo (\u00caxodo 40:34-35) e, depois, no templo (I Reis 8:1-11). Pode haver tamb\u00e9m uma refer\u00eancia \u00e0 transfigura\u00e7\u00e3o, uma vez que Jo\u00e3o foi testemunha dela (Mateus 17:1-5). O termo &#8220;gl\u00f3ria&#8221; aplica-se de modo supremo a Deus, que \u00e9 o Criador e Governador do universo, diante de quem todo joelho se curvar\u00e1. O Filho tem a gl\u00f3ria divina por direito (Jo\u00e3o 17:5). Os Reformadores declararam sua f\u00e9 com o lema Soli Deo Gloria (&#8220;gl\u00f3ria s\u00f3 a Deus&#8221;). Finalmente, Jo\u00e3o nos diz que a gl\u00f3ria do Verbo \u00e9 &#8220;como do unig\u00eanito&#8221;. Essa express\u00e3o traduz uma \u00fanica palavra grega e refere-se explicitamente \u00e0 gera\u00e7\u00e3o eterna do Filho na Trindade.\u00c9 tamb\u00e9m poss\u00edvel traduzir a palavra por &#8220;Filho \u00fanico&#8221;, sem a id\u00e9ia de gera\u00e7\u00e3o, mas referindo-se \u00e0 singularidade do Filho.<BR><BR><STRONG>Aniversariantes<\/STRONG><BR><BR><STRONG>. Dia 4:<\/STRONG> Gisele de Souza Gon\u00e7alves.<BR><STRONG>. Dia 5:<\/STRONG> Patr\u00edcia dos Santos Soares.<BR><BR><STRONG>Escala Para As Reuni\u00f5es De Ora\u00e7\u00e3o De Agosto: Departamento Infantil<\/STRONG><BR><BR>A reuni\u00e3o de ora\u00e7\u00e3o este m\u00eas est\u00e1 sob a responsabilidade do Departamento Infantil:<BR><STRONG>. Dia 8:<\/STRONG> Elaine.<BR><STRONG>. Dia 15:<\/STRONG> Gl\u00e1ucia.<BR><STRONG>. Dia 22:<\/STRONG> Elaine.<BR><STRONG>. Dia 29:<\/STRONG> Roberto.<BR><BR><STRONG>Escala De Liturgos: Julho E Agosto<\/STRONG><BR><BR><STRONG>. Dia 3:<\/STRONG> Roberto.<BR><STRONG>. Dia 10:<\/STRONG> Nivaldo.<BR><STRONG>. Dia 17:<\/STRONG> D\u00eanis.<BR><STRONG>. Dia 24:<\/STRONG> Baptista.<BR><STRONG>. Dia 31:<\/STRONG> Edenir.<BR><BR><STRONG>Escala De Di\u00e1conos De Plant\u00e3o: Julho E Agosto<\/STRONG><BR><BR><STRONG>. Dia 3:<\/STRONG> Paulo e Hellan.<BR><STRONG>. Dia 10:<\/STRONG> J\u00fanior e Carlos.<BR><STRONG>. Dia 17: <\/STRONG>Mauro e Daniel.<BR><STRONG>. Dia 24:<\/STRONG> Alberto e Davi.<BR><STRONG>. Dia 31:<\/STRONG> Paulo e J\u00fanior.<BR><BR><STRONG>Grupos Pequenos<\/STRONG><BR><BR>Nesta ter\u00e7a-feira, dia 5 de agosto, o grupo Ebenezer reunir-se-\u00e1 na resid\u00eancia do irm\u00e3o Luciano Rachid, na Col\u00f4nia Agr\u00edcola Samambaia ch\u00e1cara 96 lote 2A. O grupo Maranata reunir-se-\u00e1 na casa do Gilson, na QR 122 conjunto 5 casa 18. O grupo Ebenezer teve a presen\u00e7a 13 pessoas na ter\u00e7a-feira passada, e o grupo Maranata contou com 16 pessoas. O treinamento de grupos pequenos na pr\u00f3xima ter\u00e7afeira, dia 5 de agosto de 2003, na casa dos irm\u00e3os<BR><BR><STRONG>Visitantes<\/STRONG><BR><BR>Sejam bem-vindos em nome do Senhor Jesus. Nos alegramos com a sua presen\u00e7a entre n\u00f3s e desejamos que voc\u00ea desfrute da comunh\u00e3o com Deus e da nossa comunh\u00e3o. Que Deus continue derramando as suas ricas b\u00ean\u00e7\u00e3os sobre os amados!<BR><BR><STRONG>Motivos De Ora\u00e7\u00e3o<\/STRONG><BR><BR><STRONG>. Oficiais da igreja:<\/STRONG> ore em favor dos pastores, presb\u00edteros e di\u00e1conos com suas respectivas fam\u00edlias.<BR><STRONG>. Igreja:<\/STRONG> ore pela igreja, a fim de que todos os empreendimentos para a gl\u00f3ria do nosso Deus sejam concretizados.<BR><STRONG>. Brasil e DF:<\/STRONG> ore em favor do governo do nosso pa\u00eds e do Distrito Federal, tanto pelo Executivo como pelo Legislativo.<BR><STRONG>. Congrega\u00e7\u00f5es:<\/STRONG> pela planta\u00e7\u00e3o da igreja em \u00c1guas Claras e a planta\u00e7\u00e3o da igreja no Areal.<BR><STRONG>. Escola Simonton:<\/STRONG> louve a Deus pela adapta\u00e7\u00e3o das salas visando o funcionamento da 5\u00aa s\u00e9rie e cumprimento do comodato com a SECULT. Ore para obtermos recursos. Endere\u00e7o QSE 9 \u00c1rea Especial Setor &#8220;E&#8221; Sul, Taguatinga. Telefone: 356 1785.<BR><STRONG>. Centro de Treinamento de Talentos Crist\u00e3os:<\/STRONG>ore por esta iniciativa da sua igreja que visa promover maior crescimento no conhecimento e na gra\u00e7a de Jesus, para que se possa melhor servir ao Senhor da Igreja.<BR>. Vamos agradecer pela recupera\u00e7\u00e3o dos que estavam enfermos: irm\u00e3 Genilha, irm\u00e3o Miguel e senhor Valter.<BR>. Dioclides, Maria Sayionara, Ana Leda, Elmir, Geanne, Marlene, Aparecida, Adriana, Joanildo, reverendo Jos\u00e9 Erivan. Estejam orando por estes irm\u00e3os da Junta de Miss\u00f5es Nacionais.<BR><BR><STRONG>Anote Em Sua Agenda<\/STRONG><BR><BR><STRONG>. Secretaria da igreja:<\/STRONG> de segunda \u00e0 sexta das 8h \u00e0s 12h e das 14h \u00e0s 18h. Telefone: 352 7649. Falar com a Elaine.<BR><STRONG>. Atendimento pastoral:<\/STRONG> ter\u00e7a-feira, das 8h\u00e0s 12h e das 14h \u00e0s 17h; quarta-feira das 8h\u00e0s 12h; quinta-feira das 8h as 12h e das 14h\u00e0s 17h; sexta-feira das 14h \u00e0s 17h.<BR><BR><STRONG>Encontro De Casais<\/STRONG><BR><BR>O minist\u00e9rio de casais da 2\u00aa IPT convida os casais da igreja para participarem do encontro em Caldas Novas de 22 a 24 de agosto de 2003, no Hotel Priv\u00ea. Inscri\u00e7\u00f5es, procurem a secret\u00e1ria da igreja ou entre em contato com reverendo Rog\u00e9rio na 2\u00aa IPT.<BR><BR><STRONG>Servi\u00e7os<\/STRONG><BR><BR>Nossa irm\u00e3 Marli aceita encomendas para festas, tais como bolos, doces, salgados e pizzas. Telefone: 353 4692.<BR><BR><STRONG>Link<\/STRONG><BR><BR>A p\u00e1gina para os irm\u00e3os que desejarem ler ou copiar artigos ou estudos b\u00edblicos \u00e9 <A href=\"http:\/\/www.protestante.ubbi.com.br\/\" target=_blank>www.protestante.ubbi.com.br<\/A>.<BR><BR><STRONG>Ensaio Do Coral<\/STRONG><BR><BR>Todas as quintas-feiras ensaio do coral na igreja \u00e0s 20h.<BR><BR><STRONG>Curso De Educa\u00e7\u00e3o Crist\u00e3<\/STRONG><BR><BR>O Semin\u00e1rio Presbiteriano Teol\u00f3gico de Bras\u00edlia comunica que estar\u00e1 oferecendo, a partir do 2\u00ba semestre, um curso de Educa\u00e7\u00e3o Crist\u00e3 de um ano. Com inicio previsto para 28 de julho de 2003. Inscri\u00e7\u00f5es abertas. Maiores informa\u00e7\u00f5es: 244 2122. <P align=justify><STRONG>Centro de Treinamento de Talentos Crist\u00e3os<\/STRONG><BR><BR>Centro de Treinamento de Talentos Crist\u00e3os &#8211; CTTC. 29 de julho a 27 de novembro. Participe! Valor: 4x de R$ 75,00 &#8211; 4 disciplinas. Inscreva-se na secretaria da Igreja, telefone 352 7649.<BR><BR><STRONG>Planejamento Estrat\u00e9gico<\/STRONG><BR><BR>Ordem de prioridades do Planejamento Estrat\u00e9gico, estabelecidas pelo Conselho:<BR><STRONG>1.<\/STRONG> Amor fraternal entre os membros da 3\u00aa IPT.<BR><STRONG>2.<\/STRONG> Pintura geral do templo.<BR><STRONG>3.<\/STRONG> Constru\u00e7\u00e3o da congrega\u00e7\u00e3o do Areal.<BR><STRONG>4.<\/STRONG> A\u00e7\u00e3o Social para alcan\u00e7ar nossos vizinhos.<BR>Gerentes do planejamento Estrat\u00e9gico: Roberto Vieira, presb\u00edtero Roberto Rachid e Marli Rachid.<BR><BR><STRONG>Vestibular Unificado 2004: Bacharelado Em Teologia<\/STRONG><BR><BR>Buscando a excel\u00eancia para o sagrado minist\u00e9rio. Maiores informa\u00e7\u00f5es: Semin\u00e1rio Presbiteriano de Bras\u00edlia, telefone 244 2122.<BR><STRONG><BR>Minist\u00e9rio De Educa\u00e7\u00e3o Crist\u00e3 E Departamento Infantil Agradecem<\/STRONG><BR><BR>O Minist\u00e9rio de Educa\u00e7\u00e3o Crist\u00e3 e o Departamento Infantil agradecem aos irm\u00e3os Hibsen, Roberto Rachid, \u00c1urea, Roberto e Cl\u00e1udia pela doa\u00e7\u00e3o de estantes e aos irm\u00e3os Paulinho e Baptista pela montagem e pintura das mesmas.<BR><BR><STRONG>Projeto Real Mission\u00e1rio<\/STRONG><BR><BR>No pr\u00f3ximo dia 10, estaremos recolhendo R$ 1,00 de cada irm\u00e3o da igreja para o Projeto Real Mission\u00e1rio do S\u00ednodo de Bras\u00edlia. Participe deste projeto!<BR><BR><STRONG>Pa\u00eds alvo de nossa ora\u00e7\u00e3o e intercess\u00e3o nessa semana:<BR><BR><IMG src=\"http:\/\/3ipt.org.br\/wp-content\/uploads\/2018\/09\/russia.jpg\"><BR>R\u00fassia <\/STRONG><\/P><\/p>\n","protected":false},"excerpt":{"rendered":"<p>Vers\u00e3o em PDF Domingo, 3 de agosto de 2003 Nasceu O Eterno Filho De Deus&#8220;E o Verbo se fez carne e habitou entre n\u00f3s, cheio de gra\u00e7a e de verdade, e vimos a sua gl\u00f3ria, gl\u00f3ria como do unig\u00eanito do Pai.&#8221; Jo\u00e3o 1:14Devemos saber que o nascimento, vida e minist\u00e9rio de Jesus foram amplamente anunciados&#8230;<\/p>\n","protected":false},"author":1,"featured_media":0,"comment_status":"open","ping_status":"open","sticky":false,"template":"","format":"standard","meta":{"footnotes":""},"categories":[4],"tags":[],"_links":{"self":[{"href":"https:\/\/3ipt.org.br\/site\/wp-json\/wp\/v2\/posts\/1318"}],"collection":[{"href":"https:\/\/3ipt.org.br\/site\/wp-json\/wp\/v2\/posts"}],"about":[{"href":"https:\/\/3ipt.org.br\/site\/wp-json\/wp\/v2\/types\/post"}],"author":[{"embeddable":true,"href":"https:\/\/3ipt.org.br\/site\/wp-json\/wp\/v2\/users\/1"}],"replies":[{"embeddable":true,"href":"https:\/\/3ipt.org.br\/site\/wp-json\/wp\/v2\/comments?post=1318"}],"version-history":[{"count":0,"href":"https:\/\/3ipt.org.br\/site\/wp-json\/wp\/v2\/posts\/1318\/revisions"}],"wp:attachment":[{"href":"https:\/\/3ipt.org.br\/site\/wp-json\/wp\/v2\/media?parent=1318"}],"wp:term":[{"taxonomy":"category","embeddable":true,"href":"https:\/\/3ipt.org.br\/site\/wp-json\/wp\/v2\/categories?post=1318"},{"taxonomy":"post_tag","embeddable":true,"href":"https:\/\/3ipt.org.br\/site\/wp-json\/wp\/v2\/tags?post=1318"}],"curies":[{"name":"wp","href":"https:\/\/api.w.org\/{rel}","templated":true}]}}