{"id":1322,"date":"2003-08-31T08:00:00","date_gmt":"2003-08-31T11:00:00","guid":{"rendered":"http:\/\/localhost\/3ipt\/sem-categoria\/352003-31-agosto-2003\/"},"modified":"2003-08-31T08:00:00","modified_gmt":"2003-08-31T11:00:00","slug":"352003-31-agosto-2003","status":"publish","type":"post","link":"https:\/\/3ipt.org.br\/site\/boletim\/352003-31-agosto-2003\/","title":{"rendered":"Boletim Informativo N\u00ba 35\/2003"},"content":{"rendered":"<p><img loading=\"lazy\" decoding=\"async\" class=\"alignleft wp-image-60\" src=\"http:\/\/3ipt.org.br\/wp-content\/uploads\/2018\/09\/baseline_picture_as_pdf_black_18dp.png\" alt=\"pdf logo\" width=\"24\" height=\"24\" \/><a href=\"http:\/\/3ipt.org.br\/wp-content\/uploads\/2018\/10\/Bole352003.pdf\">Vers\u00e3o em PDF<\/a><\/p>\n<p align=\"justify\"><strong>Domingo, 31 de agosto de 2003<\/strong><\/p>\n<p><P align=justify><STRONG>Construindo Um Altar A Deus<BR><\/STRONG><EM>&#8220;&#8230; faze ali um altar ao Deus que te apareceu quando fugias da presen\u00e7a de Esa\u00fa, teu irm\u00e3o.&#8221; G\u00eanesis 35:1<BR><\/EM><BR>Devemos entender a prioridade que o culto tem na vida do povo de Deus. A constru\u00e7\u00e3o do altar para o culto a Deus sempre vem primeiro. A constru\u00e7\u00e3o do altar para o culto \u00e9 a grande prioridade do povo de Deus. Encontramos os homens de Deus sempre construindo altares para adora\u00e7\u00e3o ao Deus que lhes aparecera. A primeira ordem de Deus a Jac\u00f3, foi que ele subisse a Betel e ali constru\u00edsse um altar. &#8220;Disse Deus a Jac\u00f3: Levanta-te, sobe a Betel e habita ali; faze ali um altar&#8230;&#8221; (G\u00eanesis 35:1). Jac\u00f3 tinha um voto a cumprir (G\u00eanesis 28:20-22 e 34:1-31). Esse voto de G\u00eanesis 28:20-22 \u00e9 o mais longo voto registrado no Antigo Testamento. &#8220;Fez tamb\u00e9m Jac\u00f3 um voto, dizendo: Se Deus FOR comigo, &#8230;&#8221; (G\u00eanesis 28:20). A rea\u00e7\u00e3o de Jac\u00f3 se contrasta notavelmente com a de Abra\u00e3o (G\u00eanesis 15:6). Embora a jornada de f\u00e9 tivesse come\u00e7ado para Jac\u00f3, ele ainda tinha muito a caminhar. Notemos que as promessas incondicionais de Deus, em G\u00eanesis 28:13-15, s\u00e3o agora transformadas em uma chantagem: se Deus fizer a parte dele, ent\u00e3o Jac\u00f3 o reconhecer\u00e1 como Deus (G\u00eanesis 28:21). Deus, soberanamente, escolheu a Jac\u00f3 no ventre (G\u00eanesis 25:23), e agora ele graciosamente d\u00e1 a promessa patriarcal totalmente independente da f\u00e9 que tinha Jac\u00f3; esta tamb\u00e9m deve ser uma d\u00e1diva de Deus (G\u00eanesis 17:2). A revela\u00e7\u00e3o de Deus em Betel (G\u00eanesis 35:9-13) reitera as promessas da alian\u00e7a com Abra\u00e3o que anteriormente havia adorado em Betel G\u00eanesis 12:8 e 13:3-4). H\u00e1 uma ordem: &#8220;&#8230; faze ali um altar&#8230;&#8221; (G\u00eanesis 35:1). A consci\u00eancia de que Deus vem primeiro e seu culto deve ocupar tanto a primazia quanto a centralidade da vida \u00e9 caracter\u00edstica \u00fanica daqueles que o temem. Por isso, Jac\u00f3 recebe a ordem de construir um altar ao Deus que lhe aparecera quando ele fugia da presen\u00e7a de Esa\u00fa, seu irm\u00e3o (G\u00eanesis 35:1). Para que se possa construir um altar a Deus \u00e9 preciso unidade do povo em seu desejo de cultuar ao Senhor. Deus n\u00e3o aceita cora\u00e7\u00e3o divido (Mateus 6:24). Tamb\u00e9m, para que se possa construir um altar a Deus, a iniciativa dos l\u00edderes \u00e9 bem vista. A participa\u00e7\u00e3o da lideran\u00e7a demonstra que o povo estar\u00e1 muito bem direcionado. Quando Abra\u00e3o pisou pela primeira vez a terra de Cana\u00e3, a primeira coisa que fez foi um altar (G\u00eanesis 12:7). Seguir as pegadas de Abra\u00e3o \u00e9 uma garantia de ser bem-sucedido. Como povo de Deus devemos nos preocupar em fazer tudo de acordo com o que est\u00e1 escrito (Esdras 3:2). N\u00e3o se pode fazer as coisas de qualquer jeito, mas sim seguir os princ\u00edpios que est\u00e3o &#8220;escritos na lei de Mois\u00e9s&#8221;. Essa submiss\u00e3o aos Escritos Sagrados \u00e9 a grande caracter\u00edstica do povo que adora o Deus verdadeiro. O pr\u00f3prio altar precisa ser constru\u00eddo em conformidade ao que est\u00e1 prescrito. Tamb\u00e9m precisam ser observadas de acordo com a prescri\u00e7\u00e3o, as ocasi\u00f5es dos holocaustos e o n\u00famero ordenado para cada dia (Esdras 3:3-4). O altar constru\u00eddo n\u00e3o precisa ser esplendoroso; deve ter um significado extremamente importante. Deus n\u00e3o liga para suntuosidade; o que ele deseja \u00e9 unidade, desejo verdadeiro de cultu\u00e1-lo e determina\u00e7\u00e3o.<BR><BR><STRONG>Aniversariantes<BR><BR>. Dia 2:<\/STRONG> Rodrigo Mendes.<BR><STRONG>. Dia 2:<\/STRONG> Darci Alves Queiroz.<BR><STRONG>. Dia 4:<\/STRONG> Francilene Santos Martins.<BR><STRONG>. Dia 5:<\/STRONG> Izolino L\u00facio.<BR><STRONG>. Dia 6:<\/STRONG> Nat\u00e1lia de Almeida.<BR><BR><STRONG>Escala Para As Reuni\u00f5es De Ora\u00e7\u00e3o De Agosto: Minist\u00e9rio De Evangeliza\u00e7\u00e3o E Miss\u00f5es<BR><BR><\/STRONG>As reuni\u00f5es de ora\u00e7\u00e3o este m\u00eas est\u00e3o sob a responsabilidade do Minist\u00e9rio de Evangeliza\u00e7\u00e3o e Miss\u00f5es:<BR><STRONG>. Dia 5:<\/STRONG> \u00c2ngela.<BR><STRONG>. Dia 12:<\/STRONG> Carlos Francisco.<BR><STRONG>. Dia 19:<\/STRONG> Elaine.<BR><STRONG>. Dia 26:<\/STRONG> D\u00eanis.<BR><BR><STRONG>Escala De Liturgos: Agosto \/ Setembro<BR><BR>. Dia 31:<\/STRONG> Edenir.<BR><STRONG>. Dia 7:<\/STRONG> Roberto Rachid.<BR><STRONG>. Dia 14:<\/STRONG> Nivaldo.<BR><STRONG>. Dia 21:<\/STRONG> D\u00eanis.<BR><STRONG>. Dia 28:<\/STRONG> Baptista.<BR><BR><STRONG>Escala De Di\u00e1conos De Plant\u00e3o: Agosto \/ Setembro<BR><BR>. Dia 31:<\/STRONG> Paulo e J\u00fanior.<BR><STRONG>. Dia 7:<\/STRONG> Alberto e Carlos.<BR><STRONG>. Dia 14:<\/STRONG> Davi e Hellan.<BR><STRONG>. Dia 21:<\/STRONG> Paulo e Daniel.<BR><STRONG>. Dia 28:<\/STRONG> Mauro e Davi.<BR><BR><STRONG>Escala De Recep\u00e7\u00e3o Dos Visitantes: Setembro<BR><BR>. Dia 7:<\/STRONG> coordenadora geral Rosemary, Maressa, Nice e Isa\u00edas.<BR><STRONG>. Dia 14:<\/STRONG> coordenador geral Alberto, Luciano, Juliana e L\u00facia.<BR><STRONG>. Dia 21:<\/STRONG> coordenador geral Goias\u00edres, Izabel, Fernanda e Marcos Andr\u00e9.<BR><STRONG>. Dia 28:<\/STRONG> coordenadora geral Elaine, Claudia, Vera e Margarete.<BR><BR><STRONG>Minist\u00e9rio De Ora\u00e7\u00e3o<BR><BR><\/STRONG>Semana de ora\u00e7\u00e3o, do dia 1\u00ba ao dia 5 de setembro:<BR><STRONG>. Dia 1:<\/STRONG> reverendo Pedro.<BR><STRONG>. Dia 2:<\/STRONG> presb\u00edtero Nivaldo.<BR><STRONG>. Dia 3:<\/STRONG> reverendo Geom\u00e1rio.<BR><STRONG>. Dia 4:<\/STRONG> presb\u00edtero Baptista.<BR><STRONG>. Dia 5:<\/STRONG> licenciado Carlos J\u00fanior.<BR>Venha irm\u00e3o, n\u00e3o falte sem motivo justo. Participe em nome de Jesus. Am\u00e9m!<BR><BR><STRONG>Grupos Pequenos<BR><BR><\/STRONG>Nesta ter\u00e7a-feira, dia 2 de setembro, o grupo Ebenezer reunir-se-\u00e1 na resid\u00eancia dos irm\u00e3os Manoel e Lucia, na QSD 55 casa 4. O grupo Maranata reunir-se-\u00e1 na casa do Toninho, na QR 8 conjunto 640A casa 7, Areal. Na ter\u00e7a-feira passada, dia 26 de agosto, o grupo Ebenezer teve a&nbsp; presen\u00e7a 8 pessoas, enquanto o grupo Maranata contou com 10 pessoas. Dia 9 de setembro, \u00e0s 20h, no sal\u00e3o da igreja, reuni\u00e3o dos grupos pequenos para avalia\u00e7\u00e3o e redistribui\u00e7\u00e3o.<BR><BR><STRONG>Visitantes<BR><BR><\/STRONG>Sejam bem-vindos em nome do Senhor Jesus. Nos alegramos com a sua presen\u00e7a entre n\u00f3s e desejamos que voc\u00ea desfrute da comunh\u00e3o com Deus e da nossa comunh\u00e3o. Que Deus continue derramando as suas ricas b\u00ean\u00e7\u00e3os sobre os amados!<BR><BR><STRONG>Motivos De Ora\u00e7\u00e3o<BR><BR>. Oficiais da igreja:<\/STRONG> ore em favor dos pastores, presb\u00edteros e di\u00e1conos com suas respectivas fam\u00edlias.<BR><STRONG>. Igreja:<\/STRONG> ore pela igreja, a fim de que todos os empreendimentos para a gl\u00f3ria do nosso Deus sejam concretizados.<BR><STRONG>. Brasil e DF:<\/STRONG> ore em favor do governo do nosso pa\u00eds e do Distrito Federal, tanto pelo Executivo como pelo Legislativo.<BR><STRONG>. Congrega\u00e7\u00f5es:<\/STRONG> pela planta\u00e7\u00e3o da igreja em \u00c1guas Claras e a planta\u00e7\u00e3o da igreja no Areal.<BR><STRONG>. Escola Simonton:<\/STRONG> louve a Deus pela adapta\u00e7\u00e3o das salas visando o funcionamento da 5\u00aa s\u00e9rie e cumprimento do comodato com a SECULT. Ore para obtermos recursos. Endere\u00e7o QSE 9 \u00c1rea Especial Setor &#8220;E&#8221; Sul, Taguatinga. Telefone: 356 1785.<BR><STRONG>. Centro de Treinamento de Talentos Crist\u00e3os:<\/STRONG> ore por esta iniciativa da sua igreja que visa promover maior crescimento no conhecimento e na gra\u00e7a de Jesus, para que se possa melhor servir ao Senhor da Igreja.<BR>. Jo\u00e3o Alves, Ravin, Helmer, Eber, Hadassa, Juracy e H\u00e9lio. Estejam orando por estes irm\u00e3os da Junta de Miss\u00f5es Nacionais.<BR>. Estejamos orando pela senhora Maria Portes de Souza (m\u00e3e da Schirlei), que se encontra recuperando de uma cirurgia. E que Deus possa fazer a sua vontade.<BR><BR><STRONG>Anote Em Sua Agenda<BR><BR>. Secretaria da igreja:<\/STRONG> de segunda \u00e0 sexta das 8h \u00e0s 12h e das 14h \u00e0s 18h. Telefone: 352 7649. Falar com a Elaine.<BR><STRONG>. Atendimento pastoral:<\/STRONG> ter\u00e7a-feira, das 8h \u00e0s 12h e das 14h \u00e0s 17h; quarta-feira das 8h \u00e0s 12h; quinta-feira das 8h as 12h e das 14h \u00e0s 17h; sexta-feira das 14h \u00e0s 17h.<BR><BR><STRONG>Servi\u00e7os<BR><BR><\/STRONG>Nossa irm\u00e3 Marli aceita encomendas para festas, tais como bolos, doces, salgados e pizzas. Telefone: 353 4692. E o senhor Gilson oferece seus servi\u00e7os em box e varanda, espelhos, molduras, m\u00f3veis de ferro e vidro, lapida\u00e7\u00e3o, bizot\u00ea, esquadrias de alum\u00ednio e forro PVC. Vidra\u00e7aria Ouro Branco, QN 122 conjunto 15 lote 7 loja 1, Samambaia, DF. Telefones 358 9566 e 9641 6071.<BR><BR><STRONG>Link<BR><BR><\/STRONG>A p\u00e1gina para os irm\u00e3os que desejarem ler ou copiar artigos ou estudos b\u00edblicos \u00e9 <A href=\"http:\/\/www.protestante.ubbi.com.br\/\">www.protestante.ubbi.com.br<\/A>.<BR><BR><STRONG>Curso De Educa\u00e7\u00e3o Crist\u00e3<BR><BR><\/STRONG>O Semin\u00e1rio Presbiteriano Teol\u00f3gico de Bras\u00edlia comunica que estar\u00e1 oferecendo, a partir do 2\u00ba semestre, um curso de Educa\u00e7\u00e3o Crist\u00e3 de um ano. Com inicio previsto para 28 de julho de 2003. Inscri\u00e7\u00f5es abertas. Maiores informa\u00e7\u00f5es: 244 2122.<BR><BR><STRONG>Centro De Treinamento De Talentos Crist\u00e3os<BR><BR><\/STRONG>Centro de Treinamento de Talentos Crist\u00e3os &#8211; CTTC. 17 de fevereiro a 24 de junho de 2004. Participe! Valor: 4x de R$ 75,00 &#8211; 4 disciplinas. Inscreva-se na secretaria da Igreja, telefone 352 7649.<BR><BR><STRONG>Vestibular Unificado 2004: Bacharelado Em Teologia<BR><BR><\/STRONG>Buscando a excel\u00eancia para o sagrado minist\u00e9rio. Maiores informa\u00e7\u00f5es: Semin\u00e1rio Presbiteriano de Bras\u00edlia, telefone 244 2122.<BR><BR><STRONG>Curso Para Professores De Crian\u00e7as<BR><BR><\/STRONG>O Departamento Infantil promove o Curso Introdut\u00f3rio para Professores Evangelistas de Crian\u00e7as, que ser\u00e1 ministrado pela APEC, nos dias 19 e 20 de setembro. No dia 19, sexta-feira, das 19h \u00e0s 21h30. No dia 20, s\u00e1bado, das 8h30 \u00e0s 18h. Valor: R$ 30,00, com direito a almo\u00e7o e lanche. Maiores informa\u00e7\u00f5es: Francy (telefones 356 4726 e 9624 1929), Roberto Vieira (telefones 312 8352 e 356 8219) ou Elaine, na secretaria da Igreja (telefone 352 7649).<BR><BR><STRONG>Campanha Mission\u00e1ria De Agosto<BR><BR><\/STRONG>A IPB tem o m\u00eas de agosto como o m\u00eas de miss\u00f5es. Separamos este m\u00eas para a tradicional e relevante oferta mission\u00e1ria, que todas as nossas igrejas e congrega\u00e7\u00f5es levantam em favor da Junta de Miss\u00f5es Nacionais. Participe deste projeto, com sua contribui\u00e7\u00e3o.<BR><BR><STRONG>Especializa\u00e7\u00e3o Em Minist\u00e9rios Urbanos<BR><BR><\/STRONG>Curso de 8 m\u00f3dulos que se baseia nos princ\u00edpios da teologia reformada. Informa\u00e7\u00f5es: Semin\u00e1rio Presbiteriano de Bras\u00edlia, Telefone: 242 1434 ou 244 2122. Convite afixado no mural.<BR><BR><STRONG>Reuni\u00e3o Do Conselho<BR><BR><\/STRONG>Reuni\u00e3o do Conselho nesta ter\u00e7a-feira, dia 2 de setembro \u00e0s 20h, no sal\u00e3o da igreja. Todos os presb\u00edteros est\u00e3o convocados.<BR><BR><STRONG>Espa\u00e7o Bethesda<BR><BR><\/STRONG>Manh\u00e3 da esperan\u00e7a. Todos os domingos, \u00e0s 10h15, no audit\u00f3rio do col\u00e9gio Mackenzie.<BR><BR><STRONG>2\u00aa Igreja Presbiteriana De Taguatinga<BR><BR><\/STRONG>A 2\u00aa Igreja Presbiteriana de Taguatinga convida a 3\u00aa IPT para participar dos cultos de a\u00e7\u00e3o de gra\u00e7as a Deus, em comemora\u00e7\u00e3o ao 41\u00ba anivers\u00e1rio de organiza\u00e7\u00e3o eclesi\u00e1stica e 3\u00ba ano de consagra\u00e7\u00e3o de seu novo templo. No dia 13 de setembro, \u00e0s 20h, e no dia 14, \u00e0s 9h e \u00e0s 18h30. Convite afixado no mural.<BR><BR><STRONG>Pa\u00eds alvo de nossa ora\u00e7\u00e3o e intercess\u00e3o nessa semana:<BR><BR><IMG alt=Som\u00e1lia hspace=0 src=\"http:\/\/3ipt.org.br\/wp-content\/uploads\/2018\/09\/somalia.jpg\" align=baseline border=0><BR>Som\u00e1lia<\/STRONG><\/P><\/p>\n","protected":false},"excerpt":{"rendered":"<p>Vers\u00e3o em PDF Domingo, 31 de agosto de 2003 Construindo Um Altar A Deus&#8220;&#8230; faze ali um altar ao Deus que te apareceu quando fugias da presen\u00e7a de Esa\u00fa, teu irm\u00e3o.&#8221; G\u00eanesis 35:1Devemos entender a prioridade que o culto tem na vida do povo de Deus. A constru\u00e7\u00e3o do altar para o culto a Deus&#8230;<\/p>\n","protected":false},"author":1,"featured_media":0,"comment_status":"open","ping_status":"open","sticky":false,"template":"","format":"standard","meta":{"footnotes":""},"categories":[4],"tags":[],"_links":{"self":[{"href":"https:\/\/3ipt.org.br\/site\/wp-json\/wp\/v2\/posts\/1322"}],"collection":[{"href":"https:\/\/3ipt.org.br\/site\/wp-json\/wp\/v2\/posts"}],"about":[{"href":"https:\/\/3ipt.org.br\/site\/wp-json\/wp\/v2\/types\/post"}],"author":[{"embeddable":true,"href":"https:\/\/3ipt.org.br\/site\/wp-json\/wp\/v2\/users\/1"}],"replies":[{"embeddable":true,"href":"https:\/\/3ipt.org.br\/site\/wp-json\/wp\/v2\/comments?post=1322"}],"version-history":[{"count":0,"href":"https:\/\/3ipt.org.br\/site\/wp-json\/wp\/v2\/posts\/1322\/revisions"}],"wp:attachment":[{"href":"https:\/\/3ipt.org.br\/site\/wp-json\/wp\/v2\/media?parent=1322"}],"wp:term":[{"taxonomy":"category","embeddable":true,"href":"https:\/\/3ipt.org.br\/site\/wp-json\/wp\/v2\/categories?post=1322"},{"taxonomy":"post_tag","embeddable":true,"href":"https:\/\/3ipt.org.br\/site\/wp-json\/wp\/v2\/tags?post=1322"}],"curies":[{"name":"wp","href":"https:\/\/api.w.org\/{rel}","templated":true}]}}