{"id":2260,"date":"2006-02-03T16:31:12","date_gmt":"2006-02-03T18:31:12","guid":{"rendered":"http:\/\/3ipt.org.br\/site\/sem-categoria\/pergunta-15-01-2006\/"},"modified":"2006-02-03T16:31:12","modified_gmt":"2006-02-03T18:31:12","slug":"pergunta-15-01-2006","status":"publish","type":"post","link":"https:\/\/3ipt.org.br\/site\/pergunte-ao-pastor\/pergunta-15-01-2006\/","title":{"rendered":"Pergunte ao Pastor &#8211; 15\/01\/2006"},"content":{"rendered":"<p><i>\u201cGOSTARIA DE SABER, QUANDO A B\u00cdBLIA FALA QUE JESUS MORREU PELO O MUNDO INTEIRO. ESTA PALAVRA &#8220;MUNDO&#8221; \u00c9 GENERALIZANDO O MUNDO INTEIRO? OU EXISTE VARIOS SIGNIFICADOS SOBRE ESTA PALAVRA? CASO QUEIRA MANDAR ESTA RESPOSTA PELO O CORREIO FICAREI MUITO AGRADECIDO: MEU ENDERE\u00c7O \u00c9: RUA PAULO AFONSO N\u00b0 2002 PARAISO SANTA CRUZ &#8211; RN CEP: 59200-000\u201d<\/i><\/p>\n<p>Prezado Maciel:<BR>Quando a B\u00edblia diz que Jesus morreu pelo mundo interio, a palavra &#8220;mundo&#8221; est\u00e1 sendo usada no sentido de ra\u00e7a humana ou sociedade humana. A palavra mundo tem, no Novo Testamento, pelo menos tr\u00eas significados, quais sejam: sistema de valores contr\u00e1rio a Deus,&nbsp;a natureza criada por Deus e a ra\u00e7a humana tamb\u00e9m criada por Deus.<BR>Um abra\u00e7o, Rev. Geom\u00e1rio <\/p>\n<p>Em Cristo,<br \/>Reverendo Geom\u00e1rio Moreira Carneiro<\/p>\n","protected":false},"excerpt":{"rendered":"<p>\u201cGOSTARIA DE SABER, QUANDO A B\u00cdBLIA FALA QUE JESUS MORREU PELO O MUNDO INTEIRO. ESTA PALAVRA &#8220;MUNDO&#8221; \u00c9 GENERALIZANDO O MUNDO INTEIRO? OU EXISTE VARIOS SIGNIFICADOS SOBRE ESTA PALAVRA? CASO QUEIRA MANDAR ESTA RESPOSTA PELO O CORREIO FICAREI MUITO AGRADECIDO: MEU ENDERE\u00c7O \u00c9: RUA PAULO AFONSO N\u00b0 2002 PARAISO SANTA CRUZ &#8211; RN CEP: 59200-000\u201d&#8230;<\/p>\n","protected":false},"author":1,"featured_media":0,"comment_status":"open","ping_status":"open","sticky":false,"template":"","format":"standard","meta":{"footnotes":""},"categories":[5],"tags":[],"_links":{"self":[{"href":"https:\/\/3ipt.org.br\/site\/wp-json\/wp\/v2\/posts\/2260"}],"collection":[{"href":"https:\/\/3ipt.org.br\/site\/wp-json\/wp\/v2\/posts"}],"about":[{"href":"https:\/\/3ipt.org.br\/site\/wp-json\/wp\/v2\/types\/post"}],"author":[{"embeddable":true,"href":"https:\/\/3ipt.org.br\/site\/wp-json\/wp\/v2\/users\/1"}],"replies":[{"embeddable":true,"href":"https:\/\/3ipt.org.br\/site\/wp-json\/wp\/v2\/comments?post=2260"}],"version-history":[{"count":0,"href":"https:\/\/3ipt.org.br\/site\/wp-json\/wp\/v2\/posts\/2260\/revisions"}],"wp:attachment":[{"href":"https:\/\/3ipt.org.br\/site\/wp-json\/wp\/v2\/media?parent=2260"}],"wp:term":[{"taxonomy":"category","embeddable":true,"href":"https:\/\/3ipt.org.br\/site\/wp-json\/wp\/v2\/categories?post=2260"},{"taxonomy":"post_tag","embeddable":true,"href":"https:\/\/3ipt.org.br\/site\/wp-json\/wp\/v2\/tags?post=2260"}],"curies":[{"name":"wp","href":"https:\/\/api.w.org\/{rel}","templated":true}]}}