{"id":2261,"date":"2006-02-03T16:33:09","date_gmt":"2006-02-03T18:33:09","guid":{"rendered":"http:\/\/3ipt.org.br\/site\/sem-categoria\/pergunta-21-01-2006\/"},"modified":"2006-02-03T16:33:09","modified_gmt":"2006-02-03T18:33:09","slug":"pergunta-21-01-2006","status":"publish","type":"post","link":"https:\/\/3ipt.org.br\/site\/pergunte-ao-pastor\/pergunta-21-01-2006\/","title":{"rendered":"Pergunte ao Pastor &#8211; 21\/01\/2006"},"content":{"rendered":"<p><i>\u201cA paz, pastor, eu e meu marido nos convertemos na igreja presbiteriana a tr\u00eas anos atr\u00e1s. Meu marido sentiu no cora\u00e7\u00e3o a vontade de fazer teologia. Como o semin\u00e1rio da Presbiteriana \u00e9 presencial e n\u00e3o tinha como ele se ausentar por tempo integral, ele resolveu fazer o semin\u00e1rio pela igreja Batista Nacional, onde ele pode ir a cada seis meses e fica apenas por uma semana. Quando ele voltou da segunda jornada com sede de sair p evangelizar, n\u00e3o teve o apoio da igreja e foi p igreja batista. No in\u00edcio eu e meus filhos continuamos na presbiteriana, mas o relacionamento em casa estava muito dif\u00edcil e acabamos todos indo pra l\u00e1. Ele j\u00e1 est\u00e1 a um ano, eu e meus filhos estamos a 6 meses, mas nem eu nem as crian\u00e7as nos acostumamos com essa mudan\u00e7a. O que devo fazer? Sinto muita falta da minha outra familia, o pastor n\u00e3o permite que eu visite a igreja. N\u00e3o estou feliz l\u00e1, tentei mas t\u00e1 dif\u00edcil. \u201d<\/i><\/p>\n<p>Querida Iara:<BR>Gra\u00e7a e Paz!Fiquei feliz pelo seu e mail, especialemte quando voc\u00ea fala da sua convers\u00e3o e da do seu marido na Igreja Presbiteriana h\u00e1 tr\u00eas anos. Tamb\u00e9m me alegrou o cora\u00e7\u00e3o o fato de seu marido estar fazendo teologia. Mas n\u00e3o sei onde voc\u00ea reside e nem qual o semin\u00e1rio presbiteriano mais pr\u00f3ximo na sua cidade. Lamento que ele n\u00e3o tenham tido o apoio da sua igreja local e tenha mudado de denomina\u00e7\u00e3o. Mas, a minha orietan\u00e7\u00e3o&nbsp;\u00e9 que voc\u00eas devem orar a Deus pedindo a ele orienta\u00e7\u00e3o quanto as decis\u00f5es a tomar. Procure tamb\u00e9m o pastor da igreja presbiteriana e o da igreja batista local para melhor orienta\u00e7\u00e3o quanto ao assunto. Qualquer orienta\u00e7\u00e3o que voc\u00ea ainda precise de mim pode dirigir-se ao endere\u00e7o da nossa p\u00e1gina na internet. Estou orando por voc\u00ea para que este problema seja resolvido.<BR>Um abra\u00e7o Rev.<br \/>\n Geom\u00e1rio<\/p>\n<p>a gra\u00e7a e paz<\/p>\n<p>Um abra\u00e7o, Rev. Geom\u00e1rio<\/p>\n<p>Em Cristo,<br \/>Reverendo Geom\u00e1rio Moreira Carneiro<\/p>\n","protected":false},"excerpt":{"rendered":"<p>\u201cA paz, pastor, eu e meu marido nos convertemos na igreja presbiteriana a tr\u00eas anos atr\u00e1s. Meu marido sentiu no cora\u00e7\u00e3o a vontade de fazer teologia. Como o semin\u00e1rio da Presbiteriana \u00e9 presencial e n\u00e3o tinha como ele se ausentar por tempo integral, ele resolveu fazer o semin\u00e1rio pela igreja Batista Nacional, onde ele pode&#8230;<\/p>\n","protected":false},"author":1,"featured_media":0,"comment_status":"open","ping_status":"open","sticky":false,"template":"","format":"standard","meta":{"footnotes":""},"categories":[5],"tags":[],"_links":{"self":[{"href":"https:\/\/3ipt.org.br\/site\/wp-json\/wp\/v2\/posts\/2261"}],"collection":[{"href":"https:\/\/3ipt.org.br\/site\/wp-json\/wp\/v2\/posts"}],"about":[{"href":"https:\/\/3ipt.org.br\/site\/wp-json\/wp\/v2\/types\/post"}],"author":[{"embeddable":true,"href":"https:\/\/3ipt.org.br\/site\/wp-json\/wp\/v2\/users\/1"}],"replies":[{"embeddable":true,"href":"https:\/\/3ipt.org.br\/site\/wp-json\/wp\/v2\/comments?post=2261"}],"version-history":[{"count":0,"href":"https:\/\/3ipt.org.br\/site\/wp-json\/wp\/v2\/posts\/2261\/revisions"}],"wp:attachment":[{"href":"https:\/\/3ipt.org.br\/site\/wp-json\/wp\/v2\/media?parent=2261"}],"wp:term":[{"taxonomy":"category","embeddable":true,"href":"https:\/\/3ipt.org.br\/site\/wp-json\/wp\/v2\/categories?post=2261"},{"taxonomy":"post_tag","embeddable":true,"href":"https:\/\/3ipt.org.br\/site\/wp-json\/wp\/v2\/tags?post=2261"}],"curies":[{"name":"wp","href":"https:\/\/api.w.org\/{rel}","templated":true}]}}