{"id":2394,"date":"2014-03-05T21:03:24","date_gmt":"2014-03-06T00:03:24","guid":{"rendered":"http:\/\/3ipt.org.br\/site\/sem-categoria\/pergunta-04-03-2014\/"},"modified":"2014-03-05T21:03:24","modified_gmt":"2014-03-06T00:03:24","slug":"pergunta-04-03-2014","status":"publish","type":"post","link":"https:\/\/3ipt.org.br\/site\/pergunte-ao-pastor\/pergunta-04-03-2014\/","title":{"rendered":"Pergunte ao Pastor &#8211; 04\/03\/2014"},"content":{"rendered":"<p><i>\u201cPastor, gra\u00e7a e paz!<br \/>\nSou crist\u00e3 e solteira, j\u00e1 fiz 30 anos e n\u00e3o casei pelas circunst\u00e2ncias da vida, ou seja, \u00e9 algo que eu quis mas n\u00e3o aconteceu, assim como acontece com muitas de nossas irm\u00e3s. Por\u00e9m sempre tive a vontade de adotar uma crian\u00e7a e anseio por realizar esta vontade.<br \/>\nH\u00e1 algum problema ou restri\u00e7\u00e3o b\u00edblica para que eu o fa\u00e7a?\u201d<\/i><\/p>\n<p>\t\t\t\t\tCaro An&ocirc;nimo,<\/p>\n<p>\t\t\t\t\tGra&ccedil;a e Paz!<\/p>\n<p>\t\t\t\t\tN&atilde;o h&aacute;&nbsp;nada de errado em ser crist&atilde; e solteira aos 30. Nessa idade voc&ecirc; ainda poder&aacute; se casar e ter filhos. Se voc&ecirc; continuar interessada em casamento poder&aacute; ser que voc&ecirc; encontre a pessoa desejada. Quanto a ado&ccedil;&atilde;o de uma crian&ccedil;a,&nbsp;n&atilde;o h&aacute; problema nem restri&ccedil;&atilde;o b&iacute;blica para que voc&ecirc; o fa&ccedil;a. A legisla&ccedil;&atilde;o brasileira &eacute; que pode trazer algum entrave. Eu n&atilde;o a conhe&ccedil;o.<\/p>\n<p>\t\t\t\t\tQue Deus te ajude!<\/p>\n<p>\t\t\t\t\tAbra&ccedil;o.<\/p>\n<p>\t\t\t\t\tRev. Geom&aacute;rio&nbsp;\n<\/p>\n<p>Em Cristo,<br \/>Reverendo Geom\u00e1rio Moreira Carneiro<\/p>\n","protected":false},"excerpt":{"rendered":"<p>\u201cPastor, gra\u00e7a e paz! Sou crist\u00e3 e solteira, j\u00e1 fiz 30 anos e n\u00e3o casei pelas circunst\u00e2ncias da vida, ou seja, \u00e9 algo que eu quis mas n\u00e3o aconteceu, assim como acontece com muitas de nossas irm\u00e3s. Por\u00e9m sempre tive a vontade de adotar uma crian\u00e7a e anseio por realizar esta vontade. H\u00e1 algum problema&#8230;<\/p>\n","protected":false},"author":1,"featured_media":0,"comment_status":"open","ping_status":"open","sticky":false,"template":"","format":"standard","meta":{"footnotes":""},"categories":[5],"tags":[],"_links":{"self":[{"href":"https:\/\/3ipt.org.br\/site\/wp-json\/wp\/v2\/posts\/2394"}],"collection":[{"href":"https:\/\/3ipt.org.br\/site\/wp-json\/wp\/v2\/posts"}],"about":[{"href":"https:\/\/3ipt.org.br\/site\/wp-json\/wp\/v2\/types\/post"}],"author":[{"embeddable":true,"href":"https:\/\/3ipt.org.br\/site\/wp-json\/wp\/v2\/users\/1"}],"replies":[{"embeddable":true,"href":"https:\/\/3ipt.org.br\/site\/wp-json\/wp\/v2\/comments?post=2394"}],"version-history":[{"count":0,"href":"https:\/\/3ipt.org.br\/site\/wp-json\/wp\/v2\/posts\/2394\/revisions"}],"wp:attachment":[{"href":"https:\/\/3ipt.org.br\/site\/wp-json\/wp\/v2\/media?parent=2394"}],"wp:term":[{"taxonomy":"category","embeddable":true,"href":"https:\/\/3ipt.org.br\/site\/wp-json\/wp\/v2\/categories?post=2394"},{"taxonomy":"post_tag","embeddable":true,"href":"https:\/\/3ipt.org.br\/site\/wp-json\/wp\/v2\/tags?post=2394"}],"curies":[{"name":"wp","href":"https:\/\/api.w.org\/{rel}","templated":true}]}}