{"id":2663,"date":"2020-05-14T09:08:20","date_gmt":"2020-05-14T12:08:20","guid":{"rendered":"http:\/\/3ipt.org.br\/site\/?p=2663"},"modified":"2020-05-14T09:08:36","modified_gmt":"2020-05-14T12:08:36","slug":"oba","status":"publish","type":"post","link":"https:\/\/3ipt.org.br\/site\/pastorais\/oba\/","title":{"rendered":"OBA!!!"},"content":{"rendered":"\n<p>Ao passar na frente do nosso aparelho de TV, pensei comigo: Se ligar esta coisa, ouvirei um bando de jornalistas pronunciando as seguintes palavras: \u201ccoronav\u00edrus, m\u00e1scaras, Jair Bolsonaro, isolamento, covid, leitos de UTI, n\u00famero de mortos, n\u00famero de infectados, quarentena, STF, n\u00famero de pacientes na UTI, Presidente da Rep\u00fablica, quarentena, ainda n\u00e3o tem vacina, n\u00e3o h\u00e1 rem\u00e9dio com efic\u00e1cia comprovada, etc, etc, etc\u201d. Ent\u00e3o, conclu\u00ed: fora das Escrituras Sagradas, n\u00e3o existem palavras que tragam esperan\u00e7a para os angustiados e aflitos. Ent\u00e3o me lembrei do profeta Isa\u00edas e do ap\u00f3stolo Paulo, que exerceram seus respectivos minist\u00e9rios em \u00e9pocas de afli\u00e7\u00f5es e ang\u00fastias. Um dos temas do profeta foi e \u00e9: \u201cO livramento de Deus\u201d. Isa\u00edas nos diz: \u201cO SENHOR Deus me ensina o que devo dizer a fim de animar os que est\u00e3o cansados\u201d (Is. 50:4). Entre suas muitas palavras de \u00e2nimo, cito uma para seu conforto: \u201cPorque eu, o SENHOR, teu Deus, te tomo pela tua m\u00e3o direita e te digo: N\u00e3o temas, que eu te ajudo\u201d (Is. 41:13). J\u00e1 o ap\u00f3stolo Paulo, exerceu seu apostolado durante o despotismo do Imp\u00e9rio Romano e passou por in\u00fameros situa\u00e7\u00f5es perigosas. Em sua Segunda Carta aos Cor\u00edntios ele escreveu: \u201cNas muitas viagens que fiz, tenho estado em perigos de inunda\u00e7\u00f5es e de ladr\u00f5es; em perigos causados pelos meus patr\u00edcios, os judeus, e tamb\u00e9m pelos n\u00e3o-judeus. Tenho estado no meio de perigos nas cidades, nos desertos e em alto mar; e tamb\u00e9m em perigos causados por falsos irm\u00e3os\u201d (2 Co. 11:26). Na mesma carta, 7:5, relatou: \u201cEm tudo fomos atribulados: lutas por fora, temores por dentro.\u201d Em At. 14:19ss, h\u00e1 o registro de apedrejamento que Paulo sofreu. Apesar disso, continuou seu minist\u00e9rio \u201cfortalecendo a alma dos disc\u00edpulos, exortando-os a permanecer firmes na f\u00e9; e mostrando que, atrav\u00e9s de muitas tribula\u00e7\u00f5es, nos importa entrar no reino de Deus\u201d (At. 14:22). Queridos amigos e amigas: fora das Escrituras Sagradas n\u00e3o existem palavras de conforto. \u00c9 na Palavra de Deus que voc\u00ea encontra uma mensagem de f\u00e9, de esperan\u00e7a e de amor. Ainda n\u00e3o existe vacina, nem tratamento cientificamente comprovado para curar o COVID-19. Mas voc\u00ea tem a m\u00e3o os recursos que podem ser definidos em uma exultante exclama\u00e7\u00e3o: OBA! (Ora\u00e7\u00e3o, B\u00edblia e Adora\u00e7\u00e3o).<\/p>\n\n\n\n<p>Com amor \u2013 pastor Jos\u00e9 Loures.<\/p>\n","protected":false},"excerpt":{"rendered":"<p>Ao passar na frente do nosso aparelho de TV, pensei comigo: Se ligar esta coisa, ouvirei um bando de jornalistas pronunciando as seguintes palavras: \u201ccoronav\u00edrus, m\u00e1scaras, Jair Bolsonaro, isolamento, covid, leitos de UTI, n\u00famero de mortos, n\u00famero de infectados, quarentena, STF, n\u00famero de pacientes na UTI, Presidente da Rep\u00fablica, quarentena, ainda n\u00e3o tem vacina, n\u00e3o&#8230;<\/p>\n","protected":false},"author":1,"featured_media":0,"comment_status":"open","ping_status":"open","sticky":false,"template":"","format":"standard","meta":{"footnotes":""},"categories":[8],"tags":[],"_links":{"self":[{"href":"https:\/\/3ipt.org.br\/site\/wp-json\/wp\/v2\/posts\/2663"}],"collection":[{"href":"https:\/\/3ipt.org.br\/site\/wp-json\/wp\/v2\/posts"}],"about":[{"href":"https:\/\/3ipt.org.br\/site\/wp-json\/wp\/v2\/types\/post"}],"author":[{"embeddable":true,"href":"https:\/\/3ipt.org.br\/site\/wp-json\/wp\/v2\/users\/1"}],"replies":[{"embeddable":true,"href":"https:\/\/3ipt.org.br\/site\/wp-json\/wp\/v2\/comments?post=2663"}],"version-history":[{"count":1,"href":"https:\/\/3ipt.org.br\/site\/wp-json\/wp\/v2\/posts\/2663\/revisions"}],"predecessor-version":[{"id":2664,"href":"https:\/\/3ipt.org.br\/site\/wp-json\/wp\/v2\/posts\/2663\/revisions\/2664"}],"wp:attachment":[{"href":"https:\/\/3ipt.org.br\/site\/wp-json\/wp\/v2\/media?parent=2663"}],"wp:term":[{"taxonomy":"category","embeddable":true,"href":"https:\/\/3ipt.org.br\/site\/wp-json\/wp\/v2\/categories?post=2663"},{"taxonomy":"post_tag","embeddable":true,"href":"https:\/\/3ipt.org.br\/site\/wp-json\/wp\/v2\/tags?post=2663"}],"curies":[{"name":"wp","href":"https:\/\/api.w.org\/{rel}","templated":true}]}}