{"id":2677,"date":"2020-05-20T08:53:17","date_gmt":"2020-05-20T11:53:17","guid":{"rendered":"http:\/\/3ipt.org.br\/site\/?p=2677"},"modified":"2020-05-20T08:53:26","modified_gmt":"2020-05-20T11:53:26","slug":"a-cura-dos-povos","status":"publish","type":"post","link":"https:\/\/3ipt.org.br\/site\/pastorais\/a-cura-dos-povos\/","title":{"rendered":"A Cura dos Povos"},"content":{"rendered":"\n<p>\u201cBendize, \u00f3 minha alma, ao SENHOR. Que todo o meu ser te louve\u201d (Sl. 103:1, ARA e NTLH). A totalidade da nossa vida deve ser dedicada ao louvor e adora\u00e7\u00e3o a Deus. Este vers\u00edculo me faz pensar na cerim\u00f4nia de consagra\u00e7\u00e3o dos sacerdotes Ara\u00f4nicos. Mois\u00e9s imolou o carneiro da ordena\u00e7\u00e3o dos sacerdotes, \u201ctomou do seu sangue, e o p\u00f4s sobre a ponta da orelha direita de Ar\u00e3o e sobre o polegar da sua m\u00e3o direita, e sobre o polegar do seu p\u00e9 direito\u201d, e na sequ\u00eancia fez a mesma coisa com os filhos dele (Lv. 8:22-24). O significado dessa cerimonia \u00e9 claro: todo o ser do sacerdote deveria ser consagrado ao servi\u00e7o do Senhor. Hoje, a totalidade do povo de Deus \u00e9 composta de sacerdotes: \u201cV\u00f3s, por\u00e9m, sois ra\u00e7a eleita, sacerd\u00f3cio real, na\u00e7\u00e3o santa, povo de propriedade exclusiva de Deus\u201d (1 Pe. 2:9). \u201cTodo o meu ser n\u00e3o considero meu, Quero gast\u00e1-lo no servi\u00e7o teu\u201d (NC, 67). Voltemos ao texto e tema. Ap\u00f3s dizer que todo o nosso ser deve louvar e bendizer a Deus, o salmista diz tamb\u00e9m que n\u00e3o devemos esquecer de nenhum dos muitos benef\u00edcios que recebemos das graciosas e poderosas m\u00e3os de Deus (v. 2). Entre tais benef\u00edcios destacamos a satisfa\u00e7\u00e3o de nossas necessidades prim\u00e1rias: a \u00e1gua que nos hidrata e higieniza, o p\u00e3o que nos alimenta, o teto para nos abrigar, a roupa para nos agasalhar, e o resto deixo por conta de sua imagina\u00e7\u00e3o. Neste belo c\u00e2ntico o salmista destaca ainda que \u00e9 Deus que perdoa as nossas iniquidades e sara todas as nossas enfermidades (v. 3). Este v. 3 me lan\u00e7a para o Livro de Apocalipse 22:2, que nos apresenta a \u00e1rvore da vida dizendo que suas folhas \u201cs\u00e3o para a cura dos povos\u201d. Que coisa maravilhosa meus queridos amigos e amigas. No jardim do \u00c9den, fomos mortalmente contaminados pelo v\u00edrus da desobedi\u00eancia a Deus, que a B\u00edblia define como pecado. No jardim do \u00c9den ficamos doentes, no jardim de Deus, encontramos a cura. No \u00c9den perdemos tudo, no Jardim de Deus reencontramos tudo. No \u00c9den, a \u00e1rvore da vida se tornou proibida para n\u00f3s. Lemos em Gn. 3:22-24 que para evitar que o homem tomasse do fruto da \u00e1rvore da vida para comer, o SENHOR Deus o expulsou do jardim do \u00c9den. E ap\u00f3s a expuls\u00e3o, Deus colocou \u201cquerubins e uma espada de fogo que dava voltas em todas as dire\u00e7\u00f5es. Deus fez isso para que ningu\u00e9m chegasse perto da \u00e1rvore da vida\u201d. Mas agora, no Jardim de Deus, o caminho est\u00e1 livre. E para indicar a plenitude da vida, ou a vida abundante e feliz, a \u00e1rvore produz o seu fruto de m\u00eas em m\u00eas, e suas benditas folhas s\u00e3o \u201cpara a cura dos povos\u201d. Realmente, devemos consagrar a Deus todo o nosso ser. Louvai-O sempre!<\/p>\n\n\n\n<p>Com amor \u2013 pastor Jos\u00e9 Loures.<\/p>\n","protected":false},"excerpt":{"rendered":"<p>\u201cBendize, \u00f3 minha alma, ao SENHOR. Que todo o meu ser te louve\u201d (Sl. 103:1, ARA e NTLH). A totalidade da nossa vida deve ser dedicada ao louvor e adora\u00e7\u00e3o a Deus. Este vers\u00edculo me faz pensar na cerim\u00f4nia de consagra\u00e7\u00e3o dos sacerdotes Ara\u00f4nicos. Mois\u00e9s imolou o carneiro da ordena\u00e7\u00e3o dos sacerdotes, \u201ctomou do seu&#8230;<\/p>\n","protected":false},"author":1,"featured_media":0,"comment_status":"open","ping_status":"open","sticky":false,"template":"","format":"standard","meta":{"footnotes":""},"categories":[8],"tags":[],"_links":{"self":[{"href":"https:\/\/3ipt.org.br\/site\/wp-json\/wp\/v2\/posts\/2677"}],"collection":[{"href":"https:\/\/3ipt.org.br\/site\/wp-json\/wp\/v2\/posts"}],"about":[{"href":"https:\/\/3ipt.org.br\/site\/wp-json\/wp\/v2\/types\/post"}],"author":[{"embeddable":true,"href":"https:\/\/3ipt.org.br\/site\/wp-json\/wp\/v2\/users\/1"}],"replies":[{"embeddable":true,"href":"https:\/\/3ipt.org.br\/site\/wp-json\/wp\/v2\/comments?post=2677"}],"version-history":[{"count":1,"href":"https:\/\/3ipt.org.br\/site\/wp-json\/wp\/v2\/posts\/2677\/revisions"}],"predecessor-version":[{"id":2678,"href":"https:\/\/3ipt.org.br\/site\/wp-json\/wp\/v2\/posts\/2677\/revisions\/2678"}],"wp:attachment":[{"href":"https:\/\/3ipt.org.br\/site\/wp-json\/wp\/v2\/media?parent=2677"}],"wp:term":[{"taxonomy":"category","embeddable":true,"href":"https:\/\/3ipt.org.br\/site\/wp-json\/wp\/v2\/categories?post=2677"},{"taxonomy":"post_tag","embeddable":true,"href":"https:\/\/3ipt.org.br\/site\/wp-json\/wp\/v2\/tags?post=2677"}],"curies":[{"name":"wp","href":"https:\/\/api.w.org\/{rel}","templated":true}]}}