{"id":2692,"date":"2020-05-27T08:58:11","date_gmt":"2020-05-27T11:58:11","guid":{"rendered":"http:\/\/3ipt.org.br\/site\/?p=2692"},"modified":"2020-05-27T08:58:19","modified_gmt":"2020-05-27T11:58:19","slug":"a-bencao-suprema","status":"publish","type":"post","link":"https:\/\/3ipt.org.br\/site\/pastorais\/a-bencao-suprema\/","title":{"rendered":"A B\u00ean\u00e7\u00e3o Suprema"},"content":{"rendered":"\n<p>O perd\u00e3o que recebemos de Deus \u00e9 a b\u00ean\u00e7\u00e3o que est\u00e1 acima de todas as outras. O perd\u00e3o Dele nos justifica, e como consequ\u00eancia da justifica\u00e7\u00e3o, temos paz com Ele; e essa paz por sua vez, se traduz em sa\u00fade, vigor, vitalidade espiritual, vida eterna. A paz decorrente do perd\u00e3o garante a sa\u00fade para a alma, que supera a sa\u00fade do corpo, pois \u00e9 uma garantia de eterna juventude nos c\u00e9us. E o perd\u00e3o que Deus nos oferece \u00e9 t\u00e3o amplo, t\u00e3o abrangente e irrestrito que o salmista Davi o descreve em doce linguagem po\u00e9tica: \u201cQuanto o Oriente est\u00e1 longe do Ocidente, assim ele afasta de n\u00f3s os nossos pecados\u201d (Sl. 103:12). Neste belo hino \u00e0 bondade, gra\u00e7a e miseric\u00f3rdia de Deus, Davi nos diz que o perd\u00e3o de Deus alcan\u00e7a os c\u00e9us e nos leva para l\u00e1. Trata-se de uma b\u00ean\u00e7\u00e3o da gra\u00e7a, pois \u00e9 concedido mediante a morte do Senhor Jesus Cristo, e quem neste mundo conseguiria ser suficientemente bom, a ponto de merecer uma \u00fanica gota do precioso e poderoso carmesim? O profeta Miqueias descreve o perd\u00e3o de Deus dizendo que em sua compaix\u00e3o, Deus, \u201cjogar\u00e1 os nossos pecados no fundo do mar\u201d (7:19). O perd\u00e3o de Deus \u00e9 a suprema b\u00ean\u00e7\u00e3o que est\u00e1 ao alcance de todo aquele que a pedir. Pediu em sincero arrependimento? Pronto! O pecado foi lan\u00e7ado a milhares de quil\u00f4metros de profundidade. Agora, o sentimento de culpa n\u00e3o deve ser usado como tralha para trazer o pecado de volta \u00e0 superf\u00edcie. N\u00e3o, n\u00e3o e n\u00e3o! O sentimento de culpa deve ser usado simplesmente como meio de transporte par anos levar \u00e0 cruz, onde recebemos o comprovante de quita\u00e7\u00e3o da impag\u00e1vel d\u00edvida. Todos n\u00f3s pecamos. Infelizmente, todos os dias! Mas em Cristo, Deus nos concede a suprema b\u00ean\u00e7\u00e3o e diz ao arrependido que clama pedindo perd\u00e3o: \u201cPois eu perdoarei os seus pecados e nunca mais lembrarei das suas maldades\u201d (Hb. 8:12); lan\u00e7\u00e1-los-ei nas profundezas dos mares. Isso descreve o eterno amor de Deus para com os pecadores. E com amor, este seu conservo, pastor Loures, escreve estas linhas. Um forte e fraterno abra\u00e7o!<\/p>\n","protected":false},"excerpt":{"rendered":"<p>O perd\u00e3o que recebemos de Deus \u00e9 a b\u00ean\u00e7\u00e3o que est\u00e1 acima de todas as outras. O perd\u00e3o Dele nos justifica, e como consequ\u00eancia da justifica\u00e7\u00e3o, temos paz com Ele; e essa paz por sua vez, se traduz em sa\u00fade, vigor, vitalidade espiritual, vida eterna. A paz decorrente do perd\u00e3o garante a sa\u00fade para a&#8230;<\/p>\n","protected":false},"author":1,"featured_media":0,"comment_status":"open","ping_status":"open","sticky":false,"template":"","format":"standard","meta":{"footnotes":""},"categories":[8],"tags":[],"_links":{"self":[{"href":"https:\/\/3ipt.org.br\/site\/wp-json\/wp\/v2\/posts\/2692"}],"collection":[{"href":"https:\/\/3ipt.org.br\/site\/wp-json\/wp\/v2\/posts"}],"about":[{"href":"https:\/\/3ipt.org.br\/site\/wp-json\/wp\/v2\/types\/post"}],"author":[{"embeddable":true,"href":"https:\/\/3ipt.org.br\/site\/wp-json\/wp\/v2\/users\/1"}],"replies":[{"embeddable":true,"href":"https:\/\/3ipt.org.br\/site\/wp-json\/wp\/v2\/comments?post=2692"}],"version-history":[{"count":1,"href":"https:\/\/3ipt.org.br\/site\/wp-json\/wp\/v2\/posts\/2692\/revisions"}],"predecessor-version":[{"id":2693,"href":"https:\/\/3ipt.org.br\/site\/wp-json\/wp\/v2\/posts\/2692\/revisions\/2693"}],"wp:attachment":[{"href":"https:\/\/3ipt.org.br\/site\/wp-json\/wp\/v2\/media?parent=2692"}],"wp:term":[{"taxonomy":"category","embeddable":true,"href":"https:\/\/3ipt.org.br\/site\/wp-json\/wp\/v2\/categories?post=2692"},{"taxonomy":"post_tag","embeddable":true,"href":"https:\/\/3ipt.org.br\/site\/wp-json\/wp\/v2\/tags?post=2692"}],"curies":[{"name":"wp","href":"https:\/\/api.w.org\/{rel}","templated":true}]}}