{"id":3879,"date":"2022-08-27T16:44:23","date_gmt":"2022-08-27T19:44:23","guid":{"rendered":"https:\/\/3ipt.org.br\/site\/?p=3879"},"modified":"2022-08-27T16:44:27","modified_gmt":"2022-08-27T19:44:27","slug":"clero-catolico","status":"publish","type":"post","link":"https:\/\/3ipt.org.br\/site\/pergunte-ao-pastor\/clero-catolico\/","title":{"rendered":"Clero Cat\u00f3lico"},"content":{"rendered":"\n<blockquote class=\"wp-block-quote is-layout-flow wp-block-quote-is-layout-flow\"><p>Meu nome \u00e9 R., sou crist\u00e3o. Tenho conhecimento acerca do catolicismo, mas pouco das religi\u00f5es diversas\u2026\u00a0Queria saber qual a base b\u00edblica e \/ ou teol\u00f3gica para os protestantes n\u00e3o acreditarem no clero e o motivo de n\u00e3o crerem na confiss\u00e3o. Obrigado.<\/p><\/blockquote>\n\n\n\n<p>Ol\u00e1,<br>Os protestantes n\u00e3o acreditam no clero cat\u00f3lico. Mas os protestantes tamb\u00e9m t\u00eam o seu respectivo clero. Tamb\u00e9m os protestantes n\u00e3o cr\u00eaem na confiss\u00e3o auricular. Mas os protestantes cr\u00eaem na confiss\u00e3o como meio para s\u00faplica do perd\u00e3o dos pecados.\u00a0<br>Aqui \u00e0s ordens. Abra\u00e7o.<\/p>\n\n\n\n<p>Reverendo Geom\u00e1rio Carneiro<\/p>\n","protected":false},"excerpt":{"rendered":"<p>Meu nome \u00e9 R., sou crist\u00e3o. Tenho conhecimento acerca do catolicismo, mas pouco das religi\u00f5es diversas\u2026\u00a0Queria saber qual a base b\u00edblica e \/ ou teol\u00f3gica para os protestantes n\u00e3o acreditarem no clero e o motivo de n\u00e3o crerem na confiss\u00e3o. Obrigado. Ol\u00e1,Os protestantes n\u00e3o acreditam no clero cat\u00f3lico. Mas os protestantes tamb\u00e9m t\u00eam o seu&#8230;<\/p>\n","protected":false},"author":1,"featured_media":0,"comment_status":"open","ping_status":"open","sticky":false,"template":"","format":"standard","meta":{"footnotes":""},"categories":[5],"tags":[],"_links":{"self":[{"href":"https:\/\/3ipt.org.br\/site\/wp-json\/wp\/v2\/posts\/3879"}],"collection":[{"href":"https:\/\/3ipt.org.br\/site\/wp-json\/wp\/v2\/posts"}],"about":[{"href":"https:\/\/3ipt.org.br\/site\/wp-json\/wp\/v2\/types\/post"}],"author":[{"embeddable":true,"href":"https:\/\/3ipt.org.br\/site\/wp-json\/wp\/v2\/users\/1"}],"replies":[{"embeddable":true,"href":"https:\/\/3ipt.org.br\/site\/wp-json\/wp\/v2\/comments?post=3879"}],"version-history":[{"count":1,"href":"https:\/\/3ipt.org.br\/site\/wp-json\/wp\/v2\/posts\/3879\/revisions"}],"predecessor-version":[{"id":3880,"href":"https:\/\/3ipt.org.br\/site\/wp-json\/wp\/v2\/posts\/3879\/revisions\/3880"}],"wp:attachment":[{"href":"https:\/\/3ipt.org.br\/site\/wp-json\/wp\/v2\/media?parent=3879"}],"wp:term":[{"taxonomy":"category","embeddable":true,"href":"https:\/\/3ipt.org.br\/site\/wp-json\/wp\/v2\/categories?post=3879"},{"taxonomy":"post_tag","embeddable":true,"href":"https:\/\/3ipt.org.br\/site\/wp-json\/wp\/v2\/tags?post=3879"}],"curies":[{"name":"wp","href":"https:\/\/api.w.org\/{rel}","templated":true}]}}