{"id":4454,"date":"2024-08-09T10:46:40","date_gmt":"2024-08-09T13:46:40","guid":{"rendered":"https:\/\/3ipt.org.br\/site\/?p=4454"},"modified":"2024-08-09T10:46:52","modified_gmt":"2024-08-09T13:46:52","slug":"fe-para-ouvir-o-clamor-das-pedras","status":"publish","type":"post","link":"https:\/\/3ipt.org.br\/site\/pastorais\/fe-para-ouvir-o-clamor-das-pedras\/","title":{"rendered":"F\u00e9 para ouvir o clamor das pedras"},"content":{"rendered":"\n<blockquote class=\"wp-block-quote is-layout-flow wp-block-quote-is-layout-flow\">\n<p>\u201cAs pr\u00f3prias pedras clamar\u00e3o.\u201d<br>Lucas 19:40<\/p>\n<\/blockquote>\n\n\n\n<p>J\u00e1 ouvi ateus dizendo: \u201cEu n\u00e3o acredito na hist\u00f3ria do templo de Salom\u00e3o. Naquele tempo n\u00e3o havia tecnologia para construir algo com a grandeza e esplendores descritos.\u201d Diante de tal declara\u00e7\u00e3o me ponho a pensar na pir\u00e2mide Qu\u00e9ops. Dif\u00edcil imaginar como foram criadas h\u00e1 s\u00e9culos e mais s\u00e9culos atr\u00e1s. Mais de dois milh\u00f5es de blocos de pedras, que pesam mais de duas toneladas cada um. E segundo os conhecedores da fa\u00e7anha, h\u00e1 blocos que pesam at\u00e9 sessenta toneladas. Se o tempo, terremotos ou eros\u00f5es a tivessem destru\u00eddo e s\u00f3 existisse nos registros b\u00edblicos, os ateus apresentariam \u201cprovas cient\u00edficas\u201d para negar que um dia existiram. No Muro das Lamenta\u00e7\u00f5es em Jerusal\u00e9m h\u00e1 uma pedra com 13,60m de comprimento e que pesa centenas de toneladas. Os arque\u00f3logos dizem que essa pedra faz parte das constru\u00e7\u00f5es do rei Herodes, no primeiro s\u00e9culo antes de Cristo. (os dados sobre dimens\u00f5es, pesos e datas foram encontrados mediante pesquisa no Google.) Havia no tempo daquele monarca tecnologia para transportar e assentar uma pedra t\u00e3o grande? A presen\u00e7a dela naquele local responde que sim. Mas ela n\u00e3o explica que instrumentos Herodes utilizou. Se voc\u00ea comparar a pir\u00e2mide de Qu\u00e9ops com a do templo de Salom\u00e3o, ver\u00e1 que as dimens\u00f5es daquela s\u00e3o muito superiores a este. Voltando ao Muro das Lamenta\u00e7\u00f5es, das entranhas da pedra citada ouve-se o silencioso clamor que se dirige aos ateus: \u201cEu n\u00e3o posso falar, mas clamo atrav\u00e9s da minha presen\u00e7a aqui: N\u00e3o sejam incr\u00e9dulos, sejam crentes!\u201d<\/p>\n\n\n\n<p>No amor do bondoso Redentor \u2013 pastor Jos\u00e9 Loures.<\/p>\n","protected":false},"excerpt":{"rendered":"<p>\u201cAs pr\u00f3prias pedras clamar\u00e3o.\u201dLucas 19:40 J\u00e1 ouvi ateus dizendo: \u201cEu n\u00e3o acredito na hist\u00f3ria do templo de Salom\u00e3o. Naquele tempo n\u00e3o havia tecnologia para construir algo com a grandeza e esplendores descritos.\u201d Diante de tal declara\u00e7\u00e3o me ponho a pensar na pir\u00e2mide Qu\u00e9ops. Dif\u00edcil imaginar como foram criadas h\u00e1 s\u00e9culos e mais s\u00e9culos atr\u00e1s. Mais&#8230;<\/p>\n","protected":false},"author":1,"featured_media":0,"comment_status":"open","ping_status":"open","sticky":false,"template":"","format":"standard","meta":{"footnotes":""},"categories":[8],"tags":[],"_links":{"self":[{"href":"https:\/\/3ipt.org.br\/site\/wp-json\/wp\/v2\/posts\/4454"}],"collection":[{"href":"https:\/\/3ipt.org.br\/site\/wp-json\/wp\/v2\/posts"}],"about":[{"href":"https:\/\/3ipt.org.br\/site\/wp-json\/wp\/v2\/types\/post"}],"author":[{"embeddable":true,"href":"https:\/\/3ipt.org.br\/site\/wp-json\/wp\/v2\/users\/1"}],"replies":[{"embeddable":true,"href":"https:\/\/3ipt.org.br\/site\/wp-json\/wp\/v2\/comments?post=4454"}],"version-history":[{"count":1,"href":"https:\/\/3ipt.org.br\/site\/wp-json\/wp\/v2\/posts\/4454\/revisions"}],"predecessor-version":[{"id":4455,"href":"https:\/\/3ipt.org.br\/site\/wp-json\/wp\/v2\/posts\/4454\/revisions\/4455"}],"wp:attachment":[{"href":"https:\/\/3ipt.org.br\/site\/wp-json\/wp\/v2\/media?parent=4454"}],"wp:term":[{"taxonomy":"category","embeddable":true,"href":"https:\/\/3ipt.org.br\/site\/wp-json\/wp\/v2\/categories?post=4454"},{"taxonomy":"post_tag","embeddable":true,"href":"https:\/\/3ipt.org.br\/site\/wp-json\/wp\/v2\/tags?post=4454"}],"curies":[{"name":"wp","href":"https:\/\/api.w.org\/{rel}","templated":true}]}}