{"id":4503,"date":"2024-10-19T18:06:42","date_gmt":"2024-10-19T21:06:42","guid":{"rendered":"https:\/\/3ipt.org.br\/site\/?p=4503"},"modified":"2024-10-19T18:06:58","modified_gmt":"2024-10-19T21:06:58","slug":"foi-pela-graca-foi-pela-graca","status":"publish","type":"post","link":"https:\/\/3ipt.org.br\/site\/pastorais\/foi-pela-graca-foi-pela-graca\/","title":{"rendered":"Foi pela Gra\u00e7a! Foi pela Gra\u00e7a!"},"content":{"rendered":"\n<blockquote class=\"wp-block-quote is-layout-flow wp-block-quote-is-layout-flow\">\n<p>\u201cN\u00e3o por for\u00e7a, nem por poder, mas pelo meu Esp\u00edrito, diz o SENHOR dos Ex\u00e9rcitos.\u201d<br>Zacarias 4:6<\/p>\n<\/blockquote>\n\n\n\n<p>O contexto dessa passagem b\u00edblica \u00e9 a reconstru\u00e7\u00e3o do templo em Jerusal\u00e9m, destru\u00eddo pelos babil\u00f4nios. Para os judeus, a conclus\u00e3o dessa obra parecia imposs\u00edvel. Al\u00e9m da escassez de recursos, o des\u00e2nimo do povo agravava a situa\u00e7\u00e3o, sendo pior at\u00e9 do que a falta de materiais essenciais. Contudo, pelo Esp\u00edrito do SENHOR, tudo se torna poss\u00edvel. Escrevo pensando que, talvez, voc\u00ea esteja enfrentando um desafio, uma batalha de qualquer natureza, ou at\u00e9 uma guerra cruel contra alguma doen\u00e7a. Ou pode ser que, em breve, voc\u00ea esteja lutando para alcan\u00e7ar algum objetivo ou realizar um sonho. Se esse \u00e9 o seu caso, prepare-se da melhor forma poss\u00edvel, sem nunca esquecer que \u201ca vit\u00f3ria vem do SENHOR\u201d (Prov\u00e9rbios 21:31). Quem conduz voc\u00ea triunfantemente \u00e9 o Senhor Jesus Cristo. Portanto, ao celebrar a vit\u00f3ria, n\u00e3o exalte seu esfor\u00e7o ou preparo; em vez disso, proclame a todos: Foi pela gra\u00e7a! Foi pela maravilhosa gra\u00e7a do Senhor Jesus Cristo. Fa\u00e7o votos de que Ele o conduza sempre pelos caminhos dourados do triunfo.<\/p>\n\n\n\n<p>Com amor,<br>pastor Jos\u00e9 Loures Rosa<\/p>\n","protected":false},"excerpt":{"rendered":"<p>\u201cN\u00e3o por for\u00e7a, nem por poder, mas pelo meu Esp\u00edrito, diz o SENHOR dos Ex\u00e9rcitos.\u201dZacarias 4:6 O contexto dessa passagem b\u00edblica \u00e9 a reconstru\u00e7\u00e3o do templo em Jerusal\u00e9m, destru\u00eddo pelos babil\u00f4nios. Para os judeus, a conclus\u00e3o dessa obra parecia imposs\u00edvel. Al\u00e9m da escassez de recursos, o des\u00e2nimo do povo agravava a situa\u00e7\u00e3o, sendo pior at\u00e9&#8230;<\/p>\n","protected":false},"author":1,"featured_media":0,"comment_status":"open","ping_status":"open","sticky":false,"template":"","format":"standard","meta":{"footnotes":""},"categories":[8],"tags":[],"_links":{"self":[{"href":"https:\/\/3ipt.org.br\/site\/wp-json\/wp\/v2\/posts\/4503"}],"collection":[{"href":"https:\/\/3ipt.org.br\/site\/wp-json\/wp\/v2\/posts"}],"about":[{"href":"https:\/\/3ipt.org.br\/site\/wp-json\/wp\/v2\/types\/post"}],"author":[{"embeddable":true,"href":"https:\/\/3ipt.org.br\/site\/wp-json\/wp\/v2\/users\/1"}],"replies":[{"embeddable":true,"href":"https:\/\/3ipt.org.br\/site\/wp-json\/wp\/v2\/comments?post=4503"}],"version-history":[{"count":1,"href":"https:\/\/3ipt.org.br\/site\/wp-json\/wp\/v2\/posts\/4503\/revisions"}],"predecessor-version":[{"id":4504,"href":"https:\/\/3ipt.org.br\/site\/wp-json\/wp\/v2\/posts\/4503\/revisions\/4504"}],"wp:attachment":[{"href":"https:\/\/3ipt.org.br\/site\/wp-json\/wp\/v2\/media?parent=4503"}],"wp:term":[{"taxonomy":"category","embeddable":true,"href":"https:\/\/3ipt.org.br\/site\/wp-json\/wp\/v2\/categories?post=4503"},{"taxonomy":"post_tag","embeddable":true,"href":"https:\/\/3ipt.org.br\/site\/wp-json\/wp\/v2\/tags?post=4503"}],"curies":[{"name":"wp","href":"https:\/\/api.w.org\/{rel}","templated":true}]}}