{"id":4508,"date":"2024-10-25T18:23:42","date_gmt":"2024-10-25T21:23:42","guid":{"rendered":"https:\/\/3ipt.org.br\/site\/?p=4508"},"modified":"2024-10-25T18:25:11","modified_gmt":"2024-10-25T21:25:11","slug":"aos-cuidados-da-graca-de-deus","status":"publish","type":"post","link":"https:\/\/3ipt.org.br\/site\/pastorais\/aos-cuidados-da-graca-de-deus\/","title":{"rendered":"Aos Cuidados da Gra\u00e7a de Deus"},"content":{"rendered":"\n<blockquote class=\"wp-block-quote is-layout-flow wp-block-quote-is-layout-flow\">\n<p>\u201cAgora, pois, encomendo-vos ao Senhor e \u00e0 palavra da sua gra\u00e7a, que tem poder para os edificar e dar-lhes heran\u00e7a entre todos os que s\u00e3o santificados.\u201d<br>Atos 20:32<\/p>\n<\/blockquote>\n\n\n\n<p>Na bel\u00edssima doxologia (c\u00e2ntico de glorifica\u00e7\u00e3o) ao final da Carta de Judas, lemos que Ele (Deus) tem poder para nos \u201cguardar de trope\u00e7os e para\u201d nos \u201capresentar com exulta\u00e7\u00e3o (grande alegria), imaculados (sem defeito) diante da sua gl\u00f3ria\u201d (Judas 24). Entre as li\u00e7\u00f5es do texto \u00e1ureo, destaco para nosso fortalecimento espiritual:<\/p>\n\n\n\n<p>I \u201cEu os Entrego aos Cuidados de Deus\u201d \u2013 Inspirado pelo Esp\u00edrito Santo, o salmista nos anima dizendo: \u201cConfia os teus cuidados (problemas ou afli\u00e7\u00f5es) ao Senhor, e ele te suster\u00e1.\u201d Ele cuidar\u00e1 de voc\u00ea (Salmos 55:22). Entregue com f\u00e9 e espere sem vacilar, pois esta esperan\u00e7a n\u00e3o decepciona (Romanos 5:5).<\/p>\n\n\n\n<p>II Eu os Entrego \u201c\u00e0 Palavra da Sua Gra\u00e7a\u201d \u2013 O que significa estar aos cuidados da Palavra da gra\u00e7a de Deus? Significa aceit\u00e1-la com humildade e f\u00e9, em plena convic\u00e7\u00e3o de que ela \u00e9 \u201ca verdade\u201d e \u00e9 poderosa para nos santificar (Jo\u00e3o 17:17) e para nos ajudar a progredir espiritualmente, pois \u201ctem poder para os edificar e dar-lhes heran\u00e7a\u201d. A verdadeira felicidade de qualquer pessoa est\u00e1 inseparavelmente ligada \u00e0 maneira como se relaciona com a Palavra de Deus.<\/p>\n\n\n\n<p>III Eu os Entrego aos Cuidados Daquele \u201cque Tem Poder\u201d para lhes Dar Heran\u00e7a \u2013 Todos aqueles que se entregam aos cuidados de Deus cantam com o salmista: \u201cComo s\u00e3o boas as b\u00ean\u00e7\u00e3os que\u201d Deus nos d\u00e1! \u201c\u00c9 mui linda a minha heran\u00e7a\u201d (Salmos 16:6). Mesmo que n\u00e3o haja luz no final do t\u00fanel, ou por mais sombrias que sejam as circunst\u00e2ncias, sabemos que Deus tem b\u00ean\u00e7\u00e3os maravilhosas para o Seu povo, e o nosso futuro est\u00e1 seguro sob os cuidados dEle. Ele tem b\u00ean\u00e7\u00e3os para voc\u00ea, amigo; Ele tem uma linda heran\u00e7a para voc\u00ea, amiga! Em um radiante, pr\u00f3spero e pr\u00f3ximo dia, voc\u00ea estar\u00e1 com Ele no para\u00edso eterno, no \u201ccidade que tem fundamentos\u201d, na cidade que tem \u201calicerces eternos, planejada e constru\u00edda\u201d pelo pr\u00f3prio Deus (Hebreus 11:10).<\/p>\n\n\n\n<p>Com amor \u2013\u00a0pastor Jos\u00e9\u00a0Loures Rosa<\/p>\n","protected":false},"excerpt":{"rendered":"<p>\u201cAgora, pois, encomendo-vos ao Senhor e \u00e0 palavra da sua gra\u00e7a, que tem poder para os edificar e dar-lhes heran\u00e7a entre todos os que s\u00e3o santificados.\u201dAtos 20:32 Na bel\u00edssima doxologia (c\u00e2ntico de glorifica\u00e7\u00e3o) ao final da Carta de Judas, lemos que Ele (Deus) tem poder para nos \u201cguardar de trope\u00e7os e para\u201d nos \u201capresentar com&#8230;<\/p>\n","protected":false},"author":1,"featured_media":0,"comment_status":"open","ping_status":"open","sticky":false,"template":"","format":"standard","meta":{"footnotes":""},"categories":[8],"tags":[],"_links":{"self":[{"href":"https:\/\/3ipt.org.br\/site\/wp-json\/wp\/v2\/posts\/4508"}],"collection":[{"href":"https:\/\/3ipt.org.br\/site\/wp-json\/wp\/v2\/posts"}],"about":[{"href":"https:\/\/3ipt.org.br\/site\/wp-json\/wp\/v2\/types\/post"}],"author":[{"embeddable":true,"href":"https:\/\/3ipt.org.br\/site\/wp-json\/wp\/v2\/users\/1"}],"replies":[{"embeddable":true,"href":"https:\/\/3ipt.org.br\/site\/wp-json\/wp\/v2\/comments?post=4508"}],"version-history":[{"count":1,"href":"https:\/\/3ipt.org.br\/site\/wp-json\/wp\/v2\/posts\/4508\/revisions"}],"predecessor-version":[{"id":4509,"href":"https:\/\/3ipt.org.br\/site\/wp-json\/wp\/v2\/posts\/4508\/revisions\/4509"}],"wp:attachment":[{"href":"https:\/\/3ipt.org.br\/site\/wp-json\/wp\/v2\/media?parent=4508"}],"wp:term":[{"taxonomy":"category","embeddable":true,"href":"https:\/\/3ipt.org.br\/site\/wp-json\/wp\/v2\/categories?post=4508"},{"taxonomy":"post_tag","embeddable":true,"href":"https:\/\/3ipt.org.br\/site\/wp-json\/wp\/v2\/tags?post=4508"}],"curies":[{"name":"wp","href":"https:\/\/api.w.org\/{rel}","templated":true}]}}