{"id":4525,"date":"2024-11-15T15:18:59","date_gmt":"2024-11-15T18:18:59","guid":{"rendered":"https:\/\/3ipt.org.br\/site\/?p=4525"},"modified":"2024-11-15T15:19:16","modified_gmt":"2024-11-15T18:19:16","slug":"somos-frageis-so-deus-pode-nos-valer","status":"publish","type":"post","link":"https:\/\/3ipt.org.br\/site\/pastorais\/somos-frageis-so-deus-pode-nos-valer\/","title":{"rendered":"Somos Fr\u00e1geis, S\u00f3 Deus Pode Nos Valer"},"content":{"rendered":"\n<blockquote class=\"wp-block-quote is-layout-flow wp-block-quote-is-layout-flow\">\n<p>\u201cOlho para os montes e pergunto: de onde me vir\u00e1 o socorro?\u201d<br>E a resposta \u00fanica e inequ\u00edvoca \u00e9: \u201cO meu socorro vem do Senhor, que fez o c\u00e9u e a terra\u201d<br>Salmos 121:1<\/p>\n<\/blockquote>\n\n\n\n<p>Por que raz\u00e3o essa resposta \u00e9 \u00fanica? Entre as raz\u00f5es, destacamos: diante dos grandes desafios, sentimos-nos como o rei Josaf\u00e1 que, diante de grande amea\u00e7a procedente dos moabitas e amonitas, orou: \u201cEm n\u00f3s n\u00e3o h\u00e1 for\u00e7a para resistirmos a essa grande multid\u00e3o que vem contra n\u00f3s, e n\u00e3o sabemos n\u00f3s que fazer\u201d. Com grande sabedoria, o monarca completou: \u201cpor\u00e9m os nossos olhos est\u00e3o postos em ti\u201d {em Deus} (2 Cr\u00f4nicas 20:12). O pr\u00f3prio Deus nos exorta: \u201cOlhai para mim e sede salvos! Pois eu sou Deus, e n\u00e3o h\u00e1 nenhum outro\u201d (Isa\u00edas 45:22). Outra raz\u00e3o que destacamos, e esta \u00e9 a principal, \u00e9 que a nossa fragilidade nos leva a constantes transgress\u00f5es da santa lei de Deus. Somos culpados diante dEle, e somente Ele, que \u00e9 superlativamente misericordioso, pode nos perdoar generosamente (Isa\u00edas 55:7); s\u00f3 Ele pode expiar as nossas culpas.<\/p>\n\n\n\n<p>Portanto, elevemos os nossos olhos para Aquele que habita acima dos montes, que est\u00e1 em resplandecente e inacess\u00edvel luz (1 Tim\u00f3teo 6:16) e tem \u201ca sua fortaleza nos espa\u00e7os siderais\u201d (Salmos 68:34). O segredo para uma vida vitoriosa, apesar da nossa fragilidade, consiste em manter os olhos firmes em Deus, pois Ele mesmo nos diz: \u201cEu, eu sou o Senhor, e fora de mim n\u00e3o h\u00e1 salvador\u201d (Isa\u00edas 43:11). Ele pode fortalecer ao que est\u00e1 cansado, revigorar os fracos, e \u201cos que esperam nEle renovam as suas for\u00e7as, correm e n\u00e3o se cansam, caminham e n\u00e3o se desfalecem\u201d (Isa\u00edas 40:29-31).<\/p>\n\n\n\n<p>No amor e conforto do Esp\u00edrito Santo \u2013 Pastor Jos\u00e9 Loures Rosa.<\/p>\n","protected":false},"excerpt":{"rendered":"<p>\u201cOlho para os montes e pergunto: de onde me vir\u00e1 o socorro?\u201dE a resposta \u00fanica e inequ\u00edvoca \u00e9: \u201cO meu socorro vem do Senhor, que fez o c\u00e9u e a terra\u201dSalmos 121:1 Por que raz\u00e3o essa resposta \u00e9 \u00fanica? Entre as raz\u00f5es, destacamos: diante dos grandes desafios, sentimos-nos como o rei Josaf\u00e1 que, diante de&#8230;<\/p>\n","protected":false},"author":1,"featured_media":0,"comment_status":"open","ping_status":"open","sticky":false,"template":"","format":"standard","meta":{"footnotes":""},"categories":[8],"tags":[],"_links":{"self":[{"href":"https:\/\/3ipt.org.br\/site\/wp-json\/wp\/v2\/posts\/4525"}],"collection":[{"href":"https:\/\/3ipt.org.br\/site\/wp-json\/wp\/v2\/posts"}],"about":[{"href":"https:\/\/3ipt.org.br\/site\/wp-json\/wp\/v2\/types\/post"}],"author":[{"embeddable":true,"href":"https:\/\/3ipt.org.br\/site\/wp-json\/wp\/v2\/users\/1"}],"replies":[{"embeddable":true,"href":"https:\/\/3ipt.org.br\/site\/wp-json\/wp\/v2\/comments?post=4525"}],"version-history":[{"count":1,"href":"https:\/\/3ipt.org.br\/site\/wp-json\/wp\/v2\/posts\/4525\/revisions"}],"predecessor-version":[{"id":4526,"href":"https:\/\/3ipt.org.br\/site\/wp-json\/wp\/v2\/posts\/4525\/revisions\/4526"}],"wp:attachment":[{"href":"https:\/\/3ipt.org.br\/site\/wp-json\/wp\/v2\/media?parent=4525"}],"wp:term":[{"taxonomy":"category","embeddable":true,"href":"https:\/\/3ipt.org.br\/site\/wp-json\/wp\/v2\/categories?post=4525"},{"taxonomy":"post_tag","embeddable":true,"href":"https:\/\/3ipt.org.br\/site\/wp-json\/wp\/v2\/tags?post=4525"}],"curies":[{"name":"wp","href":"https:\/\/api.w.org\/{rel}","templated":true}]}}