{"id":4663,"date":"2025-05-23T17:39:22","date_gmt":"2025-05-23T20:39:22","guid":{"rendered":"https:\/\/3ipt.org.br\/site\/?p=4663"},"modified":"2025-05-23T17:39:41","modified_gmt":"2025-05-23T20:39:41","slug":"o-fim-vem","status":"publish","type":"post","link":"https:\/\/3ipt.org.br\/site\/pastorais\/o-fim-vem\/","title":{"rendered":"O Fim Vem!"},"content":{"rendered":"\n<p>\u201cAssim diz o Senhor Deus: Mal ap\u00f3s mal, eis que vem. Haver\u00e1 fim, vem o fim\u201d (Ezequiel 7:5-6). Tenho observado os acontecimentos dos \u00faltimos anos nos mundos familiar, acad\u00eamico, cient\u00edfico, empresarial, pol\u00edtico, jur\u00eddico, art\u00edstico, da imprensa falada e escrita, das redes sociais, entre outros, com olhos, ouvidos e entendimento escatol\u00f3gicos. \u00c9 de extraordin\u00e1ria import\u00e2ncia que tenhamos nossos olhos constantemente voltados para tudo o que os profetas, evangelistas e ap\u00f3stolos do Senhor Jesus Cristo escreveram, pois o cerco est\u00e1 se fechando, meus amigos e amigas. \u201cDentro de pouco tempo, aquele que vem vir\u00e1 e n\u00e3o tardar\u00e1\u201d (Hebreus 10:37). Vigiemos, \u201cpois, a todo tempo, orando, para que possamos escapar de todas as coisas que t\u00eam de suceder e estar em p\u00e9 na presen\u00e7a do Filho do Homem\u201d (Lucas 21:36). Estou plenamente convicto de que, dentro de pouco tempo, ouviremos o solen\u00edssimo som da \u201cs\u00e9tima trombeta\u201d e de grandes vozes no c\u00e9u, dizendo: \u201cO reino do mundo se tornou de nosso Senhor e do seu Cristo, e ele reinar\u00e1 pelos s\u00e9culos dos s\u00e9culos\u201d (Apocalipse 11:15). Voc\u00ea est\u00e1 pronto, meu amigo? Voc\u00ea est\u00e1 preparada para o maior de todos os eventos, minha amiga? \u201cVai alta a noite, e vem chegando o dia. Deixemos, pois, as obras das trevas e revistamo-nos das armas da luz\u201d (Romanos 13:12).<\/p>\n\n\n\n<p>Com amor e maravilhosa expectativa, seu conservo no Senhor \u2013 Pastor Jos\u00e9 Loures Rosa.<\/p>\n\n\n\n<p>\u201cAm\u00e9m! Vem, Senhor Jesus!\u201d (Apocalipse 22:20).<\/p>\n","protected":false},"excerpt":{"rendered":"<p>\u201cAssim diz o Senhor Deus: Mal ap\u00f3s mal, eis que vem. Haver\u00e1 fim, vem o fim\u201d (Ezequiel 7:5-6). Tenho observado os acontecimentos dos \u00faltimos anos nos mundos familiar, acad\u00eamico, cient\u00edfico, empresarial, pol\u00edtico, jur\u00eddico, art\u00edstico, da imprensa falada e escrita, das redes sociais, entre outros, com olhos, ouvidos e entendimento escatol\u00f3gicos. \u00c9 de extraordin\u00e1ria import\u00e2ncia que&#8230;<\/p>\n","protected":false},"author":1,"featured_media":0,"comment_status":"open","ping_status":"open","sticky":false,"template":"","format":"standard","meta":{"footnotes":""},"categories":[8],"tags":[],"_links":{"self":[{"href":"https:\/\/3ipt.org.br\/site\/wp-json\/wp\/v2\/posts\/4663"}],"collection":[{"href":"https:\/\/3ipt.org.br\/site\/wp-json\/wp\/v2\/posts"}],"about":[{"href":"https:\/\/3ipt.org.br\/site\/wp-json\/wp\/v2\/types\/post"}],"author":[{"embeddable":true,"href":"https:\/\/3ipt.org.br\/site\/wp-json\/wp\/v2\/users\/1"}],"replies":[{"embeddable":true,"href":"https:\/\/3ipt.org.br\/site\/wp-json\/wp\/v2\/comments?post=4663"}],"version-history":[{"count":1,"href":"https:\/\/3ipt.org.br\/site\/wp-json\/wp\/v2\/posts\/4663\/revisions"}],"predecessor-version":[{"id":4664,"href":"https:\/\/3ipt.org.br\/site\/wp-json\/wp\/v2\/posts\/4663\/revisions\/4664"}],"wp:attachment":[{"href":"https:\/\/3ipt.org.br\/site\/wp-json\/wp\/v2\/media?parent=4663"}],"wp:term":[{"taxonomy":"category","embeddable":true,"href":"https:\/\/3ipt.org.br\/site\/wp-json\/wp\/v2\/categories?post=4663"},{"taxonomy":"post_tag","embeddable":true,"href":"https:\/\/3ipt.org.br\/site\/wp-json\/wp\/v2\/tags?post=4663"}],"curies":[{"name":"wp","href":"https:\/\/api.w.org\/{rel}","templated":true}]}}