{"id":4681,"date":"2025-06-22T08:00:00","date_gmt":"2025-06-22T11:00:00","guid":{"rendered":"https:\/\/3ipt.org.br\/site\/?p=4681"},"modified":"2025-06-28T19:35:38","modified_gmt":"2025-06-28T22:35:38","slug":"boletim-informativo-no-25-2025","status":"publish","type":"post","link":"https:\/\/3ipt.org.br\/site\/boletim\/boletim-informativo-no-25-2025\/","title":{"rendered":"Boletim Informativo n\u00ba 25\/2025"},"content":{"rendered":"\nVers\u00e3o para impress\u00e3o: <a href=\"https:\/\/3ipt.org.br\/site\/wp-content\/uploads\/2025\/06\/Boletim-25-2025-print.pdf\"><img loading=\"lazy\" decoding=\"async\" class=\"alignleft wp-image-60\" src=\"http:\/\/3ipt.org.br\/site\/wp-content\/uploads\/2018\/09\/baseline_picture_as_pdf_black_18dp.png\" alt=\"pdf logo\" width=\"24\" height=\"24\"><\/a>\n\n\n\n<h2 class=\"wp-block-heading\">A Palavra de Deus<\/h2>\n\n\n\n<blockquote class=\"wp-block-quote is-layout-flow wp-block-quote-is-layout-flow\">\n<p>\u201cEstas palavras s\u00e3o fi\u00e9is e verdadeiras. O Senhor, o Deus dos esp\u00edritos dos profetas, enviou Seu anjo para mostrar aos Seus servos as coisas que em breve devem acontecer.\u201d<br>Apocalipse 22:6<\/p>\n<\/blockquote>\n\n\n\n<p>A Palavra de Deus \u00e9 totalmente digna de confian\u00e7a. Em Sua ora\u00e7\u00e3o sacerdotal, o Senhor Jesus pediu ao Pai celestial em favor de Seus filhos: \u201cSantifica-os na verdade; a Tua palavra \u00e9 verdade\u201d (Jo\u00e3o 17:17). O escritor de Hebreus nos adverte: \u201cTende cuidado, irm\u00e3os, para que jamais haja em qualquer um de voc\u00eas um cora\u00e7\u00e3o de incredulidade que vos afaste do Deus vivo\u201d (Hebreus 3:12). A caminho da aldeia chamada Ema\u00fas, o Senhor Jesus Cristo censurou a incredulidade de dois de seus disc\u00edpulos que, mesmo ap\u00f3s ouvirem o testemunho das mulheres a respeito de Sua ressurrei\u00e7\u00e3o, permaneciam incr\u00e9dulos. O Senhor lhes disse: \u201cComo voc\u00eas demoram a entender e a crer em tudo o que os profetas disseram!\u201d (Lucas 24:25). Enquanto escrevo, oro pedindo a Deus que a incredulidade jamais encontre espa\u00e7o cres\u00e7a no cora\u00e7\u00e3o de nenhum dos meus leitores. As evid\u00eancias da veracidade da Palavra de Deus se descortinam diante de n\u00f3s por meio da multiplica\u00e7\u00e3o da iniquidade profetizada pelo pr\u00f3prio Senhor Jesus (Mateus 24:12), e muito bem interpretada, por inspira\u00e7\u00e3o divina, pelo ap\u00f3stolo Paulo em 2 Tim\u00f3teo 3:1-5, onde lemos: \u201cLembre disto: nos \u00faltimos dias haver\u00e1 tempos dif\u00edceis. Pois muitos ser\u00e3o ego\u00edstas, avarentos, orgulhosos, vaidosos, xingadores, ingratos, desobedientes aos seus pais e n\u00e3o ter\u00e3o respeito pela religi\u00e3o\u201d (NTLH). No Dia do Ju\u00edzo, os incr\u00e9dulos ser\u00e3o lan\u00e7ados em \u201cfogo eterno\u201d (Mateus 25:41), onde \u201chaver\u00e1 choro e ranger de dentes\u201d (Mateus 13:42 e 25:30); e ali, no abismo sem fim, rangendo os dentes, exclamar\u00e3o: \u201cComo \u00e9 que eu pude conservar a incredulidade com tantas evid\u00eancias se descortinando diante de mim?!\u201d Mas j\u00e1 ser\u00e1 tarde demais para evidenciar f\u00e9. \u00c9 por isso que se diz: \u201cHoje, se ouvirdes a Sua voz, n\u00e3o endure\u00e7ais o vosso cora\u00e7\u00e3o\u201d (Hebreus 3:7-8). Oremos com os ap\u00f3stolos de Cristo Jesus: \u201cSenhor, aumenta-nos a f\u00e9\u201d (Lucas 17:5).<\/p>\n\n\n\n<p><em>No eterno amor de Deus,<br>Reverendo Jos\u00e9 Loures Rosa<\/em><\/p>\n\n\n\n<p><strong>Nossa Agenda<br><em>Ter\u00e7a-feira \u2013 Ora\u00e7\u00e3o<\/em><\/strong><\/p>\n\n\n\n<p>Convidamos voc\u00ea para meia hora de ora\u00e7\u00e3o. Come\u00e7amos \u00e0s 19h30 nossa reuni\u00e3o na ter\u00e7a com ora\u00e7\u00e3o. Este per\u00edodo n\u00e3o \u00e9 transmitido nem gravado. Normalmente oramos agradecendo pelas b\u00ean\u00e7\u00e3os recebidas, intercedendo a Deus para que tenha miseric\u00f3rdia de nossa na\u00e7\u00e3o, pedimos a Deus que d\u00ea sabedoria e vigor para as lideran\u00e7as da igreja. Intercedemos pelos irm\u00e3os, amigos e familiares que est\u00e3o enfrentando problemas ou est\u00e3o fracos na f\u00e9. Oramos pelos enfermos para que Deus os cure e pelos seus familiares para que Deus os sustente durante o per\u00edodo de tratamento. Suplicamos a Deus por dire\u00e7\u00e3o para nossos projetos pessoais e da igreja. Se voc\u00ea tem algum pedido de ora\u00e7\u00e3o, pode mandar via WhatsApp para o n\u00famero 99107-8708 ou preencher o cart\u00e3o que se encontra na mesinha na entrada da igreja. Mesmo que voc\u00ea n\u00e3o possa comparecer, oraremos por voc\u00ea e pelo seu pedido.<\/p>\n\n\n\n<p><strong><em>Ter\u00e7a-feira \u2013 Estudo B\u00edblico<\/em><\/strong><\/p>\n\n\n\n<p>Caso n\u00e3o consiga comparecer ao per\u00edodo de ora\u00e7\u00e3o, voc\u00ea pode chegar \u00e0s 20h00 para o estudo b\u00edblico. A partir das 20h00, estudo b\u00edblico apostilado com o tema Estudos no Breve Catecismo de Westminster, pergunta 21, Cristo, o Redentor dos Eleitos, com transmiss\u00e3o ao vivo em nosso canal no YouTube \u2013 assista, fa\u00e7a sua inscri\u00e7\u00e3o e divulgue. Se cada membro da igreja conseguir mais uma inscri\u00e7\u00e3o no nosso canal, logo atingiremos os 1000 inscritos. Se voc\u00ea quiser receber a apostila, pode solicitar sua inclus\u00e3o no grupo de estudos, somente para informa\u00e7\u00f5es e envio das apostilas, que \u00e9 diferente do grupo de relacionamentos da igreja.<\/p>\n\n\n\n<p><strong><em>Quinta-feira<\/em><\/strong><\/p>\n\n\n\n<p>A partir das 20h00, a igreja se re\u00fane nas casas dos irm\u00e3os, seguindo o exemplo da igreja primitiva (Atos 2:46; 10:22; 16:15; 16:34) para edifica\u00e7\u00e3o, comunh\u00e3o e ora\u00e7\u00e3o. Voc\u00ea pode receber um dos encontros na sua casa, mesmo que ainda n\u00e3o seja membro da igreja. Nosso pr\u00f3ximo encontro, dia 26 de junho, ser\u00e1 na casa dos irm\u00e3os Marcos e Am\u00e9lia. Uma boa sugest\u00e3o: que tal comemorar seu anivers\u00e1rio com a igreja em uma destas datas? J\u00e1 abrimos as inscri\u00e7\u00f5es para o m\u00eas de julho, quando, apesar das f\u00e9rias, nossas atividades continuam normalmente: 03, 10, 17, 24 e 31.<\/p>\n\n\n\n<p><strong><em>Domingo<\/em><\/strong><\/p>\n\n\n\n<p>\u00c0s 9h00, Escola B\u00edblica. Aula para jovens e adultos sobre o Credo Apost\u00f3lico: Eu Creio na Volta de Jesus, com ministra\u00e7\u00e3o da aula pelo reverendo Marthon Mendes \u2013 extraordinariamente neste domingo, a classe de jovens permanecer\u00e1 unida aos adultos. Nossos adolescentes ter\u00e3o aula sobre heresias (Adventismo do 7\u00ba Dia) com o presb\u00edtero Carlos Moreschi. As crian\u00e7as possuem seu pr\u00f3prio curr\u00edculo e ter\u00e3o aulas em sua pr\u00f3pria linguagem.<br>\u00c0s 18h30, Culto Solene ao Senhor, com adora\u00e7\u00e3o, dedica\u00e7\u00e3o pessoal e edifica\u00e7\u00e3o \u00e0 luz das Escrituras, baseado no livro de Neemias (Neemias 2:20). Neste domingo, o liturgista ser\u00e1 o presb\u00edtero Henrique Marques e o mensageiro ser\u00e1 o reverendo Marthon Mendes.<\/p>\n\n\n\n<p><strong>D\u00edzimos e Ofertas<\/strong><\/p>\n\n\n\n<p>Em Deuteron\u00f4mio 14:22-25, a B\u00edblia ensina que o d\u00edzimo \u00e9 uma demonstra\u00e7\u00e3o de gratid\u00e3o pelas b\u00ean\u00e7\u00e3os que Deus deu e uma prova de fidelidade por devolver o que \u00e9 devido ao Senhor. Para entregar seus d\u00edzimos e ofertas via Pix, especifique o que \u00e9 d\u00edzimo e o que \u00e9 oferta, utilizando o CNPJ da igreja 00.574.079\/0001-64. Para ofertas especiais, como doa\u00e7\u00f5es para novos projetos da igreja, fa\u00e7a seu dep\u00f3sito no Banco Santander, Ag. 3328, Conta Corrente 13000174-8.<\/p>\n\n\n\n<p><strong>Doa\u00e7\u00f5es<\/strong><\/p>\n\n\n\n<p>Voc\u00ea pode doar a qualquer tempo, mas a Junta Diaconal orienta os irm\u00e3os que fazem doa\u00e7\u00f5es para as cestas b\u00e1sicas a trazerem sua oferta at\u00e9 o dia 15 de cada m\u00eas. As doa\u00e7\u00f5es podem ser entregues aos di\u00e1conos de plant\u00e3o ou deixadas no local indicado. Se voc\u00ea quiser participar da b\u00ean\u00e7\u00e3o de contribuir, fale com um dos nossos di\u00e1conos.<\/p>\n\n\n\n<p><strong>Catecismo Maior de Westminster<\/strong><\/p>\n\n\n\n<ol start=\"167\">\n<li><strong>Como o sacramento do Batismo deve ser administrado?<\/strong> O sacramento do Batismo deve ser administrado por um ministro do Evangelho, com a aplica\u00e7\u00e3o de \u00e1gua em nome do Pai, do Filho e do Esp\u00edrito Santo, conforme a institui\u00e7\u00e3o de Cristo. <em>Mateus 28:19-20; Atos 8:36-38 e 10:47-48.<\/em><\/li>\n<\/ol>\n\n\n\n<p><strong>Pergunte ao Pastor<\/strong><\/p>\n\n\n\n<p>Envie sua pergunta para <a href=\"mailto:pergunte@3ipt.org.br\">pergunte@3ipt.org.br<\/a>. Todas as perguntas s\u00e3o respondidas; tenha paci\u00eancia. As respostas s\u00e3o publicadas anonimamente em nosso site, exceto se o autor solicitar divulga\u00e7\u00e3o do nome.<\/p>\n\n\n\n<p><strong>Lei Geral de Prote\u00e7\u00e3o de Dados<\/strong><\/p>\n\n\n\n<p>Informamos aos nossos irm\u00e3os, amigos e visitantes que as imagens do culto podem ser disponibilizadas na rede mundial de computadores em v\u00eddeo e fotografias. Se voc\u00ea tem alguma obje\u00e7\u00e3o \u00e0 publica\u00e7\u00e3o de sua imagem, por gentileza informe a um dos nossos di\u00e1conos.<\/p>\n\n\n\n<p><strong>Projetos<\/strong><\/p>\n\n\n\n<p>Voc\u00ea ainda pode participar! Conclu\u00edmos a reforma das instala\u00e7\u00f5es destinadas ao Departamento Infantil. Voc\u00ea ainda pode participar dos nossos projetos com suas doa\u00e7\u00f5es. Para saber como, procure o Presb\u00edtero Jan Uilles ou o Presb\u00edtero Roberto Vieira. O novo gabinete pastoral j\u00e1 est\u00e1 funcional, pronto para te receber, e a sala de grava\u00e7\u00f5es j\u00e1 est\u00e1 dispon\u00edvel para professores, coordenadores e sociedades que queiram gravar suas aulas e avisos. Pr\u00f3xima etapa \u00e9 a manuten\u00e7\u00e3o da casa pastoral no Simonton e, na sequ\u00eancia, outras a\u00e7\u00f5es ser\u00e3o feitas na igreja. Sua participa\u00e7\u00e3o e contribui\u00e7\u00e3o \u00e9 muito importante. Lembre-se do que ensina a Palavra de Deus: cada um contribua segundo tiver proposto no cora\u00e7\u00e3o, n\u00e3o por tristeza ou necessidade, porque Deus ama ao que d\u00e1 com alegria (2 Cor\u00edntios 9:7).<\/p>\n\n\n\n<p><strong>Sociedades<\/strong><\/p>\n\n\n\n<p>Nosso &#8220;Acampadentro&#8221;, no Col\u00e9gio Simonton, foi um sucesso! 42 adolescentes, contando com participantes de nossa igreja, familiares, visitantes de outras igrejas e at\u00e9 de outra cidade. Agradecemos a participa\u00e7\u00e3o da 1\u00aa e 2\u00aa Igreja Presbiteriana de Samambaia, e Igreja Presbiteriana de Alex\u00e2nia. Nossa gratid\u00e3o aos irm\u00e3os que contribu\u00edram financeiramente, que doaram seu tempo e suas energias para que o evento acontecesse. Veja como foi no Instagram da UPA (upa_3ipt) e aproveite para seguir o perfil de nossos adolescentes.<br>Vem a\u00ed o NAUPA (Encontro Nacional de Adolescentes). Ser\u00e1 entre os dias 29 de janeiro e 1\u00ba de fevereiro de 2025 na Est\u00e2ncia \u00c1rvore da Vida, em Sumar\u00e9, SP. Hoje \u00e9 o \u00faltimo dia para fazer as inscri\u00e7\u00f5es no Lote 1 com pre\u00e7os especiais. A partir desta segunda, o valor ser\u00e1 maior. N\u00e3o perca esta oportunidade. O endere\u00e7o para inscri\u00e7\u00f5es e mais informa\u00e7\u00f5es \u00e9 https:\/\/bit.ly\/naupa-2026. J\u00e1 est\u00e1 sendo organizado \u00f4nibus saindo de Bras\u00edlia. Corra para reservar seu lugar!<\/p>\n\n\n\n<p><strong>Federa\u00e7\u00e3o de SAFs<\/strong><\/p>\n\n\n\n<p>No dia 24 de agosto, \u00e0s 14h, teremos aqui no sal\u00e3o da igreja a jornada mission\u00e1ria, e teremos bazar mission\u00e1rio. Queremos a participa\u00e7\u00e3o da igreja nesse momento muito importante, na casa do Senhor.<\/p>\n\n\n\n<p><strong>Escala da Junta Diaconal<br><em>Semana de 22 a 28\/06<\/em><\/strong><\/p>\n\n\n\n<ul>\n<li>Domingo 22\/06: Edmar<\/li>\n\n\n\n<li>Ter\u00e7a 24\/06: Manoel<\/li>\n\n\n\n<li>Quinta 26\/06: Manoel<\/li>\n<\/ul>\n\n\n\n<p><strong>Liturgia do Culto Noturno<br><em>Liturgo: Presb\u00edtero Leone Braga<\/em><\/strong><\/p>\n\n\n\n<ul>\n<li>Leitura b\u00edblica<\/li>\n\n\n\n<li>Ora\u00e7\u00e3o de invoca\u00e7\u00e3o<\/li>\n\n\n\n<li>Leitura b\u00edblica<\/li>\n\n\n\n<li>Louvor<\/li>\n\n\n\n<li>Leitura b\u00edblica<\/li>\n\n\n\n<li>Ora\u00e7\u00e3o de contri\u00e7\u00e3o (confiss\u00e3o de pecados)<\/li>\n\n\n\n<li>Louvor<\/li>\n\n\n\n<li>Leitura b\u00edblica<\/li>\n\n\n\n<li>Ora\u00e7\u00e3o intercess\u00f3ria \u2013 pastorais<\/li>\n\n\n\n<li>Oportunidade para o Grupo de Louvor e recolhimento de d\u00edzimos e ofertas<\/li>\n\n\n\n<li>Ora\u00e7\u00e3o de gratid\u00e3o pelos d\u00edzimos, ofertas e crian\u00e7as<\/li>\n\n\n\n<li>Prega\u00e7\u00e3o pelo Reverendo Marthon Mendes<\/li>\n\n\n\n<li>Ora\u00e7\u00e3o final e b\u00ean\u00e7\u00e3o apost\u00f3lica<\/li>\n\n\n\n<li>Posl\u00fadio e avisos<\/li>\n<\/ul>\n\n\n\n<p><strong>Visitantes<\/strong><\/p>\n\n\n\n<p>Sua presen\u00e7a em nossa igreja \u00e9 motivo de grande alegria, e desejamos que, assim como fomos aben\u00e7oados com sua visita, sua presen\u00e7a em nosso meio tenha sido uma alegre colheita de b\u00ean\u00e7\u00e3os espirituais. Desejamos que voc\u00ea desfrute da comunh\u00e3o com Deus e da nossa comunh\u00e3o. Se desejar fazer desta casa sua casa de ora\u00e7\u00e3o, ser\u00e1 muito bem-vindo. Que o Senhor te aben\u00e7oe ricamente. Queremos retribuir sua visita.<\/p>\n\n\n\n<p><strong>Aniversariantes (22 a 28\/06)<\/strong><\/p>\n\n\n\n<p>Dia 23 Gessycleide Marques de Souza<br>Dia 27 Pedro Albuquerque Pinto Bandeira Santos<br>Dia 28 Edmar Martins<\/p>\n\n\n\n<p>Faltou o seu nome? Se voc\u00ea \u00e9 membro da igreja e deseja que nos alegremos com voc\u00ea, por gentileza, atualize seu cadastro usando o QR code ao lado.<\/p>\n\n\n\n<p><strong>Pa\u00eds de Ora\u00e7\u00e3o da Semana: Nig\u00e9ria<\/strong><\/p>\n\n\n\n<p>A Nig\u00e9ria, com cerca de 230 milh\u00f5es de habitantes, \u00e9 o pa\u00eds mais populoso da \u00c1frica, com 49% de crist\u00e3os e 49% de mu\u00e7ulmanos. Os crist\u00e3os enfrentam persegui\u00e7\u00e3o severa, especialmente no norte, onde o grupo Boko Haram e pastores radicais atacam comunidades crist\u00e3s, destruindo igrejas e matando milhares anualmente. Segundo a Portas Abertas, a Nig\u00e9ria \u00e9 o 6\u00ba pa\u00eds mais perigoso para crist\u00e3os, com 82% dos assassinatos de crist\u00e3os no mundo em 2023 ocorrendo ali. Ore pela prote\u00e7\u00e3o dos irm\u00e3os, coragem para testemunhar o Evangelho e consolo para fam\u00edlias enlutadas. Pe\u00e7a por sabedoria aos l\u00edderes eclesi\u00e1sticos e unidade entre denomina\u00e7\u00f5es. Ore tamb\u00e9m pela economia, com 40% da popula\u00e7\u00e3o em pobreza extrema, e por elei\u00e7\u00f5es justas em 2027. Que o Evangelho alcance cora\u00e7\u00f5es mu\u00e7ulmanos e traga renova\u00e7\u00e3o espiritual.<br><em>Fontes: <a href=\"http:\/\/www.portasabertas.org.br\" target=\"_blank\" rel=\"noreferrer noopener\">Portas Abertas<\/a> , <a href=\"http:\/\/www.operationworld.org\" target=\"_blank\" rel=\"noreferrer noopener\">Operation World<\/a><\/em><\/p>\n\n\n\n<figure class=\"wp-block-image size-full\"><img loading=\"lazy\" decoding=\"async\" width=\"166\" height=\"90\" src=\"https:\/\/3ipt.org.br\/site\/wp-content\/uploads\/2018\/10\/nigeria.jpg\" alt=\"Nig\u00e9ria\" class=\"wp-image-415\"\/><\/figure>\n","protected":false},"excerpt":{"rendered":"<p>Vers\u00e3o para impress\u00e3o: A Palavra de Deus \u201cEstas palavras s\u00e3o fi\u00e9is e verdadeiras. O Senhor, o Deus dos esp\u00edritos dos profetas, enviou Seu anjo para mostrar aos Seus servos as coisas que em breve devem acontecer.\u201dApocalipse 22:6 A Palavra de Deus \u00e9 totalmente digna de confian\u00e7a. Em Sua ora\u00e7\u00e3o sacerdotal, o Senhor Jesus pediu ao&#8230;<\/p>\n","protected":false},"author":1,"featured_media":0,"comment_status":"open","ping_status":"open","sticky":false,"template":"","format":"standard","meta":{"footnotes":""},"categories":[4],"tags":[],"_links":{"self":[{"href":"https:\/\/3ipt.org.br\/site\/wp-json\/wp\/v2\/posts\/4681"}],"collection":[{"href":"https:\/\/3ipt.org.br\/site\/wp-json\/wp\/v2\/posts"}],"about":[{"href":"https:\/\/3ipt.org.br\/site\/wp-json\/wp\/v2\/types\/post"}],"author":[{"embeddable":true,"href":"https:\/\/3ipt.org.br\/site\/wp-json\/wp\/v2\/users\/1"}],"replies":[{"embeddable":true,"href":"https:\/\/3ipt.org.br\/site\/wp-json\/wp\/v2\/comments?post=4681"}],"version-history":[{"count":3,"href":"https:\/\/3ipt.org.br\/site\/wp-json\/wp\/v2\/posts\/4681\/revisions"}],"predecessor-version":[{"id":4690,"href":"https:\/\/3ipt.org.br\/site\/wp-json\/wp\/v2\/posts\/4681\/revisions\/4690"}],"wp:attachment":[{"href":"https:\/\/3ipt.org.br\/site\/wp-json\/wp\/v2\/media?parent=4681"}],"wp:term":[{"taxonomy":"category","embeddable":true,"href":"https:\/\/3ipt.org.br\/site\/wp-json\/wp\/v2\/categories?post=4681"},{"taxonomy":"post_tag","embeddable":true,"href":"https:\/\/3ipt.org.br\/site\/wp-json\/wp\/v2\/tags?post=4681"}],"curies":[{"name":"wp","href":"https:\/\/api.w.org\/{rel}","templated":true}]}}