{"id":4699,"date":"2025-07-19T15:20:59","date_gmt":"2025-07-19T18:20:59","guid":{"rendered":"https:\/\/3ipt.org.br\/site\/?p=4699"},"modified":"2025-07-19T15:21:16","modified_gmt":"2025-07-19T18:21:16","slug":"refrigerio-celestial","status":"publish","type":"post","link":"https:\/\/3ipt.org.br\/site\/pastorais\/refrigerio-celestial\/","title":{"rendered":"Refrigerio Celestial"},"content":{"rendered":"\n<p>O Senhor \u00e9 o meu pastor; nada me faltar\u00e1. Ele me faz repousar em pastos verdejantes. Leva-me para junto das \u00e1guas de descanso; refrigera-me a alma. Guia-me pelas veredas da justi\u00e7a por amor do seu nome (Salmos 23.1-3). Para desfrutar das b\u00ean\u00e7\u00e3os prometidas neste salmo maravilhoso, devemos confiar e obedecer ao bom Pastor. O refrig\u00e9rio prometido \u00e9 uma fonte de consolo para todo aquele que est\u00e1 triste. Mas, quando olhamos para o aspecto messi\u00e2nico desse salmo, percebemos que suas promessas dizem respeito a tudo que o bom Pastor fez, faz e far\u00e1 por suas ovelhas. \u00c9 uma mensagem especial para quem enfrenta, ou j\u00e1 enfrentou, situa\u00e7\u00f5es dif\u00edceis e carrega fardos pesados de suportar. Contudo, aqueles que confiam no Senhor sabem que n\u00e3o existe circunst\u00e2ncia que impe\u00e7a Jesus de suprir qualquer necessidade e que, por fim, Ele conduzir\u00e1 suas ovelhas para a fonte da \u00e1gua da vida (Apocalipse 7.17). \u201cNada me faltar\u00e1\u201d (v.1) \u2013 O medo de passar necessidade \u00e9 um mal que tem causado muitas preocupa\u00e7\u00f5es para muita gente. Esse medo s\u00f3 pode ser vencido por meio de uma comunh\u00e3o ininterrupta, \u00edntima e profunda com o bom Pastor. Afli\u00e7\u00f5es e tristezas fazem parte da vida do crist\u00e3o (Jo\u00e3o 16.33). Mas aquele que vive em comunh\u00e3o com o bom Pastor ouve sua sacrossanta voz a dizer-lhe: N\u00e3o temas, porque eu sou contigo; n\u00e3o te assombres, porque eu sou o teu Deus (Isa\u00edas 41.10). Que o bom Pastor te aben\u00e7oe com o refrig\u00e9rio celestial.<\/p>\n\n\n\n<p>Com amor \u2013 Pastor Jos\u00e9 Loures Rosa<\/p>\n","protected":false},"excerpt":{"rendered":"<p>O Senhor \u00e9 o meu pastor; nada me faltar\u00e1. Ele me faz repousar em pastos verdejantes. Leva-me para junto das \u00e1guas de descanso; refrigera-me a alma. Guia-me pelas veredas da justi\u00e7a por amor do seu nome (Salmos 23.1-3). Para desfrutar das b\u00ean\u00e7\u00e3os prometidas neste salmo maravilhoso, devemos confiar e obedecer ao bom Pastor. O refrig\u00e9rio&#8230;<\/p>\n","protected":false},"author":1,"featured_media":0,"comment_status":"open","ping_status":"open","sticky":false,"template":"","format":"standard","meta":{"footnotes":""},"categories":[8],"tags":[],"_links":{"self":[{"href":"https:\/\/3ipt.org.br\/site\/wp-json\/wp\/v2\/posts\/4699"}],"collection":[{"href":"https:\/\/3ipt.org.br\/site\/wp-json\/wp\/v2\/posts"}],"about":[{"href":"https:\/\/3ipt.org.br\/site\/wp-json\/wp\/v2\/types\/post"}],"author":[{"embeddable":true,"href":"https:\/\/3ipt.org.br\/site\/wp-json\/wp\/v2\/users\/1"}],"replies":[{"embeddable":true,"href":"https:\/\/3ipt.org.br\/site\/wp-json\/wp\/v2\/comments?post=4699"}],"version-history":[{"count":1,"href":"https:\/\/3ipt.org.br\/site\/wp-json\/wp\/v2\/posts\/4699\/revisions"}],"predecessor-version":[{"id":4700,"href":"https:\/\/3ipt.org.br\/site\/wp-json\/wp\/v2\/posts\/4699\/revisions\/4700"}],"wp:attachment":[{"href":"https:\/\/3ipt.org.br\/site\/wp-json\/wp\/v2\/media?parent=4699"}],"wp:term":[{"taxonomy":"category","embeddable":true,"href":"https:\/\/3ipt.org.br\/site\/wp-json\/wp\/v2\/categories?post=4699"},{"taxonomy":"post_tag","embeddable":true,"href":"https:\/\/3ipt.org.br\/site\/wp-json\/wp\/v2\/tags?post=4699"}],"curies":[{"name":"wp","href":"https:\/\/api.w.org\/{rel}","templated":true}]}}