{"id":4701,"date":"2025-07-20T08:00:00","date_gmt":"2025-07-20T11:00:00","guid":{"rendered":"https:\/\/3ipt.org.br\/site\/?p=4701"},"modified":"2025-07-19T18:56:44","modified_gmt":"2025-07-19T21:56:44","slug":"boletim-informativo-no-29-2025","status":"publish","type":"post","link":"https:\/\/3ipt.org.br\/site\/boletim\/boletim-informativo-no-29-2025\/","title":{"rendered":"Boletim Informativo n\u00ba 29\/2025"},"content":{"rendered":"\nVers\u00e3o para impress\u00e3o: <a href=\"https:\/\/3ipt.org.br\/site\/wp-content\/uploads\/2025\/07\/Boletim-29-2025-print.pdf\"><img loading=\"lazy\" decoding=\"async\" class=\"alignleft wp-image-60\" src=\"http:\/\/3ipt.org.br\/site\/wp-content\/uploads\/2018\/09\/baseline_picture_as_pdf_black_18dp.png\" alt=\"pdf logo\" width=\"24\" height=\"24\"><\/a>\n\n\n\n<h2 class=\"wp-block-heading\">Adorando a Deus em Ora\u00e7\u00e3o<\/h2>\n\n\n\n<blockquote class=\"wp-block-quote is-layout-flow wp-block-quote-is-layout-flow\">\n<p>\u201cPortanto, j\u00e1 que estamos recebendo um reino inabal\u00e1vel, sejamos agradecidos e, desse modo, adoremos a Deus de forma agrad\u00e1vel, com rever\u00eancia e temor.\u201d<br>Hebreus 12.28<\/p>\n<\/blockquote>\n\n\n\n<p>A adora\u00e7\u00e3o deve fazer parte das nossas ora\u00e7\u00f5es di\u00e1rias. Adoramos a Deus por aquilo que Ele \u00e9. E Deus \u00e9 bom, soberano, absoluto e eterno. Ele \u00e9 o Criador de tudo que existe. Fara\u00f3 perguntou a Mois\u00e9s e a Ar\u00e3o: Quem \u00e9 o Senhor? (\u00caxodo 5.2). A pergunta foi dirigida aos comissionados, mas a resposta veio do Pr\u00f3prio Deus atrav\u00e9s das dez pragas, pelas quais o Soberano dos reis da terra (Apocalipse 1.5) executou ju\u00edzo sobre todos os deuses do Egito, dizendo: Eu sou o Senhor (\u00caxodo 12.12). \u00c9 como se Deus tivesse dito a Fara\u00f3: Os seus deuses n\u00e3o s\u00e3o deuses, Fara\u00f3, Eu sou o \u00fanico Deus. E quando Deus Se revela como o grande Eu Sou, Ele est\u00e1 dizendo que \u00e9 o que foi, \u00e9 o que \u00e9 e \u00e9 o que ser\u00e1. Ou, segundo Apocalipse 1.8: Eu sou o Alfa e o \u00d4mega, diz o Senhor Deus, aquele que \u00e9, que era e que h\u00e1 de vir, o Todo-Poderoso. Nabucodonosor foi um rei reconhecido por sua grandeza, obtida por conquistas militares e grandes edifica\u00e7\u00f5es. Antes de Deus humilh\u00e1-lo, ele declarou soberbamente: N\u00e3o \u00e9 esta a grande Babil\u00f4nia que eu edifiquei para a casa real, com o meu grandioso poder e para gl\u00f3ria da minha majestade? (Daniel 4.30). Mas, ap\u00f3s o processo de humilha\u00e7\u00e3o, ele reconheceu a grandeza infinita de Deus, dizendo: Portanto, eu, Nabucodonosor, louvo, exalto e glorifico ao Rei do c\u00e9u, porque todas as suas obras s\u00e3o verdadeiras, e os seus caminhos, justos; e ele pode humilhar aqueles que andam com soberba (Daniel 4.37). Queridos irm\u00e3os e diletas irm\u00e3s em Cristo, em suas ora\u00e7\u00f5es, n\u00e3o se esque\u00e7am de incluir uma palavra de adora\u00e7\u00e3o a Deus, pois os reis da terra nascem e morrem; grandes imp\u00e9rios se levantam e caem, pois assim s\u00e3o as gl\u00f3rias deste mundo. Mas o nosso Deus permanece para sempre, habitando em luz inacess\u00edvel, assentado sobre um alto e sublime trono (1 Tim\u00f3teo 6.16; Isa\u00edas 6.1). Diante da tua grandeza, eu me prostro e Te adoro, \u00f3 Rei das na\u00e7\u00f5es. Pois n\u00e3o h\u00e1 semelhante a ti, \u00f3 Senhor; tu \u00e9s grande, e grande \u00e9 o poder do teu nome. Quem n\u00e3o te temer\u00e1, \u00f3 Rei das na\u00e7\u00f5es? (Jeremias 10.6-7).<\/p>\n\n\n\n<p><em>Reverentemente,<br>Reverendo Jos\u00e9 Loures Rosa<\/em><\/p>\n\n\n\n<p><strong>Nossa Agenda<\/strong><br><strong><em>Ter\u00e7a-feira \u2013 Ora\u00e7\u00e3o<\/em><\/strong><\/p>\n\n\n\n<p>Convidamos voc\u00ea para meia hora de ora\u00e7\u00e3o, das 19h30 \u00e0s 20h00, nas ter\u00e7as-feiras, em uma reuni\u00e3o que n\u00e3o \u00e9 transmitida nem gravada. Oramos agradecendo pelas b\u00ean\u00e7\u00e3os recebidas, intercedendo para que Deus tenha miseric\u00f3rdia de nossa na\u00e7\u00e3o e pedindo sabedoria e vigor para as lideran\u00e7as da igreja. Intercedemos por irm\u00e3os, amigos e familiares que enfrentam problemas ou est\u00e3o fracos na f\u00e9. Oramos pelos enfermos, para que Deus os cure, e por seus familiares, para que Deus os sustente durante o tratamento. De forma especial, oremos pela sa\u00fade das senhoras No\u00e9lia, \u00c1urea e Sueli, e dos irm\u00e3os Miguel, Presb\u00edtero Jorge (gratid\u00e3o pela recupera\u00e7\u00e3o) e Presb\u00edtero Nivaldo. Suplicamos por dire\u00e7\u00e3o para nossos projetos pessoais e da igreja. Se voc\u00ea tem um pedido de ora\u00e7\u00e3o, envie via WhatsApp para (61) 99107-8708 ou preencha o cart\u00e3o na mesinha da entrada da igreja. Mesmo que n\u00e3o possa comparecer, oraremos por voc\u00ea e pelo seu pedido.<\/p>\n\n\n\n<p><strong><em>Ter\u00e7a-feira \u2013 Estudo B\u00edblico<\/em><\/strong><\/p>\n\n\n\n<p>Caso n\u00e3o consiga comparecer ao per\u00edodo de ora\u00e7\u00e3o, voc\u00ea pode chegar \u00e0s 20h00 para o estudo b\u00edblico. A partir das 20h00, estudo b\u00edblico apostilado com o tema Estudos no Breve Catecismo de Westminster, pergunta 25, O Redentor Sacerdotal, com transmiss\u00e3o ao vivo em nosso canal no YouTube. Assista, inscreva-se no canal e divulgue para conseguir pelo menos mais uma inscri\u00e7\u00e3o. Se cada membro da igreja conseguir mais uma inscri\u00e7\u00e3o, logo atingiremos os 1000 inscritos. Para receber a apostila digital, solicite sua inclus\u00e3o no grupo de estudos, exclusivamente para informa\u00e7\u00f5es e envio das apostilas, que \u00e9 diferente do grupo de relacionamentos da igreja.<\/p>\n\n\n\n<p><strong><em>Quinta-feira<\/em><\/strong><\/p>\n\n\n\n<p>A partir das 20h00, a igreja se re\u00fane nas casas dos irm\u00e3os, seguindo o exemplo da igreja primitiva (Atos 2.46; 10.22; 16.15; 16.34) para edifica\u00e7\u00e3o, comunh\u00e3o e ora\u00e7\u00e3o. Voc\u00ea pode receber um dos encontros na sua casa, mesmo que ainda n\u00e3o seja membro da igreja. Uma boa sugest\u00e3o: que tal comemorar seu anivers\u00e1rio com a igreja em uma dessas datas? Ainda n\u00e3o temos local definido para a pr\u00f3xima quinta.<\/p>\n\n\n\n<p><strong><em>Domingo<\/em><\/strong><\/p>\n\n\n\n<p>\u00c0s 9h00, Escola B\u00edblica. Aula para jovens e adultos sobre o Credo Apost\u00f3lico: Eu Creio na Igreja, com ministra\u00e7\u00e3o da aula pelo Presb\u00edtero Henrique Marques. As crian\u00e7as e adolescentes t\u00eam estudos pr\u00f3prios, em linguagem adequada \u00e0 sua faixa et\u00e1ria. \u00c0s 18h30, Culto Solene ao Senhor, com adora\u00e7\u00e3o, dedica\u00e7\u00e3o pessoal e edifica\u00e7\u00e3o \u00e0 luz das Escrituras, tendo como pregador o Presb\u00edtero Jorge Marques e liturgista Presb\u00edtero Carlos Moreschi.<\/p>\n\n\n\n<p><strong>D\u00edzimos e Ofertas<\/strong><\/p>\n\n\n\n<p>Em Deuteron\u00f4mio 14.22-25, a B\u00edblia ensina que o d\u00edzimo \u00e9 uma demonstra\u00e7\u00e3o de gratid\u00e3o pelas b\u00ean\u00e7\u00e3os que Deus deu e uma prova de fidelidade por devolver o que \u00e9 devido ao Senhor. Para entregar seus d\u00edzimos e ofertas via Pix, especifique o que \u00e9 d\u00edzimo e o que \u00e9 oferta, utilizando o CNPJ da igreja 00.574.079\/0001-64. Para ofertas especiais, como doa\u00e7\u00f5es para novos projetos da igreja, fa\u00e7a seu dep\u00f3sito no Banco Santander, ag\u00eancia 3328, conta corrente 13000174-8.<\/p>\n\n\n\n<p><strong>Doa\u00e7\u00f5es<\/strong><\/p>\n\n\n\n<p>Voc\u00ea pode doar a qualquer tempo, mas a Junta Diaconal orienta os irm\u00e3os que fazem doa\u00e7\u00f5es para as cestas b\u00e1sicas a trazerem sua oferta at\u00e9 o dia 15 de cada m\u00eas. As doa\u00e7\u00f5es podem ser entregues aos di\u00e1conos de plant\u00e3o ou deixadas no local indicado. Se quiser participar da b\u00ean\u00e7\u00e3o de contribuir, fale com um dos nossos di\u00e1conos.<\/p>\n\n\n\n<p><strong>Catecismo Maior de Westminster<\/strong><\/p>\n\n\n\n<ol start=\"171\">\n<li><strong>Como devem os crist\u00e3os orar?<\/strong> Os crist\u00e3os devem orar com entendimento, rever\u00eancia, humildade, fervor, f\u00e9, amor e perseveran\u00e7a; e, se orarem em voz alta, deve ser em uma l\u00edngua conhecida. <em>Salmos 47.7; Eclesiastes 5.1-2; Hebreus 12.28; G\u00eanesis 18.27; Tiago 5.16; 1.6-7; Marcos 11.24; Mateus 6.12; Colossenses 4.2; Ef\u00e9sios 6.18; 1 Cor\u00edntios 14.14.<\/em><\/li>\n<\/ol>\n\n\n\n<p><strong>Pergunte ao Pastor<\/strong><\/p>\n\n\n\n<p>Envie sua pergunta para <a href=\"mailto:pergunte@3ipt.org.br\">pergunte@3ipt.org.br<\/a>. Todas as perguntas s\u00e3o respondidas; tenha paci\u00eancia. As respostas s\u00e3o publicadas anonimamente em nosso site, exceto se o autor solicitar divulga\u00e7\u00e3o do nome.<\/p>\n\n\n\n<p><strong>Lei Geral de Prote\u00e7\u00e3o de Dados<\/strong><\/p>\n\n\n\n<p>Informamos aos nossos irm\u00e3os, amigos e visitantes que as imagens do culto podem ser disponibilizadas na rede mundial de computadores em v\u00eddeo e fotografias. Se voc\u00ea tem alguma obje\u00e7\u00e3o \u00e0 publica\u00e7\u00e3o de sua imagem, por gentileza, informe a um dos nossos di\u00e1conos.<\/p>\n\n\n\n<p><strong>Projetos<\/strong><\/p>\n\n\n\n<p>Voc\u00ea ainda pode participar dos nossos projetos com suas doa\u00e7\u00f5es. Para saber como, procure o Presb\u00edtero Jan Uilles ou o Presb\u00edtero Roberto Vieira. Sua participa\u00e7\u00e3o e contribui\u00e7\u00e3o s\u00e3o muito importantes. Lembre-se do que ensina a Palavra de Deus: cada um contribua segundo tiver proposto no cora\u00e7\u00e3o, n\u00e3o por tristeza ou necessidade, porque Deus ama ao que d\u00e1 com alegria (2 Cor\u00edntios 9.7).<\/p>\n\n\n\n<p><strong>Federa\u00e7\u00e3o de SAFs<\/strong><\/p>\n\n\n\n<p>No dia 6 de setembro de 2025, \u00e0s 14h, teremos no sal\u00e3o da igreja a Jornada Mission\u00e1ria, com bazar mission\u00e1rio. Convidamos toda a igreja para participar desse momento especial na casa do Senhor.<\/p>\n\n\n\n<p><strong>Sociedades<\/strong><\/p>\n\n\n\n<p>Vem a\u00ed o NAUPA (Encontro Nacional de Adolescentes). Ser\u00e1 entre os dias 29 de janeiro e 1\u00ba de fevereiro de 2025, na Est\u00e2ncia \u00c1rvore da Vida, em Sumar\u00e9, SP. N\u00e3o perca esta oportunidade. O endere\u00e7o para inscri\u00e7\u00f5es e informa\u00e7\u00f5es \u00e9 <a href=\"http:\/\/bit.ly\/naupa-2026\" target=\"_blank\" rel=\"noreferrer noopener\">bit.ly\/naupa-2026<\/a>. J\u00e1 est\u00e1 sendo organizada uma caravana de \u00f4nibus saindo de Bras\u00edlia.<\/p>\n\n\n\n<p><strong>F\u00e9rias Pastorais<\/strong><\/p>\n\n\n\n<p>O Reverendo Marthon gozar\u00e1 de 9 dias de f\u00e9rias referentes ao ano de 2024, dos dias 19 a 27 deste m\u00eas. Nestes dias, o vice-presidente, Presb\u00edtero Paulo, assume a presid\u00eancia do conselho.<\/p>\n\n\n\n<p><strong>Simp\u00f3sio<\/strong><\/p>\n\n\n\n<p>Nosso simp\u00f3sio este ano ter\u00e1 como tema Cria\u00e7\u00e3o, Queda, Reden\u00e7\u00e3o e Consuma\u00e7\u00e3o. Novos estudos, nova metodologia, mas o mesmo desejo de aben\u00e7oar a todos. Oportunidade para os novos convertidos e visitantes conhecerem princ\u00edpios b\u00e1sicos da f\u00e9 crist\u00e3 e para os membros da igreja se desenvolverem na f\u00e9 e se capacitarem para ensinar as verdades evang\u00e9licas. A programa\u00e7\u00e3o ser\u00e1 nos dias 30 e 31 de julho e 1 de agosto. O encerramento ser\u00e1 no culto noturno, dia 3.<\/p>\n\n\n\n<p><strong>Escala da Junta Diaconal<br><em>Semana de 20 a 26\/07<\/em><\/strong><\/p>\n\n\n\n<ul>\n<li>Domingo 20\/07: Edmar<\/li>\n\n\n\n<li>Ter\u00e7a 22\/07: Thiago e D\u00eanis<\/li>\n\n\n\n<li>Quinta 24\/07: Samuel<\/li>\n<\/ul>\n\n\n\n<p><strong>Liturgia do Culto Noturno<br><em>Liturgo: Presb\u00edtero Carlos Moreschi<\/em><\/strong><\/p>\n\n\n\n<ul>\n<li>Leitura b\u00edblica \u2013 Mateus 5:1-12<\/li>\n\n\n\n<li>Ora\u00e7\u00e3o de invoca\u00e7\u00e3o<\/li>\n\n\n\n<li>Leitura b\u00edblica \u2013 Mateus 5:13-16<\/li>\n\n\n\n<li>Louvor \u2013 Hino n\u00ba 19<\/li>\n\n\n\n<li>Leitura b\u00edblica \u2013 Mateus 6:9-14<\/li>\n\n\n\n<li>Ora\u00e7\u00e3o de contri\u00e7\u00e3o (confiss\u00e3o de pecados)<\/li>\n\n\n\n<li>Louvor \u2013 Hino n\u00ba 38<\/li>\n\n\n\n<li>Leitura b\u00edblica \u2013 Mateus 6:25-34<\/li>\n\n\n\n<li>Ora\u00e7\u00e3o intercess\u00f3ria \u2013 pastorais<\/li>\n\n\n\n<li>Oportunidade para o Grupo de Louvor e recolhimento de d\u00edzimos e ofertas<\/li>\n\n\n\n<li>Ora\u00e7\u00e3o de gratid\u00e3o pelos d\u00edzimos, ofertas e crian\u00e7as<\/li>\n\n\n\n<li>Prega\u00e7\u00e3o pelo Presb\u00edtero Jorge Marques<\/li>\n\n\n\n<li>Ora\u00e7\u00e3o final e b\u00ean\u00e7\u00e3o apost\u00f3lica<\/li>\n\n\n\n<li>Posl\u00fadio e avisos<\/li>\n<\/ul>\n\n\n\n<p><strong>Visitantes<\/strong><\/p>\n\n\n\n<p>Sua presen\u00e7a em nossa igreja \u00e9 motivo de grande alegria, e desejamos que, assim como fomos aben\u00e7oados com sua visita, sua presen\u00e7a em nosso meio tenha sido uma alegre colheita de b\u00ean\u00e7\u00e3os espirituais. Desejamos que voc\u00ea desfrute da comunh\u00e3o com Deus e da nossa comunh\u00e3o. Se desejar fazer desta casa sua casa de ora\u00e7\u00e3o, tornando-se membro de nossa igreja, ser\u00e1 muito bem-vindo. Venha conhecer mais sobre nossa igreja no simp\u00f3sio (informa\u00e7\u00f5es neste boletim). Que o Senhor te aben\u00e7oe ricamente. Queremos retribuir sua visita.<\/p>\n\n\n\n<p><strong>Aniversariantes (20 a 26\/07)<\/strong><\/p>\n\n\n\n<ul>\n<li>Dia 20 Marlyene e Luiz Fernando (cas.)<\/li>\n\n\n\n<li>Dia 22 Elaine Cristina de Souza Silva<\/li>\n\n\n\n<li>Dia 24 Davi Almeida Rodrigues<\/li>\n\n\n\n<li>Dia 26 Amanda Leandro de Lima Costa<\/li>\n<\/ul>\n\n\n\n<p>Faltou o seu nome? Se voc\u00ea \u00e9 membro da igreja e deseja que nos alegremos com voc\u00ea, por gentileza, atualize seu cadastro.<\/p>\n\n\n\n<p><strong>Pa\u00eds de Ora\u00e7\u00e3o da Semana: Pa\u00eds de Gales<\/strong><\/p>\n\n\n\n<p>O Pa\u00eds de Gales, parte do Reino Unido, tem cerca de 3,1 milh\u00f5es de habitantes, com o cristianismo como religi\u00e3o predominante (57,6%, segundo o censo de 2011), mas enfrenta crescente secularismo. Crist\u00e3os evang\u00e9licos, incluindo reformados, representam cerca de 5% (150.000), segundo o Evangelical Alliance UK. A Igreja Presbiteriana do Pa\u00eds de Gales, de tradi\u00e7\u00e3o reformada, tem lutado para manter sua relev\u00e2ncia em meio \u00e0 queda no comparecimento \u00e0s igrejas. Ore pelos crist\u00e3os galeses, para que sejam fortalecidos na f\u00e9 e promovam um reavivamento espiritual em um contexto de secularismo. Pe\u00e7a por ousadia para compartilhar o Evangelho e por l\u00edderes que inspirem renova\u00e7\u00e3o nas igrejas. Interceda pelo governo local, para que apoie a liberdade religiosa, e pela economia (PIB per capita de ~US$ 30.000).<br><em>Fontes: Evangelical Alliance UK, Portas Abertas, UK Office for National Statistics<\/em><\/p>\n\n\n\n<figure class=\"wp-block-image size-medium\"><img loading=\"lazy\" decoding=\"async\" width=\"300\" height=\"180\" src=\"https:\/\/3ipt.org.br\/site\/wp-content\/uploads\/2025\/07\/Pais-de-Gales-300x180.png\" alt=\"Pa\u00eds de Gales\" class=\"wp-image-4703\" srcset=\"https:\/\/3ipt.org.br\/site\/wp-content\/uploads\/2025\/07\/Pais-de-Gales-300x180.png 300w, https:\/\/3ipt.org.br\/site\/wp-content\/uploads\/2025\/07\/Pais-de-Gales.png 640w\" sizes=\"(max-width: 300px) 100vw, 300px\" \/><\/figure>\n","protected":false},"excerpt":{"rendered":"<p>Vers\u00e3o para impress\u00e3o: Adorando a Deus em Ora\u00e7\u00e3o \u201cPortanto, j\u00e1 que estamos recebendo um reino inabal\u00e1vel, sejamos agradecidos e, desse modo, adoremos a Deus de forma agrad\u00e1vel, com rever\u00eancia e temor.\u201dHebreus 12.28 A adora\u00e7\u00e3o deve fazer parte das nossas ora\u00e7\u00f5es di\u00e1rias. Adoramos a Deus por aquilo que Ele \u00e9. E Deus \u00e9 bom, soberano, absoluto&#8230;<\/p>\n","protected":false},"author":1,"featured_media":0,"comment_status":"open","ping_status":"open","sticky":false,"template":"","format":"standard","meta":{"footnotes":""},"categories":[4],"tags":[],"_links":{"self":[{"href":"https:\/\/3ipt.org.br\/site\/wp-json\/wp\/v2\/posts\/4701"}],"collection":[{"href":"https:\/\/3ipt.org.br\/site\/wp-json\/wp\/v2\/posts"}],"about":[{"href":"https:\/\/3ipt.org.br\/site\/wp-json\/wp\/v2\/types\/post"}],"author":[{"embeddable":true,"href":"https:\/\/3ipt.org.br\/site\/wp-json\/wp\/v2\/users\/1"}],"replies":[{"embeddable":true,"href":"https:\/\/3ipt.org.br\/site\/wp-json\/wp\/v2\/comments?post=4701"}],"version-history":[{"count":1,"href":"https:\/\/3ipt.org.br\/site\/wp-json\/wp\/v2\/posts\/4701\/revisions"}],"predecessor-version":[{"id":4704,"href":"https:\/\/3ipt.org.br\/site\/wp-json\/wp\/v2\/posts\/4701\/revisions\/4704"}],"wp:attachment":[{"href":"https:\/\/3ipt.org.br\/site\/wp-json\/wp\/v2\/media?parent=4701"}],"wp:term":[{"taxonomy":"category","embeddable":true,"href":"https:\/\/3ipt.org.br\/site\/wp-json\/wp\/v2\/categories?post=4701"},{"taxonomy":"post_tag","embeddable":true,"href":"https:\/\/3ipt.org.br\/site\/wp-json\/wp\/v2\/tags?post=4701"}],"curies":[{"name":"wp","href":"https:\/\/api.w.org\/{rel}","templated":true}]}}