{"id":4711,"date":"2025-08-03T08:00:00","date_gmt":"2025-08-03T11:00:00","guid":{"rendered":"https:\/\/3ipt.org.br\/site\/?p=4711"},"modified":"2025-08-03T08:04:16","modified_gmt":"2025-08-03T11:04:16","slug":"boletim-informativo-no-31-2025","status":"publish","type":"post","link":"https:\/\/3ipt.org.br\/site\/boletim\/boletim-informativo-no-31-2025\/","title":{"rendered":"Boletim Informativo n\u00ba 31\/2025"},"content":{"rendered":"\nVers\u00e3o para impress\u00e3o: <a href=\"https:\/\/3ipt.org.br\/site\/wp-content\/uploads\/2025\/08\/Boletim-31-2025-print.pdf\"><img loading=\"lazy\" decoding=\"async\" class=\"alignleft wp-image-60\" src=\"http:\/\/3ipt.org.br\/site\/wp-content\/uploads\/2018\/09\/baseline_picture_as_pdf_black_18dp.png\" alt=\"pdf logo\" width=\"24\" height=\"24\"><\/a>\n\n\n\n<h2 class=\"wp-block-heading\">Cristo e a Igreja<\/h2>\n\n\n\n<blockquote class=\"wp-block-quote is-layout-flow wp-block-quote-is-layout-flow\">\n<p>\u201cPorque somos cria\u00e7\u00e3o de Deus realizada em Cristo Jesus para fazermos boas obras, as quais Deus preparou de antem\u00e3o para que n\u00f3s as pratic\u00e1ssemos.\u201d<br>Ef\u00e9sios 2:10<\/p>\n<\/blockquote>\n\n\n\n<p>Nos meus primeiros dias na igreja, eu me envolvia intensamente \u2013 ajudava em todas as atividades, congressos, passeios e trabalhos evangel\u00edsticos. Preguei pela primeira vez quatro dias ap\u00f3s minha p\u00fablica profiss\u00e3o de f\u00e9. N\u00e3o era ativismo, mas um desejo profundo de me conectar com a nova fam\u00edlia. Queria compreender o que era a igreja e decifrar aquela multid\u00e3o de siglas (UMP, UPA, SAF, UPH, MUSI etc.). Precisava entender a institui\u00e7\u00e3o da qual come\u00e7ava a fazer parte. Demorei para perceber que era essencial enxergar a igreja pelo olhar de Jesus \u2013 s\u00f3 assim eu saberia meu prop\u00f3sito ali. Merida, em Ame a Igreja, destaca que a igreja n\u00e3o deve ser entendida por experi\u00eancias ou prefer\u00eancias pessoais, mas pelas lentes das Escrituras. Comumente, chamamos a igreja de \u201cminha igreja\u201d, mas pertencer a uma igreja significa dedicar-se vitalmente a uma comunidade centrada no evangelho \u2013 se n\u00e3o for assim, n\u00e3o \u00e9 igreja verdadeira \u2013 onde h\u00e1 servi\u00e7o m\u00fatuo com alegria, para cumprir a miss\u00e3o confiada por Cristo. O evangelho \u00e9 s\u00e9rio, mas nunca triste. Evangelho \u00e9 \u201cboas novas\u201d, alegria pelas b\u00ean\u00e7\u00e3os que Deus derramou sobre o crente por meio de Cristo, uma alegria exuberante e transbordante. Mesmo em meio ao sofrimento, o crente encontra alegria na salva\u00e7\u00e3o graciosa em Cristo Jesus (2 Cor\u00edntios 6:10). A igreja militante \u00e9 formada por aqueles que t\u00eam o privil\u00e9gio de pertencer ao povo da nova alian\u00e7a de Deus, salvos pelo arrependimento e f\u00e9 em Cristo, recebem o Esp\u00edrito Santo e se re\u00fanem localmente para ouvir a prega\u00e7\u00e3o da Palavra, cultuar e adorar sob lideran\u00e7a capacitada por Deus, que conduz a igreja no servi\u00e7o m\u00fatuo e no testemunho da f\u00e9 aos de fora. A B\u00edblia rejeita a ideia de uma igreja unipessoal, pois Cristo se entregou para remir um povo zeloso de boas obras (Tito 2:14). Cristo morreu para salvar voc\u00ea, para que fosse parte de um povo purificado por Ele. Antes da f\u00e9, o indiv\u00edduo \u00e9 apenas uma ovelha perdida, mas, pela f\u00e9, torna-se parte do povo de Deus (1 Pedro 2:10). Ningu\u00e9m pode pertencer ao povo de Deus sem fazer parte de uma igreja local, vis\u00edvel, exceto em contextos extremos de persegui\u00e7\u00e3o ou isolamento for\u00e7ado. Voc\u00ea prova ser parte da igreja eterna ao se identificar com uma comunidade local, vivendo a uni\u00e3o espiritual com Cristo junto a outros que tamb\u00e9m experimentam essa vida. O Novo Testamento deixa claro que o pertencimento \u00e0 igreja \u00e9 fundamental, com crist\u00e3os genuinamente comprometidos com a igreja local. Pertencimento \u00e9 um privil\u00e9gio \u2013 e uma responsabilidade \u2013 de todo crist\u00e3o. Pertencer \u00e9 mais do que estar presente; \u00e9 ser parte do povo de Deus e se comprometer com sua igreja na terra.<\/p>\n\n\n\n<p><em>Reverendo Marthon Mendes<\/em><\/p>\n\n\n\n<p><strong>Nossa Agenda<\/strong><br><strong><em>Ter\u00e7a-feira \u2013 Ora\u00e7\u00e3o<\/em><\/strong><\/p>\n\n\n\n<p>Convidamos voc\u00ea para meia hora de ora\u00e7\u00e3o, das 19h30 \u00e0s 20h00, nas ter\u00e7as-feiras, em uma reuni\u00e3o que n\u00e3o \u00e9 transmitida nem gravada. Oramos agradecendo pelas b\u00ean\u00e7\u00e3os recebidas, intercedendo para que Deus tenha miseric\u00f3rdia de nossa na\u00e7\u00e3o e pedindo sabedoria e vigor para as lideran\u00e7as da igreja. Intercedemos por irm\u00e3os, amigos e familiares que enfrentam problemas ou est\u00e3o fracos na f\u00e9. Oramos pelos enfermos, para que Deus os cure, e por seus familiares, para que Deus os sustente durante o tratamento. De forma especial, oremos pela sa\u00fade das irm\u00e3s \u00c1urea e Sueli, e dos irm\u00e3os Miguel, Presb\u00edtero Jorge e Presb\u00edtero Nivaldo. Suplicamos por dire\u00e7\u00e3o para nossos projetos pessoais e da igreja. Se voc\u00ea tem um pedido de ora\u00e7\u00e3o, envie via WhatsApp para (61) 99107-8708 ou preencha o cart\u00e3o na mesinha da entrada da igreja. Mesmo que n\u00e3o possa comparecer, oraremos por voc\u00ea e pelo seu pedido.<\/p>\n\n\n\n<p><strong><em>Ter\u00e7a-feira \u2013 Estudo B\u00edblico<\/em><\/strong><\/p>\n\n\n\n<p>Caso n\u00e3o consiga comparecer ao per\u00edodo de ora\u00e7\u00e3o, voc\u00ea pode chegar \u00e0s 20h00 para o estudo b\u00edblico. A partir das 20h00, estudo b\u00edblico apostilado com o tema Estudos no Breve Catecismo de Westminster, pergunta 25, O Redentor Sacerdotal, com transmiss\u00e3o ao vivo em nosso canal no YouTube. Assista, inscreva-se no canal e divulgue para conseguir pelo menos mais uma inscri\u00e7\u00e3o. Se cada membro da igreja conseguir mais uma inscri\u00e7\u00e3o, logo atingiremos os 1000 inscritos. Para receber a apostila digital, solicite sua inclus\u00e3o no grupo de estudos, exclusivamente para informa\u00e7\u00f5es e envio das apostilas, que \u00e9 diferente do grupo de relacionamentos da igreja.<\/p>\n\n\n\n<p><strong><em>Quinta-feira<\/em><\/strong><\/p>\n\n\n\n<p>A partir das 20h00, a igreja se re\u00fane nas casas dos irm\u00e3os, seguindo o exemplo da igreja primitiva (Atos 2:46; 10:22; 16:15; 16:34) para edifica\u00e7\u00e3o, comunh\u00e3o e ora\u00e7\u00e3o. Voc\u00ea pode receber um dos encontros na sua casa, mesmo que ainda n\u00e3o seja membro da igreja. Uma boa sugest\u00e3o: que tal comemorar seu anivers\u00e1rio com a igreja em uma dessas datas? Ainda n\u00e3o temos local definido para a pr\u00f3xima quinta-feira e para todo o m\u00eas de agosto.<\/p>\n\n\n\n<p><strong><em>Domingo<\/em><\/strong><\/p>\n\n\n\n<p>\u00c0s 9h00, Escola B\u00edblica. Aula para jovens e adultos sobre o Credo Apost\u00f3lico: Eu Creio na Santidade da Igreja, com ministra\u00e7\u00e3o da aula pelo Reverendo Marthon Mendes. As crian\u00e7as e adolescentes t\u00eam estudos pr\u00f3prios, em linguagem adequada \u00e0 sua faixa et\u00e1ria.<br>\u00c0s 18h30, Culto Solene ao Senhor, com adora\u00e7\u00e3o, dedica\u00e7\u00e3o pessoal e edifica\u00e7\u00e3o \u00e0 luz das Escrituras, tendo como pregador o Reverendo Marthon Mendes.<\/p>\n\n\n\n<p><strong>D\u00edzimos e Ofertas<\/strong><\/p>\n\n\n\n<p>Em Deuteron\u00f4mio 14:22-25, a B\u00edblia ensina que o d\u00edzimo \u00e9 uma demonstra\u00e7\u00e3o de gratid\u00e3o pelas b\u00ean\u00e7\u00e3os que Deus deu e uma prova de fidelidade por devolver o que \u00e9 devido ao Senhor. Para entregar seus d\u00edzimos e ofertas via Pix, especifique o que \u00e9 d\u00edzimo e o que \u00e9 oferta, utilizando o CNPJ da igreja 00.574.079\/0001-64. Para ofertas especiais, como doa\u00e7\u00f5es para novos projetos da igreja, fa\u00e7a seu dep\u00f3sito no Banco Santander, ag\u00eancia 3328, conta corrente 13000174-8.<\/p>\n\n\n\n<p><strong>Doa\u00e7\u00f5es<\/strong><\/p>\n\n\n\n<p>Voc\u00ea pode doar a qualquer tempo, mas a Junta Diaconal orienta os irm\u00e3os que fazem doa\u00e7\u00f5es para as cestas b\u00e1sicas a trazerem sua oferta at\u00e9 o dia 15 de cada m\u00eas. As doa\u00e7\u00f5es podem ser entregues aos di\u00e1conos de plant\u00e3o ou deixadas no local indicado. Se quiser participar da b\u00ean\u00e7\u00e3o de contribuir, fale com um dos nossos di\u00e1conos.<\/p>\n\n\n\n<p><strong>Catecismo Maior de Westminster<\/strong><\/p>\n\n\n\n<ol start=\"173\">\n<li>Como deve ser administrada a Ceia do Senhor? A Ceia do Senhor deve ser administrada com a devida rever\u00eancia e conforme a institui\u00e7\u00e3o de Cristo, com a distribui\u00e7\u00e3o do p\u00e3o e do vinho, acompanhada de ora\u00e7\u00e3o, a\u00e7\u00e3o de gra\u00e7as e a explica\u00e7\u00e3o do significado do sacramento, para que os participantes sejam fortalecidos na f\u00e9 e na comunh\u00e3o com Cristo. Mateus 26:26-28; 1 Cor\u00edntios 11:23-26; Marcos 14:22-24; Lucas 22:19-20.<\/li>\n<\/ol>\n\n\n\n<p><strong>Pergunte ao Pastor<\/strong><\/p>\n\n\n\n<p>Envie sua pergunta para <a href=\"mailto:pergunte@3ipt.org.br\">pergunte@3ipt.org.br<\/a>. Todas as perguntas s\u00e3o respondidas; tenha paci\u00eancia. As respostas s\u00e3o publicadas anonimamente em nosso site, exceto se o autor solicitar divulga\u00e7\u00e3o do nome.<\/p>\n\n\n\n<p><strong>Lei Geral de Prote\u00e7\u00e3o de Dados<\/strong><\/p>\n\n\n\n<p>Informamos aos nossos irm\u00e3os, amigos e visitantes que as imagens do culto podem ser disponibilizadas na rede mundial de computadores em v\u00eddeo e fotografias. Se voc\u00ea tem alguma obje\u00e7\u00e3o \u00e0 publica\u00e7\u00e3o de sua imagem, por gentileza, informe a um dos nossos di\u00e1conos.<\/p>\n\n\n\n<p><strong>Projetos<\/strong><\/p>\n\n\n\n<p>Voc\u00ea ainda pode participar dos nossos projetos com suas doa\u00e7\u00f5es. Para saber como, procure o Presb\u00edtero Jan Uilles ou o Presb\u00edtero Roberto Vieira. Sua participa\u00e7\u00e3o e contribui\u00e7\u00e3o s\u00e3o muito importantes. Lembre-se do que ensina a Palavra de Deus: cada um contribua segundo tiver proposto no cora\u00e7\u00e3o, n\u00e3o por tristeza ou necessidade, porque Deus ama ao que d\u00e1 com alegria (2 Cor\u00edntios 9:7).<\/p>\n\n\n\n<p><strong>Federa\u00e7\u00e3o de SAFs<\/strong><\/p>\n\n\n\n<p>No dia 6 de setembro de 2025, \u00e0s 14h, teremos no sal\u00e3o da igreja a Jornada Mission\u00e1ria, com bazar mission\u00e1rio. Convidamos toda a igreja para participar desse momento especial na casa do Senhor.<\/p>\n\n\n\n<p><strong>Simp\u00f3sio<\/strong><\/p>\n\n\n\n<p>Infelizmente, n\u00e3o conseguimos realizar o Simp\u00f3sio sobre os Grandes Temas do Evangelho: Cria\u00e7\u00e3o, Queda, Reden\u00e7\u00e3o e Consuma\u00e7\u00e3o. Com a gra\u00e7a do nosso bom Deus, desejamos realiz\u00e1-lo no m\u00eas de outubro, m\u00eas da Reforma Protestante.<\/p>\n\n\n\n<p><strong>Sociedades<\/strong><\/p>\n\n\n\n<p>Vem a\u00ed o NAUPA (Encontro Nacional de Adolescentes). Ser\u00e1 entre os dias 29 de janeiro e 1\u00ba de fevereiro de 2025, na Est\u00e2ncia \u00c1rvore da Vida, em Sumar\u00e9, SP. N\u00e3o perca esta oportunidade. O endere\u00e7o para inscri\u00e7\u00f5es e informa\u00e7\u00f5es \u00e9 bit.ly\/naupa-2026. J\u00e1 est\u00e1 sendo organizada uma caravana de \u00f4nibus saindo de Bras\u00edlia.<\/p>\n\n\n\n<p><strong>Escala da Junta Diaconal<br><em>Semana de 03 a 09\/08<\/em><\/strong><\/p>\n\n\n\n<ul>\n<li>Domingo 03\/08: Manoel e Thiago<\/li>\n\n\n\n<li>Ter\u00e7a 05\/08: (a definir)<\/li>\n\n\n\n<li>Quinta 07\/08: (a definir)<\/li>\n<\/ul>\n\n\n\n<p><strong>Liturgia do Culto Noturno<br><em>Liturgo: Presb\u00edtero Jan Uiles<\/em><\/strong><\/p>\n\n\n\n<ul>\n<li>Leitura b\u00edblica \u2013 Salmo 103:1<\/li>\n\n\n\n<li>Ora\u00e7\u00e3o de invoca\u00e7\u00e3o<\/li>\n\n\n\n<li>Louvor \u2013 Hino n\u00ba 26<\/li>\n\n\n\n<li>Ora\u00e7\u00e3o de adora\u00e7\u00e3o<\/li>\n\n\n\n<li>Leitura b\u00edblica \u2013 Salmo 103<\/li>\n\n\n\n<li>Louvor \u2013 Hino n\u00ba 108<\/li>\n\n\n\n<li>Ora\u00e7\u00e3o de contri\u00e7\u00e3o (confiss\u00e3o de pecados)<\/li>\n\n\n\n<li>Oportunidade para o Grupo de Louvor e recolhimento de d\u00edzimos e ofertas<\/li>\n\n\n\n<li>Ora\u00e7\u00e3o de gratid\u00e3o pelos d\u00edzimos, ofertas e crian\u00e7as<\/li>\n\n\n\n<li>Ora\u00e7\u00e3o intercess\u00f3ria \u2013 pastorais<\/li>\n\n\n\n<li>Prega\u00e7\u00e3o &#8211; Reverendo Marthon Mendes<\/li>\n\n\n\n<li>Ora\u00e7\u00e3o final e b\u00ean\u00e7\u00e3o apost\u00f3lica<\/li>\n\n\n\n<li>Posl\u00fadio e avisos<\/li>\n<\/ul>\n\n\n\n<p><strong>Visitantes<\/strong><\/p>\n\n\n\n<p>Sua presen\u00e7a em nossa igreja \u00e9 motivo de grande alegria, e desejamos que, assim como fomos aben\u00e7oados com sua visita, sua presen\u00e7a em nosso meio tenha sido uma alegre colheita de b\u00ean\u00e7\u00e3os espirituais. Desejamos que voc\u00ea desfrute da comunh\u00e3o com Deus e da nossa comunh\u00e3o. Se desejar fazer desta casa sua casa de ora\u00e7\u00e3o, tornando-se membro de nossa igreja, ser\u00e1 muito bem-vindo. Venha conhecer mais sobre nossa igreja no simp\u00f3sio (informa\u00e7\u00f5es neste boletim). Que o Senhor te aben\u00e7oe ricamente. Queremos retribuir sua visita.<\/p>\n\n\n\n<p><strong>Aniversariantes (03 a 09\/08)<\/strong><\/p>\n\n\n\n<p>Dia 04\/08 Gisele Marques de Souza<br>Dia 07\/08 Helane e Samuel (cas.)<\/p>\n\n\n\n<p>Faltou o seu nome? Se voc\u00ea \u00e9 membro da igreja e deseja que nos alegremos com voc\u00ea, por gentileza, atualize seu cadastro.<\/p>\n\n\n\n<p><strong>Pa\u00eds de Ora\u00e7\u00e3o da Semana: Panam\u00e1<\/strong><\/p>\n\n\n\n<p>O Panam\u00e1, com cerca de 4,4 milh\u00f5es de habitantes, \u00e9 um pa\u00eds da Am\u00e9rica Central conhecido por seu canal interoce\u00e2nico. Cerca de 85% da popula\u00e7\u00e3o se identifica como crist\u00e3, com 20% sendo protestantes, mas a igreja enfrenta desafios como o sincretismo com pr\u00e1ticas espiritistas e a influ\u00eancia do secularismo. A economia, baseada no com\u00e9rcio e no turismo, sofre com desigualdade social, afetando comunidades vulner\u00e1veis. Ore para que as igrejas protestantes no Panam\u00e1 sejam firmes na prega\u00e7\u00e3o do evangelho puro, resistindo ao sincretismo. Pe\u00e7a por l\u00edderes capacitados para discipular novos convertidos e por estrat\u00e9gias mission\u00e1rias que alcancem os jovens e as comunidades ind\u00edgenas. Ore tamb\u00e9m pela justi\u00e7a social, para que o governo enfrente a corrup\u00e7\u00e3o e promova igualdade. Que o Esp\u00edrito Santo fortale\u00e7a a igreja panamenha para ser luz em meio aos desafios.<br>Fontes: Portas Abertas, Operation World<\/p>\n\n\n\n<figure class=\"wp-block-image size-full\"><img loading=\"lazy\" decoding=\"async\" width=\"124\" height=\"88\" src=\"https:\/\/3ipt.org.br\/site\/wp-content\/uploads\/2018\/10\/panama.jpg\" alt=\"Panam\u00e1\" class=\"wp-image-420\"\/><\/figure>\n","protected":false},"excerpt":{"rendered":"<p>Vers\u00e3o para impress\u00e3o: Cristo e a Igreja \u201cPorque somos cria\u00e7\u00e3o de Deus realizada em Cristo Jesus para fazermos boas obras, as quais Deus preparou de antem\u00e3o para que n\u00f3s as pratic\u00e1ssemos.\u201dEf\u00e9sios 2:10 Nos meus primeiros dias na igreja, eu me envolvia intensamente \u2013 ajudava em todas as atividades, congressos, passeios e trabalhos evangel\u00edsticos. Preguei pela&#8230;<\/p>\n","protected":false},"author":1,"featured_media":0,"comment_status":"open","ping_status":"open","sticky":false,"template":"","format":"standard","meta":{"footnotes":""},"categories":[4],"tags":[],"_links":{"self":[{"href":"https:\/\/3ipt.org.br\/site\/wp-json\/wp\/v2\/posts\/4711"}],"collection":[{"href":"https:\/\/3ipt.org.br\/site\/wp-json\/wp\/v2\/posts"}],"about":[{"href":"https:\/\/3ipt.org.br\/site\/wp-json\/wp\/v2\/types\/post"}],"author":[{"embeddable":true,"href":"https:\/\/3ipt.org.br\/site\/wp-json\/wp\/v2\/users\/1"}],"replies":[{"embeddable":true,"href":"https:\/\/3ipt.org.br\/site\/wp-json\/wp\/v2\/comments?post=4711"}],"version-history":[{"count":1,"href":"https:\/\/3ipt.org.br\/site\/wp-json\/wp\/v2\/posts\/4711\/revisions"}],"predecessor-version":[{"id":4713,"href":"https:\/\/3ipt.org.br\/site\/wp-json\/wp\/v2\/posts\/4711\/revisions\/4713"}],"wp:attachment":[{"href":"https:\/\/3ipt.org.br\/site\/wp-json\/wp\/v2\/media?parent=4711"}],"wp:term":[{"taxonomy":"category","embeddable":true,"href":"https:\/\/3ipt.org.br\/site\/wp-json\/wp\/v2\/categories?post=4711"},{"taxonomy":"post_tag","embeddable":true,"href":"https:\/\/3ipt.org.br\/site\/wp-json\/wp\/v2\/tags?post=4711"}],"curies":[{"name":"wp","href":"https:\/\/api.w.org\/{rel}","templated":true}]}}