{"id":4724,"date":"2025-08-24T08:00:00","date_gmt":"2025-08-24T11:00:00","guid":{"rendered":"https:\/\/3ipt.org.br\/site\/?p=4724"},"modified":"2025-08-23T12:31:19","modified_gmt":"2025-08-23T15:31:19","slug":"boletim-informativo-no-34-2025","status":"publish","type":"post","link":"https:\/\/3ipt.org.br\/site\/boletim\/boletim-informativo-no-34-2025\/","title":{"rendered":"Boletim Informativo n\u00ba 34\/2025"},"content":{"rendered":"\nVers\u00e3o para impress\u00e3o: <a href=\"https:\/\/3ipt.org.br\/site\/wp-content\/uploads\/2025\/08\/Boletim-34-2025-print.pdf\"><img loading=\"lazy\" decoding=\"async\" class=\"alignleft wp-image-60\" src=\"http:\/\/3ipt.org.br\/site\/wp-content\/uploads\/2018\/09\/baseline_picture_as_pdf_black_18dp.png\" alt=\"pdf logo\" width=\"24\" height=\"24\"><\/a>\n\n\n\n<h2 class=\"wp-block-heading\">Resultados da Ora\u00e7\u00e3o de Confiss\u00e3o<\/h2>\n\n\n\n<blockquote class=\"wp-block-quote is-layout-flow wp-block-quote-is-layout-flow\">\n<p>\u201cConfessei-te o meu pecado e a minha iniquidade n\u00e3o mais ocultei. Disse: confessarei ao Senhor as minhas transgress\u00f5es; e tu perdoaste a iniquidade do meu pecado. Sendo assim, todo homem piedoso te far\u00e1 s\u00faplicas em tempo de poder encontrar-te.\u201d<br>Salmos 32.5-6a<\/p>\n<\/blockquote>\n\n\n\n<p>Hoje, falaremos sobre dois homens que, reconhecendo seus pecados, entraram em um salv\u00edfico arrazoado com Deus, conforme Ele requer, segundo as palavras proferidas por meio do profeta Isa\u00edas: \u201cVinde, pois, e arrazoemos, diz o Senhor; ainda que os vossos pecados sejam como a escarlate, eles se tornar\u00e3o brancos como a neve; ainda que sejam vermelhos como o carmesim, se tornar\u00e3o como a l\u00e3\u201d (Isa\u00edas 1.18). O primeiro \u00e9 o publicano, com o qual aprendemos que a ora\u00e7\u00e3o de confiss\u00e3o move o amor que justifica o pecador. O evangelista Lucas narra que ele subiu ao templo com o prop\u00f3sito de orar, assim como um fariseu que \u201corava de si para si mesmo, desta forma: \u00d3 Deus, gra\u00e7as te dou porque n\u00e3o sou como os demais homens, roubadores, injustos e ad\u00falteros, nem ainda como este publicano\u201d. Mas o publicano, estando em p\u00e9, longe, n\u00e3o ousava nem levantar os olhos ao c\u00e9u, batia no peito, dizendo: \u00d3 Deus, s\u00ea prop\u00edcio a mim (tem pena de mim, NTLH; tem miseric\u00f3rdia de mim, NVT), pecador! (Lucas 18.9-13). O Senhor Jesus conclui esta par\u00e1bola dizendo que o publicano \u201cdesceu justificado para sua casa\u201d, e n\u00e3o o fariseu (Lucas 18.14). O segundo homem \u00e9 o ladr\u00e3o na cruz, com quem aprendemos que a ora\u00e7\u00e3o de confiss\u00e3o move o poder de Deus para salvar o pecador. Neste homem, encontramos um cl\u00e1ssico exemplo de ora\u00e7\u00e3o de confiss\u00e3o e arrependimento, que brota de um esp\u00edrito humilhado. Ele, penitentemente, reconheceu suas culpas, admitindo o car\u00e1ter justo da puni\u00e7\u00e3o que recebia, dizendo: \u201cA nossa puni\u00e7\u00e3o \u00e9 justa, porque estamos recebendo o castigo que os nossos atos merecem\u201d. Em seguida, orou: \u201cJesus, lembra-te de mim quando vieres no teu reino\u201d (Lucas 23.39-42). O Salvador disse \u00e0quele pecador, em seus \u00faltimos instantes de vida: \u201cEm verdade te digo que hoje estar\u00e1s comigo no para\u00edso\u201d (Lucas 23.43). Conforme a garantia de Ef\u00e9sios 3.20, aquele pecador recebeu infinitamente mais do que pediu, pois pediu apenas uma lembran\u00e7a e ouviu da sacrossanta boca do Redentor a garantia de que, naquele mesmo dia, estaria com Jesus no eterno e formoso lar.<\/p>\n\n\n\n<p><em>Com f\u00e9 no amor e poder de Jesus para salvar \u2013 seu conservo no Senhor<br>Reverendo Jos\u00e9 Loures Rosa<\/em><\/p>\n\n\n\n<p><strong>Nossa Agenda<br><em>Ter\u00e7a-feira \u2013 Ora\u00e7\u00e3o<\/em><\/strong><\/p>\n\n\n\n<p>Convidamos voc\u00ea para meia hora de ora\u00e7\u00e3o, das 19h30 \u00e0s 20h00, nas ter\u00e7as-feiras, em uma reuni\u00e3o que n\u00e3o \u00e9 transmitida nem gravada. Normalmente, oramos agradecendo pelas b\u00ean\u00e7\u00e3os recebidas, intercedendo a Deus pela nossa escola Simonton e congrega\u00e7\u00e3o na Expans\u00e3o (429) e pedindo-lhe que tenha miseric\u00f3rdia de nossa na\u00e7\u00e3o, freando a iniquidade e punindo tantas injusti\u00e7as que vemos praticadas todos os dias. Tamb\u00e9m pedimos a Deus que d\u00ea sabedoria e vigor para as lideran\u00e7as da igreja. Intercedemos pelos irm\u00e3os, amigos e familiares que est\u00e3o enfrentando problemas ou est\u00e3o fracos na f\u00e9. Oramos pelos enfermos, para que Deus os cure, e pelos seus familiares, para que Deus os sustente durante o per\u00edodo de tratamento. De forma especial, oremos pela sa\u00fade das irm\u00e3s Suely, \u00c1urea e dos irm\u00e3os Miguel e Presb\u00edtero Nivaldo. Suplicamos a Deus por dire\u00e7\u00e3o para nossos projetos pessoais e da igreja. Se voc\u00ea tem algum pedido de ora\u00e7\u00e3o, pode mandar via WhatsApp para o n\u00famero (61) 99107-8708 ou preencher o cart\u00e3o que se encontra na mesinha na entrada da igreja. Mesmo que voc\u00ea n\u00e3o possa comparecer, oraremos por voc\u00ea e pelo seu pedido.<\/p>\n\n\n\n<p><strong><em>Ter\u00e7a-feira \u2013 Estudo B\u00edblico<\/em><\/strong><\/p>\n\n\n\n<p>Caso n\u00e3o consiga comparecer ao per\u00edodo de ora\u00e7\u00e3o, voc\u00ea pode chegar \u00e0s 20h00 para o estudo b\u00edblico. A partir das 20h00, estudo b\u00edblico apostilado com o tema Estudos no Breve Catecismo de Westminster, Pergunta 28, A Exalta\u00e7\u00e3o de Cristo, com transmiss\u00e3o ao vivo em nosso canal no YouTube. Assista, fa\u00e7a sua inscri\u00e7\u00e3o no canal e divulgue para conseguir pelo menos mais uma inscri\u00e7\u00e3o. Se cada membro da igreja conseguir mais uma inscri\u00e7\u00e3o no nosso canal, logo atingiremos os 1000 inscritos. Se voc\u00ea quiser receber a apostila digital, pode solicitar sua inclus\u00e3o no grupo de estudos, exclusivamente para informa\u00e7\u00f5es e envio das apostilas, que \u00e9 diferente do grupo de relacionamentos da igreja.<\/p>\n\n\n\n<p><strong><em>Quinta-feira<\/em><\/strong><\/p>\n\n\n\n<p>A partir das 20h00, a igreja se re\u00fane nas casas dos irm\u00e3os, seguindo o exemplo da igreja primitiva (Atos 2.46; 10.22; 16.15; 16.34) para edifica\u00e7\u00e3o, comunh\u00e3o e ora\u00e7\u00e3o. Voc\u00ea pode receber um dos encontros na sua casa, mesmo que ainda n\u00e3o seja membro da igreja. Pr\u00f3xima quinta ser\u00e1 na casa da irm\u00e3 Francy.<\/p>\n\n\n\n<p><strong><em>Domingo<\/em><\/strong><\/p>\n\n\n\n<p>\u00c0s 9h00, Escola B\u00edblica. Aula para jovens e adultos sobre o Credo Apost\u00f3lico: Eu Creio na Remiss\u00e3o dos Pecados, com ministra\u00e7\u00e3o da aula para os adultos pelo Reverendo Marthon Mendes e para os jovens pelo Presb\u00edtero Leone Braga. As crian\u00e7as e adolescentes t\u00eam estudos pr\u00f3prios, em linguagem adequada \u00e0 sua faixa et\u00e1ria.<br>\u00c0s 18h30, Culto Solene ao Senhor, com adora\u00e7\u00e3o, dedica\u00e7\u00e3o pessoal e edifica\u00e7\u00e3o \u00e0 luz das Escrituras (1 Tessalonicenses 1.1-5: Como Reconhecer a Manifesta\u00e7\u00e3o da Elei\u00e7\u00e3o Divina), tendo como pregador o Reverendo Marthon Mendes e liturgista o Presb\u00edtero Leone Braga.<\/p>\n\n\n\n<p><strong>D\u00edzimos e Ofertas<\/strong><\/p>\n\n\n\n<p>Em Deuteron\u00f4mio 14.22-25, a B\u00edblia ensina que o d\u00edzimo \u00e9 uma demonstra\u00e7\u00e3o de gratid\u00e3o pelas b\u00ean\u00e7\u00e3os que Deus deu e uma prova de fidelidade por devolver o que \u00e9 devido ao Senhor. Para entregar seus d\u00edzimos e ofertas via Pix, especifique o que \u00e9 d\u00edzimo e o que \u00e9 oferta, utilizando o CNPJ da igreja 00.574.079\/0001-64. Para ofertas especiais, como doa\u00e7\u00f5es para novos projetos da igreja, fa\u00e7a seu dep\u00f3sito no Banco Santander, ag\u00eancia 3328, conta corrente 13000174-8.<\/p>\n\n\n\n<p><strong>Doa\u00e7\u00f5es<\/strong><\/p>\n\n\n\n<p>Voc\u00ea pode doar a qualquer tempo, mas a Junta Diaconal orienta os irm\u00e3os que fazem doa\u00e7\u00f5es para as cestas b\u00e1sicas a trazerem sua oferta at\u00e9 o dia 15 de cada m\u00eas. As doa\u00e7\u00f5es podem ser entregues aos di\u00e1conos de plant\u00e3o ou deixadas no local indicado. Se voc\u00ea quiser participar da b\u00ean\u00e7\u00e3o de contribuir, fale com um dos nossos di\u00e1conos.<\/p>\n\n\n\n<p><strong>Catecismo Maior de Westminster<\/strong><\/p>\n\n\n\n<ol start=\"176\">\n<li>Como os crist\u00e3os devem orar ap\u00f3s terem participado da Ceia do Senhor? Os crist\u00e3os devem orar com gratid\u00e3o pelas b\u00ean\u00e7\u00e3os recebidas na Ceia do Senhor, pedindo a Deus que os fortale\u00e7a em sua f\u00e9, aumente seu amor por Cristo e os capacite a viver em obedi\u00eancia, para a gl\u00f3ria de Deus. Salmos 28.7; 103.1-5; Colossenses 3.16-17; 1 Cor\u00edntios 11.17-31.<\/li>\n<\/ol>\n\n\n\n<p><strong>Pergunte ao Pastor<\/strong><\/p>\n\n\n\n<p>Envie sua pergunta para <a href=\"mailto:pergunte@3ipt.org.br\">pergunte@3ipt.org.br<\/a>. Todas as perguntas s\u00e3o respondidas; tenha paci\u00eancia. As respostas s\u00e3o publicadas anonimamente em nosso site, exceto se o autor solicitar divulga\u00e7\u00e3o do nome.<\/p>\n\n\n\n<p><strong>Lei Geral de Prote\u00e7\u00e3o de Dados<\/strong><\/p>\n\n\n\n<p>Informamos aos nossos irm\u00e3os, amigos e visitantes que as imagens do culto podem ser disponibilizadas na rede mundial de computadores em v\u00eddeo e fotografias. Se voc\u00ea tem alguma obje\u00e7\u00e3o \u00e0 publica\u00e7\u00e3o de sua imagem, por gentileza, informe a um dos nossos di\u00e1conos.<\/p>\n\n\n\n<p><strong>Projetos<\/strong><\/p>\n\n\n\n<p>Voc\u00ea ainda pode participar dos projetos com suas doa\u00e7\u00f5es. Para saber como, procure o Presb\u00edtero Jan Uilles ou o Presb\u00edtero Roberto Vieira. Sua participa\u00e7\u00e3o e contribui\u00e7\u00e3o s\u00e3o muito importantes. Lembre-se do que ensina a Palavra de Deus: cada um contribua segundo tiver proposto no cora\u00e7\u00e3o, n\u00e3o por tristeza ou necessidade, porque Deus ama ao que d\u00e1 com alegria (2 Cor\u00edntios 9.7).<\/p>\n\n\n\n<p><strong>Sociedades<\/strong><\/p>\n\n\n\n<p>Vem a\u00ed o NAUPA (Encontro Nacional de Adolescentes). Ser\u00e1 entre os dias 29 de janeiro e 1\u00ba de fevereiro de 2025, na Est\u00e2ncia \u00c1rvore da Vida, em Sumar\u00e9, SP. N\u00e3o perca esta oportunidade. O endere\u00e7o para inscri\u00e7\u00f5es e informa\u00e7\u00f5es \u00e9 <a href=\"http:\/\/bit.ly\/naupa-2026\" target=\"_blank\" rel=\"noreferrer noopener\">bit.ly\/naupa-2026<\/a>. J\u00e1 est\u00e1 sendo organizada uma caravana de \u00f4nibus saindo de Bras\u00edlia.<br>No dia 06 de setembro, \u00e0s 14h00, nossa igreja sediar\u00e1 a Confer\u00eancia Mission\u00e1ria, organizada pela Sociedade Auxiliadora Feminina. Na ocasi\u00e3o, ser\u00e1 realizado, ap\u00f3s a palestra, um bazar mission\u00e1rio. Contamos com a participa\u00e7\u00e3o de toda a igreja.<\/p>\n\n\n\n<p><strong>Escala da Junta Diaconal<br><em>Semana de 24 a 30\/08<\/em><\/strong><\/p>\n\n\n\n<ul>\n<li>Domingo 24\/08: Manoel e Raphael<\/li>\n\n\n\n<li>Ter\u00e7a 26\/08: Manoel<\/li>\n\n\n\n<li>Quinta 28\/08: Manoel<\/li>\n<\/ul>\n\n\n\n<p><strong>Liturgia do Culto Noturno<br><em>Liturgo: Presb\u00edtero Leone Braga<\/em><\/strong><\/p>\n\n\n\n<ul>\n<li>Leitura b\u00edblica \u2013 Salmo 99:1-4<\/li>\n\n\n\n<li>Ora\u00e7\u00e3o de invoca\u00e7\u00e3o<\/li>\n\n\n\n<li>Louvor \u2013 Hino 10<\/li>\n\n\n\n<li>Leitura b\u00edblica \u2013 Salmo 99:5-9<\/li>\n\n\n\n<li>Ora\u00e7\u00e3o de contri\u00e7\u00e3o (confiss\u00e3o de pecados)<\/li>\n\n\n\n<li>Louvor \u2013 Hino 79<\/li>\n\n\n\n<li>Leitura b\u00edblica \u2013 Salmo 30:1-5<\/li>\n\n\n\n<li>Ora\u00e7\u00e3o intercess\u00f3ria \u2013 pastorais<\/li>\n\n\n\n<li>Oportunidade para o Grupo de Louvor e recolhimento de d\u00edzimos e ofertas<\/li>\n\n\n\n<li>Ora\u00e7\u00e3o de gratid\u00e3o pelos d\u00edzimos, ofertas e crian\u00e7as<\/li>\n\n\n\n<li>Prega\u00e7\u00e3o \u2013 Reverendo Marthon Mendes<\/li>\n\n\n\n<li>Ora\u00e7\u00e3o final e b\u00ean\u00e7\u00e3o apost\u00f3lica<\/li>\n\n\n\n<li>Posl\u00fadio e avisos<\/li>\n<\/ul>\n\n\n\n<p><strong>Visitantes<br><\/strong>Sua presen\u00e7a em nossa igreja \u00e9 motivo de grande alegria, e desejamos que, assim como fomos aben\u00e7oados com sua visita, sua presen\u00e7a em nosso meio tenha sido uma alegre colheita de b\u00ean\u00e7\u00e3os espirituais. Desejamos que voc\u00ea desfrute da comunh\u00e3o com Deus e da nossa comunh\u00e3o. Se desejar fazer desta casa sua casa de ora\u00e7\u00e3o, tornando-se membro de nossa igreja, ser\u00e1 muito bem-vindo. Queremos retribuir sua visita.<\/p>\n\n\n\n<p><strong>Aniversariantes (24 a 30\/08)<\/strong><\/p>\n\n\n\n<p>Dia 25 Luiz Fernandes Silva<br>Dia 27 Elizabete Pereira Bezerra<br>Dia 28 Mayla Giovanna Mosse Silva<\/p>\n\n\n\n<p>Faltou o seu nome? Se voc\u00ea \u00e9 membro da igreja e deseja que nos alegremos com voc\u00ea, por gentileza, atualize seu cadastro.<\/p>\n\n\n\n<p><strong>Pa\u00eds de Ora\u00e7\u00e3o da Semana: Paraguai<\/strong><\/p>\n\n\n\n<p>O Paraguai, com cerca de 7,4 milh\u00f5es de habitantes, \u00e9 um pa\u00eds sul-americano conhecido por sua cultura guarani e economia agr\u00edcola. Aproximadamente 88% da popula\u00e7\u00e3o \u00e9 crist\u00e3, com uma presen\u00e7a evang\u00e9lica de cerca de 6%. Embora a liberdade religiosa seja garantida, a Portas Abertas destaca desafios como o sincretismo religioso e a influ\u00eancia de pr\u00e1ticas tradicionais em comunidades rurais. A igreja enfrenta dificuldades para alcan\u00e7ar ind\u00edgenas e jovens em \u00e1reas urbanas, onde o secularismo cresce. Ore para que a igreja paraguaia seja fortalecida na prega\u00e7\u00e3o do evangelho puro, resistindo ao sincretismo. Pe\u00e7a por sabedoria aos l\u00edderes crist\u00e3os no discipulado de novos convertidos e por prote\u00e7\u00e3o \u00e0s comunidades crist\u00e3s em regi\u00f5es isoladas. Ore tamb\u00e9m pela juventude, para que seja alcan\u00e7ada por mission\u00e1rios, e por justi\u00e7a social em um pa\u00eds com desigualdades econ\u00f4micas.<br>Fontes: Portas Abertas, Operation World<\/p>\n\n\n\n<figure class=\"wp-block-image size-full\"><img loading=\"lazy\" decoding=\"async\" width=\"147\" height=\"87\" src=\"https:\/\/3ipt.org.br\/site\/wp-content\/uploads\/2018\/10\/paraguai.jpg\" alt=\"Paraguai\" class=\"wp-image-423\"\/><\/figure>\n","protected":false},"excerpt":{"rendered":"<p>Vers\u00e3o para impress\u00e3o: Resultados da Ora\u00e7\u00e3o de Confiss\u00e3o \u201cConfessei-te o meu pecado e a minha iniquidade n\u00e3o mais ocultei. Disse: confessarei ao Senhor as minhas transgress\u00f5es; e tu perdoaste a iniquidade do meu pecado. Sendo assim, todo homem piedoso te far\u00e1 s\u00faplicas em tempo de poder encontrar-te.\u201dSalmos 32.5-6a Hoje, falaremos sobre dois homens que, reconhecendo&#8230;<\/p>\n","protected":false},"author":1,"featured_media":0,"comment_status":"open","ping_status":"open","sticky":false,"template":"","format":"standard","meta":{"footnotes":""},"categories":[4],"tags":[],"_links":{"self":[{"href":"https:\/\/3ipt.org.br\/site\/wp-json\/wp\/v2\/posts\/4724"}],"collection":[{"href":"https:\/\/3ipt.org.br\/site\/wp-json\/wp\/v2\/posts"}],"about":[{"href":"https:\/\/3ipt.org.br\/site\/wp-json\/wp\/v2\/types\/post"}],"author":[{"embeddable":true,"href":"https:\/\/3ipt.org.br\/site\/wp-json\/wp\/v2\/users\/1"}],"replies":[{"embeddable":true,"href":"https:\/\/3ipt.org.br\/site\/wp-json\/wp\/v2\/comments?post=4724"}],"version-history":[{"count":1,"href":"https:\/\/3ipt.org.br\/site\/wp-json\/wp\/v2\/posts\/4724\/revisions"}],"predecessor-version":[{"id":4726,"href":"https:\/\/3ipt.org.br\/site\/wp-json\/wp\/v2\/posts\/4724\/revisions\/4726"}],"wp:attachment":[{"href":"https:\/\/3ipt.org.br\/site\/wp-json\/wp\/v2\/media?parent=4724"}],"wp:term":[{"taxonomy":"category","embeddable":true,"href":"https:\/\/3ipt.org.br\/site\/wp-json\/wp\/v2\/categories?post=4724"},{"taxonomy":"post_tag","embeddable":true,"href":"https:\/\/3ipt.org.br\/site\/wp-json\/wp\/v2\/tags?post=4724"}],"curies":[{"name":"wp","href":"https:\/\/api.w.org\/{rel}","templated":true}]}}