{"id":4727,"date":"2025-08-31T08:00:00","date_gmt":"2025-08-31T11:00:00","guid":{"rendered":"https:\/\/3ipt.org.br\/site\/?p=4727"},"modified":"2025-08-30T18:42:12","modified_gmt":"2025-08-30T21:42:12","slug":"boletim-informativo-no-35-2025","status":"publish","type":"post","link":"https:\/\/3ipt.org.br\/site\/boletim\/boletim-informativo-no-35-2025\/","title":{"rendered":"Boletim Informativo n\u00ba 35\/2025"},"content":{"rendered":"\nVers\u00e3o para impress\u00e3o: <a href=\"https:\/\/3ipt.org.br\/site\/wp-content\/uploads\/2025\/08\/Boletim-35-2025-print.pdf\"><img loading=\"lazy\" decoding=\"async\" class=\"alignleft wp-image-60\" src=\"http:\/\/3ipt.org.br\/site\/wp-content\/uploads\/2018\/09\/baseline_picture_as_pdf_black_18dp.png\" alt=\"pdf logo\" width=\"24\" height=\"24\"><\/a>\n\n\n\n<h2 class=\"wp-block-heading\">A Ora\u00e7\u00e3o de Confiss\u00e3o \u2013 Move o Poder que Purifica<\/h2>\n\n\n\n<blockquote class=\"wp-block-quote is-layout-flow wp-block-quote-is-layout-flow\">\n<p>\u201cLavai-vos, purificai-vos, tirai a maldade de vossos atos de diante dos meus olhos; cessai de fazer o mal.\u201d<br>Isa\u00edas 1:16<\/p>\n<\/blockquote>\n\n\n\n<p>A purifica\u00e7\u00e3o \u00e9 necessariamente precedida pela confiss\u00e3o e arrependimento e garante que o supremo Juiz limpa a ficha do pecador (Isa\u00edas 1:18). Nos saudosos tempos do flanel\u00f3grafo, as professoras da Escola B\u00edblica Dominical contavam a seguinte hist\u00f3ria: uma m\u00e3e, ao chegar em casa, viu seu filhinho sair de uma po\u00e7a de lama e correr em sua dire\u00e7\u00e3o para o abra\u00e7o costumeiro. A m\u00e3e ergueu os bra\u00e7os e exclamou: \u201cN\u00e3o, filhinho, \u00e9 preciso tomar banho antes de abra\u00e7ar a mam\u00e3e!\u201d Ap\u00f3s alguns jatos de \u00e1gua removerem toda a lama, a m\u00e3e deu um longo e amoroso abra\u00e7o em seu filho querido. A aplica\u00e7\u00e3o era: \u201cSe voc\u00ea tem um pecado no cora\u00e7\u00e3o, talvez uma desobedi\u00eancia ao papai ou \u00e0 mam\u00e3e, antes de fazer pedidos a Deus, confesse esse pecado e pe\u00e7a perd\u00e3o a Deus e a quem voc\u00ea ofendeu.\u201d As Escrituras afirmam: \u201cS\u00e3o os pecados de voc\u00eas que os separam do seu Deus, s\u00e3o as suas maldades que fazem com que ele se esconda de voc\u00eas e n\u00e3o atenda suas ora\u00e7\u00f5es\u201d (Isa\u00edas 59:2, NTLH). Se o cora\u00e7\u00e3o est\u00e1 enlameado por alguma transgress\u00e3o da Lei de Deus, nossa aproxima\u00e7\u00e3o dEle precisa ser precedida por um banho nas amorosas e purificadoras \u00e1guas das miseric\u00f3rdias de Deus. O amor aceita todos, mas n\u00e3o tudo. O sentimentalismo a\u00e7ucarado aceita tudo, mas discrimina pessoas; o amor n\u00e3o aceita tudo, mas \u201cn\u00e3o faz acep\u00e7\u00e3o de pessoas\u201d (Atos 10:34). Voc\u00ea pode me dizer: \u201cReverendo, ao longo da minha vida, fiz correr diante de Deus um caudaloso rio de transgress\u00f5es, iniquidades e pecados, que se represou e formou um repugnante lago aos olhos de Deus. Ser\u00e1 que o supremo Juiz me perdoaria?\u201d Permita-me uma ilustra\u00e7\u00e3o: quando os israelitas sa\u00edram do Egito, ap\u00f3s tr\u00eas dias de caminhada, n\u00e3o encontraram \u00e1gua. Chegaram a Mara, onde havia \u00e1gua, mas n\u00e3o puderam beb\u00ea-la porque era amarga. Mois\u00e9s clamou ao Senhor, que lhe mostrou uma \u00e1rvore. Mois\u00e9s lan\u00e7ou-a nas \u00e1guas, e elas se tornaram doces (\u00caxodo 15:22-27). Sua lagoa de pecados, mesmo que seja \u201ccomo a escarlata\u201d aos olhos de Deus, pode ser purificada por uma \u00fanica gota do sangue de Jesus, que a tornar\u00e1 branca como a neve e agrad\u00e1vel aos sant\u00edssimos olhos do supremo Juiz. \u201cDo teu pecado queres te livrar? Seu sangue tem poder, sim, tem poder. Teu cora\u00e7\u00e3o queres purificar? Seu sangue tem poder, sim, tem poder. Todas as manchas te pode tirar; seu sangue tem este poder\u201d (Cantor Crist\u00e3o, 89).<\/p>\n\n\n\n<p><em>Crendo que Deus perdoa todas as nossas iniquidades (Salmos 103:3), sou mui fraternalmente em Cristo,<br>Reverendo Jos\u00e9 Loures Rosa<\/em><\/p>\n\n\n\n<p><strong>Nossa Agenda<br><em>Ter\u00e7a-feira \u2013 Ora\u00e7\u00e3o<\/em><\/strong><\/p>\n\n\n\n<p>Convidamos voc\u00ea para meia hora de ora\u00e7\u00e3o, das 19h30 \u00e0s 20h00, nas ter\u00e7as-feiras, em uma reuni\u00e3o que n\u00e3o \u00e9 transmitida nem gravada. Normalmente, oramos agradecendo pelas b\u00ean\u00e7\u00e3os recebidas, intercedendo a Deus pela nossa escola Simonton e congrega\u00e7\u00e3o na Expans\u00e3o (429), que vivem momentos de defini\u00e7\u00f5es muito importantes. Venha orar, intercedendo ao Senhor por miseric\u00f3rdia pela nossa na\u00e7\u00e3o, freando a iniquidade e punindo tantas injusti\u00e7as que vemos praticadas todos os dias. Tamb\u00e9m pedimos a Deus que d\u00ea sabedoria e vigor para as lideran\u00e7as da igreja. Intercedemos pelos irm\u00e3os, amigos e familiares que est\u00e3o enfrentando problemas ou est\u00e3o fracos na f\u00e9. Oramos pelos enfermos, para que Deus os cure, e pelos seus familiares, para que Deus os sustente durante o per\u00edodo de tratamento. De forma especial, oremos pela sa\u00fade das irm\u00e3s Sueli e \u00c1urea e dos irm\u00e3os Miguel e Presb\u00edtero Nivaldo. Suplicamos a Deus por dire\u00e7\u00e3o para nossos projetos pessoais e da igreja. Se voc\u00ea tem algum pedido de ora\u00e7\u00e3o, pode envi\u00e1-lo via WhatsApp para o n\u00famero (61) 99107-8708 ou preencher o cart\u00e3o na mesinha na entrada da igreja. Mesmo que voc\u00ea n\u00e3o possa comparecer, oraremos por voc\u00ea e pelo seu pedido.<\/p>\n\n\n\n<p><strong><em>Ter\u00e7a-feira \u2013 Estudo B\u00edblico<\/em><\/strong><\/p>\n\n\n\n<p>Caso n\u00e3o consiga comparecer ao per\u00edodo de ora\u00e7\u00e3o, voc\u00ea pode chegar \u00e0s 20h00 para o estudo b\u00edblico. A partir das 20h00, estudo b\u00edblico apostilado com o tema Estudos no Breve Catecismo de Westminster, Pergunta 29, com transmiss\u00e3o ao vivo em nosso canal no YouTube. Assista, fa\u00e7a sua inscri\u00e7\u00e3o no canal e divulgue para conseguir pelo menos mais uma inscri\u00e7\u00e3o. Se voc\u00ea quiser receber a apostila digital, pode solicitar sua inclus\u00e3o no grupo de estudos, exclusivamente para informa\u00e7\u00f5es e envio das apostilas, que \u00e9 diferente do grupo de relacionamentos da igreja.<\/p>\n\n\n\n<p><strong><em>Quinta-feira<\/em><\/strong><\/p>\n\n\n\n<p>A partir das 20h00, a igreja se re\u00fane nas casas dos irm\u00e3os, seguindo o exemplo da igreja primitiva (Atos 2:46; 10:22; 16:15; 16:34) para edifica\u00e7\u00e3o, comunh\u00e3o e ora\u00e7\u00e3o. Voc\u00ea pode receber um dos encontros em sua casa, mesmo que ainda n\u00e3o seja membro da igreja. Todas as datas de setembro est\u00e3o em aberto para voc\u00ea se agendar.<\/p>\n\n\n\n<p><strong><em>Domingo<\/em><\/strong><\/p>\n\n\n\n<p>\u00c0s 9h00, Escola B\u00edblica. Aula para jovens e adultos sobre o Credo Apost\u00f3lico, com ministra\u00e7\u00e3o da aula para os adultos pelo Reverendo Marthon Mendes e para os jovens pelo Presb\u00edtero Henrique Marques. As crian\u00e7as e adolescentes t\u00eam estudos pr\u00f3prios, em linguagem adequada \u00e0 sua faixa et\u00e1ria. \u00c0s 18h30, Culto Solene ao Senhor, com adora\u00e7\u00e3o, dedica\u00e7\u00e3o pessoal e edifica\u00e7\u00e3o \u00e0 luz das Escrituras (1 Tessalonicenses 2:1-6: Como Transtornar o Mundo para Gl\u00f3ria de Deus), tendo como pregador o Reverendo Marthon Mendes e liturgista o Presb\u00edtero Henrique Marques.<\/p>\n\n\n\n<p><strong>D\u00edzimos e Ofertas<\/strong><\/p>\n\n\n\n<p>Em Deuteron\u00f4mio 14:22-25, a B\u00edblia ensina que o d\u00edzimo \u00e9 uma demonstra\u00e7\u00e3o de gratid\u00e3o pelas b\u00ean\u00e7\u00e3os que Deus deu e uma prova de fidelidade por devolver o que \u00e9 devido ao Senhor. Para entregar seus d\u00edzimos e ofertas via Pix, especifique o que \u00e9 d\u00edzimo e o que \u00e9 oferta, utilizando o CNPJ da igreja 00.574.079\/0001-64. Para ofertas especiais, como doa\u00e7\u00f5es para novos projetos da igreja, fa\u00e7a seu dep\u00f3sito no Banco Santander, ag\u00eancia 3328, conta corrente 13000174-8.<\/p>\n\n\n\n<p><strong>Doa\u00e7\u00f5es<\/strong><\/p>\n\n\n\n<p>Voc\u00ea pode doar a qualquer tempo, mas a Junta Diaconal orienta os irm\u00e3os que fazem doa\u00e7\u00f5es para as cestas b\u00e1sicas a trazerem sua oferta at\u00e9 o dia 15 de cada m\u00eas. As doa\u00e7\u00f5es podem ser entregues aos di\u00e1conos de plant\u00e3o ou deixadas no local indicado. Se voc\u00ea quiser participar da b\u00ean\u00e7\u00e3o de contribuir, fale com um dos nossos di\u00e1conos.<\/p>\n\n\n\n<p><strong>Catecismo Maior de Westminster<\/strong><\/p>\n\n\n\n<ol start=\"177\">\n<li>De que maneira os crist\u00e3os devem se preparar para orar antes de participar da Ceia do Senhor? Os crist\u00e3os devem se preparar com exame pr\u00f3prio, arrependimento de seus pecados, renova\u00e7\u00e3o da f\u00e9 em Cristo e fervoroso desejo de comunh\u00e3o com Ele, para que possam participar dignamente da Ceia do Senhor. 1 Cor\u00edntios 11:28-29; Salmos 26:6; Isa\u00edas 55:1; Mateus 5:6.<\/li>\n<\/ol>\n\n\n\n<p><strong>Pergunte ao Pastor<\/strong><\/p>\n\n\n\n<p>Envie sua pergunta para <a href=\"mailto:pergunte@3ipt.org.br\">pergunte@3ipt.org.br<\/a>. Todas as perguntas s\u00e3o respondidas; tenha paci\u00eancia. As respostas s\u00e3o publicadas anonimamente em nosso site, exceto se o autor solicitar divulga\u00e7\u00e3o do nome.<\/p>\n\n\n\n<p><strong>Lei Geral de Prote\u00e7\u00e3o de Dados<\/strong><\/p>\n\n\n\n<p>Informamos aos nossos irm\u00e3os, amigos e visitantes que as imagens do culto podem ser disponibilizadas na rede mundial de computadores em v\u00eddeo e fotografias. Se voc\u00ea tem alguma obje\u00e7\u00e3o \u00e0 publica\u00e7\u00e3o de sua imagem, por gentileza, informe a um dos nossos di\u00e1conos.<\/p>\n\n\n\n<p><strong>Projetos<\/strong><\/p>\n\n\n\n<p>Voc\u00ea ainda pode participar dos projetos com suas doa\u00e7\u00f5es. Para saber como, procure o Presb\u00edtero Jan Uilles ou o Presb\u00edtero Roberto Vieira. Sua participa\u00e7\u00e3o e contribui\u00e7\u00e3o s\u00e3o muito importantes. Lembre-se do que ensina a Palavra de Deus: cada um contribua segundo tiver proposto no cora\u00e7\u00e3o, n\u00e3o por tristeza ou necessidade, porque Deus ama ao que d\u00e1 com alegria (2 Cor\u00edntios 9:7).<\/p>\n\n\n\n<p><strong>Sociedades<\/strong><\/p>\n\n\n\n<p>Vem a\u00ed o NAUPA (Encontro Nacional de Adolescentes). Ser\u00e1 entre os dias 29 de janeiro e 1\u00ba de fevereiro de 2026, na Est\u00e2ncia \u00c1rvore da Vida, em Sumar\u00e9, SP. N\u00e3o perca esta oportunidade. O endere\u00e7o para inscri\u00e7\u00f5es e informa\u00e7\u00f5es \u00e9 <a href=\"http:\/\/bit.ly\/naupa-2026\" target=\"_blank\" rel=\"noreferrer noopener\">bit.ly\/naupa-2026<\/a>. J\u00e1 est\u00e1 sendo organizada uma caravana de \u00f4nibus saindo de Bras\u00edlia.<br>No dia 6 de setembro, \u00e0s 14h00, nossa igreja sediar\u00e1 a Confer\u00eancia Mission\u00e1ria, organizada pela Sociedade Auxiliadora Feminina. Na ocasi\u00e3o, ser\u00e1 realizado, ap\u00f3s a palestra, um bazar mission\u00e1rio. Contamos com a participa\u00e7\u00e3o de toda a igreja.<\/p>\n\n\n\n<p><strong>Escala da Junta Diaconal<br><em>Semana de 31\/08 a 06\/09<\/em><\/strong><\/p>\n\n\n\n<ul>\n<li>Domingo 31\/08: (a definir)<\/li>\n\n\n\n<li>Ter\u00e7a 02\/09: (a definir)<\/li>\n\n\n\n<li>Quinta 04\/09: (a definir)<\/li>\n<\/ul>\n\n\n\n<p><strong>Liturgia do Culto Noturno<br><em>Liturgo: Presb\u00edtero Jorge Marques<\/em><\/strong><\/p>\n\n\n\n<ul>\n<li>Leitura b\u00edblica \u2013 Salmo 18:1 e 2<\/li>\n\n\n\n<li>Ora\u00e7\u00e3o de invoca\u00e7\u00e3o<\/li>\n\n\n\n<li>Leitura b\u00edblica \u2013 Salmo 19<\/li>\n\n\n\n<li>Louvor \u2013 Hino 179<\/li>\n\n\n\n<li>Leitura b\u00edblica \u2013 Prov\u00e9rbios 28:13 e 14<\/li>\n\n\n\n<li>Ora\u00e7\u00e3o de contri\u00e7\u00e3o (confiss\u00e3o de pecados)<\/li>\n\n\n\n<li>Louvor \u2013 Hino 104<\/li>\n\n\n\n<li>Ora\u00e7\u00e3o intercess\u00f3ria \u2013 pastorais<\/li>\n\n\n\n<li>Oportunidade para o Grupo de Louvor e recolhimento de d\u00edzimos e ofertas<\/li>\n\n\n\n<li>Ora\u00e7\u00e3o de gratid\u00e3o pelos d\u00edzimos, ofertas e crian\u00e7as<\/li>\n\n\n\n<li>Prega\u00e7\u00e3o \u2013 Reverendo Marthon Mendes<\/li>\n\n\n\n<li>Ora\u00e7\u00e3o final e b\u00ean\u00e7\u00e3o apost\u00f3lica<\/li>\n\n\n\n<li>Momento mission\u00e1rio<\/li>\n\n\n\n<li>Posl\u00fadio e avisos<\/li>\n<\/ul>\n\n\n\n<p><strong>Visitantes<\/strong><\/p>\n\n\n\n<p>Sua presen\u00e7a em nossa igreja \u00e9 motivo de grande alegria, e desejamos que, assim como fomos aben\u00e7oados com sua visita, sua presen\u00e7a em nosso meio tenha sido uma alegre colheita de b\u00ean\u00e7\u00e3os espirituais. Desejamos que voc\u00ea desfrute da comunh\u00e3o com Deus e da nossa comunh\u00e3o. Se desejar fazer desta casa sua casa de ora\u00e7\u00e3o, tornando-se membro de nossa igreja, ser\u00e1 muito bem-vindo. Que o Senhor o aben\u00e7oe ricamente. Queremos retribuir sua visita.<\/p>\n\n\n\n<p><strong>Aniversariantes (31\/08 a 06\/09)<\/strong><\/p>\n\n\n\n<p>Dia 02\/09 D\u00e9bora e Jo\u00e3o Victor (cas.)<br>Dia 04\/09 Francilene Santos Ferreira<\/p>\n\n\n\n<p>Faltou o seu nome? Se voc\u00ea \u00e9 membro da igreja e deseja que nos alegremos com voc\u00ea, por gentileza, atualize seu cadastro.<\/p>\n\n\n\n<p><strong>Pa\u00eds de Ora\u00e7\u00e3o da Semana: Peru<\/strong><\/p>\n\n\n\n<p>O Peru, com cerca de 34 milh\u00f5es de habitantes, \u00e9 conhecido por sua rica heran\u00e7a inca e diversidade cultural. Cerca de 76% da popula\u00e7\u00e3o \u00e9 cat\u00f3lica, mas o evangelicalismo cresce, representando 14% dos crist\u00e3os. Segundo a Portas Abertas, a igreja peruana enfrenta desafios como o sincretismo religioso, especialmente em \u00e1reas rurais onde pr\u00e1ticas andinas se misturam ao cristianismo, e a persegui\u00e7\u00e3o em comunidades ind\u00edgenas, onde crist\u00e3os convertidos s\u00e3o \u00e0s vezes ostracizados. Ore para que a igreja peruana seja fortalecida na prega\u00e7\u00e3o do evangelho puro, resistindo ao sincretismo. Pe\u00e7a por sabedoria aos l\u00edderes crist\u00e3os no discipulado de novos convertidos e por prote\u00e7\u00e3o \u00e0s comunidades crist\u00e3s em regi\u00f5es isoladas, como a Amaz\u00f4nia peruana. Ore pela juventude, para que seja alcan\u00e7ada por mission\u00e1rios, e por justi\u00e7a social em um pa\u00eds com desigualdades econ\u00f4micas e corrup\u00e7\u00e3o. Que o evangelho alcance os povos n\u00e3o alcan\u00e7ados, como os quechuas e aimar\u00e1s.<br><em>Fontes: Portas Abertas, Operation World<\/em><\/p>\n\n\n\n<figure class=\"wp-block-image size-full\"><img loading=\"lazy\" decoding=\"async\" width=\"127\" height=\"89\" src=\"https:\/\/3ipt.org.br\/site\/wp-content\/uploads\/2018\/10\/peru.jpg\" alt=\"Peru\" class=\"wp-image-424\"\/><figcaption class=\"wp-element-caption\">Peru<\/figcaption><\/figure>\n","protected":false},"excerpt":{"rendered":"<p>Vers\u00e3o para impress\u00e3o: A Ora\u00e7\u00e3o de Confiss\u00e3o \u2013 Move o Poder que Purifica \u201cLavai-vos, purificai-vos, tirai a maldade de vossos atos de diante dos meus olhos; cessai de fazer o mal.\u201dIsa\u00edas 1:16 A purifica\u00e7\u00e3o \u00e9 necessariamente precedida pela confiss\u00e3o e arrependimento e garante que o supremo Juiz limpa a ficha do pecador (Isa\u00edas 1:18). Nos&#8230;<\/p>\n","protected":false},"author":1,"featured_media":0,"comment_status":"open","ping_status":"open","sticky":false,"template":"","format":"standard","meta":{"footnotes":""},"categories":[4],"tags":[],"_links":{"self":[{"href":"https:\/\/3ipt.org.br\/site\/wp-json\/wp\/v2\/posts\/4727"}],"collection":[{"href":"https:\/\/3ipt.org.br\/site\/wp-json\/wp\/v2\/posts"}],"about":[{"href":"https:\/\/3ipt.org.br\/site\/wp-json\/wp\/v2\/types\/post"}],"author":[{"embeddable":true,"href":"https:\/\/3ipt.org.br\/site\/wp-json\/wp\/v2\/users\/1"}],"replies":[{"embeddable":true,"href":"https:\/\/3ipt.org.br\/site\/wp-json\/wp\/v2\/comments?post=4727"}],"version-history":[{"count":1,"href":"https:\/\/3ipt.org.br\/site\/wp-json\/wp\/v2\/posts\/4727\/revisions"}],"predecessor-version":[{"id":4729,"href":"https:\/\/3ipt.org.br\/site\/wp-json\/wp\/v2\/posts\/4727\/revisions\/4729"}],"wp:attachment":[{"href":"https:\/\/3ipt.org.br\/site\/wp-json\/wp\/v2\/media?parent=4727"}],"wp:term":[{"taxonomy":"category","embeddable":true,"href":"https:\/\/3ipt.org.br\/site\/wp-json\/wp\/v2\/categories?post=4727"},{"taxonomy":"post_tag","embeddable":true,"href":"https:\/\/3ipt.org.br\/site\/wp-json\/wp\/v2\/tags?post=4727"}],"curies":[{"name":"wp","href":"https:\/\/api.w.org\/{rel}","templated":true}]}}