{"id":4744,"date":"2025-09-28T08:00:00","date_gmt":"2025-09-28T11:00:00","guid":{"rendered":"https:\/\/3ipt.org.br\/site\/?p=4744"},"modified":"2025-09-28T08:00:38","modified_gmt":"2025-09-28T11:00:38","slug":"boletim-informativo-no-39-2025","status":"publish","type":"post","link":"https:\/\/3ipt.org.br\/site\/boletim\/boletim-informativo-no-39-2025\/","title":{"rendered":"Boletim Informativo n\u00ba 39\/2025"},"content":{"rendered":"\nVers\u00e3o para impress\u00e3o: <a href=\"https:\/\/3ipt.org.br\/site\/wp-content\/uploads\/2025\/09\/Boletim-39-2025-print.pdf\"><img loading=\"lazy\" decoding=\"async\" class=\"alignleft wp-image-60\" src=\"http:\/\/3ipt.org.br\/site\/wp-content\/uploads\/2018\/09\/baseline_picture_as_pdf_black_18dp.png\" alt=\"pdf logo\" width=\"24\" height=\"24\"><\/a>\n\n\n\n<h2 class=\"wp-block-heading\">O Silencioso Clamor das Pedras<\/h2>\n\n\n\n<blockquote class=\"wp-block-quote is-layout-flow wp-block-quote-is-layout-flow\">\n<p>\u201cSe eles se calarem, as pr\u00f3prias pedras clamar\u00e3o.\u201d<br>Lucas 19:37-40<\/p>\n<\/blockquote>\n\n\n\n<p>Por ocasi\u00e3o da entrada triunfal de Jesus em Jerusal\u00e9m, diante do louvor jubiloso da multid\u00e3o dos disc\u00edpulos, os fariseus disseram a Jesus: \u201cMestre, repreende os teus disc\u00edpulos!\u201d (Lucas 19:39). E o meigo Salvador respondeu: \u201cAsseguro-vos que, se eles se calarem, as pr\u00f3prias pedras clamar\u00e3o\u201d (Lucas 19:40). Com estas palavras, o Senhor Jesus afirma que aquela multid\u00e3o n\u00e3o se calaria, pois o Deus Eterno colocou as palavras na boca daqueles disc\u00edpulos. \u201cFalou o Senhor Deus, quem n\u00e3o profetizar\u00e1?\u201d (Am\u00f3s 3:8). A morte silenciou a voz da multid\u00e3o dos disc\u00edpulos daquela \u00e9poca. Jesus profetizou a destrui\u00e7\u00e3o do templo quando um de seus disc\u00edpulos exclamou: \u201cMestre! Que pedras, que constru\u00e7\u00f5es!\u201d Mas Jesus lhe disse: \u201cV\u00eas estas grandes constru\u00e7\u00f5es? N\u00e3o ficar\u00e1 pedra sobre pedra que n\u00e3o seja derribada\u201d (Marcos 13:1-2). Isso se refere ao julgamento de Deus sobre Jerusal\u00e9m por ter rejeitado a Jesus. Segundo Josephus, milhares morreram de fome antes da queda da cidade em 70 d.C. (O Evangelho Segundo Lucas, Anthony Lee Ash, Editora Vida Crist\u00e3, p\u00e1gina 278). N\u00e3o \u00e9 de admirar que o Senhor Jesus tenha chorado \u00e0 vista da cidade (Lucas 19:41-44). Lemos: \u201cTe arrastar\u00e3o e aos teus filhos dentro de ti; n\u00e3o deixar\u00e3o em ti pedra sobre pedra, porque n\u00e3o reconheceste a oportunidade da tua visita\u00e7\u00e3o\u201d (Lucas 19:44, ARA), ou seja, Jerusal\u00e9m n\u00e3o reconheceu que, na pessoa do Senhor Jesus Cristo, a Segunda Pessoa da Sant\u00edssima Trindade, Deus a visitou. A express\u00e3o \u201cteus filhos\u201d refere-se aos habitantes da cidade. Arque\u00f3logos t\u00eam apresentado pedras que comprovam a destrui\u00e7\u00e3o da cidade e do templo de Jerusal\u00e9m. Assim, da maneira como \u201cos c\u00e9us proclamam a gl\u00f3ria de Deus\u201d, sem palavras e sem som, e \u201cno entanto, por toda a terra se faz ouvir a sua voz\u201d (Salmos 19:1-4), ouvimos o silencioso clamor das pedras arqueol\u00f3gicas, testificando a veracidade e confiabilidade das palavras do Senhor Jesus Cristo, alertando-nos sobre as funestas consequ\u00eancias do pecado da incredulidade. Em seu clamor sem palavras, as pedras nos dizem que faremos muito bem acolhendo com f\u00e9 e humildade as palavras do Rei da justi\u00e7a, da paz e do amor. Portanto, \u201choje, se ouvirdes a sua voz, n\u00e3o endure\u00e7ais o vosso cora\u00e7\u00e3o\u201d (Hebreus 3:7-8).<\/p>\n\n\n\n<p><em>Com amor,<br>Reverendo Jos\u00e9 Loures Rosa<\/em><\/p>\n\n\n\n<p><strong>Nossa Agenda<br><em>Ter\u00e7a-feira \u2013 Ora\u00e7\u00e3o<\/em><\/strong><\/p>\n\n\n\n<p>Por que n\u00e3o? A igreja est\u00e1 aberta e os crentes convocados para meia hora de ora\u00e7\u00e3o, das 19h30 \u00e0s 20h00, nas ter\u00e7as-feiras, em uma reuni\u00e3o que n\u00e3o \u00e9 transmitida nem gravada. Mantenha-se em ora\u00e7\u00e3o pelas tratativas referentes ao Col\u00e9gio Simonton, agora para defini\u00e7\u00e3o dos termos jur\u00eddicos da parceria. Venha orar tamb\u00e9m intercedendo ao Senhor por miseric\u00f3rdia pela nossa na\u00e7\u00e3o, freando a iniquidade e punindo tantas injusti\u00e7as que vemos praticadas todos os dias. Tamb\u00e9m pedimos a Deus que d\u00ea sabedoria e vigor para as lideran\u00e7as da igreja. Intercedemos pelos irm\u00e3os, amigos e familiares que est\u00e3o enfrentando problemas ou est\u00e3o fracos na f\u00e9.<br>Oramos pelos enfermos para que Deus os cure e pelos seus familiares para que Deus os sustente durante o per\u00edodo de tratamento. De forma especial, oremos pela sa\u00fade das irm\u00e3s Sueli, \u00c1urea, Dona Ant\u00f4nia Mendes (m\u00e3e do pastor) e dos irm\u00e3os Miguel e Presb\u00edtero Nivaldo. Suplicamos a Deus por dire\u00e7\u00e3o para nossos projetos pessoais e da igreja.<br>Se voc\u00ea tem algum pedido de ora\u00e7\u00e3o, pode envi\u00e1-lo via WhatsApp para o n\u00famero (61) 99107-8708 ou preencher o cart\u00e3o que se encontra na mesinha na entrada da igreja. Mesmo que voc\u00ea n\u00e3o possa comparecer, oraremos por voc\u00ea e pelo seu pedido.<\/p>\n\n\n\n<p><strong><em>Ter\u00e7a-feira \u2013 Estudo B\u00edblico<\/em><\/strong><\/p>\n\n\n\n<p>Caso n\u00e3o consiga comparecer ao per\u00edodo de ora\u00e7\u00e3o, voc\u00ea pode chegar \u00e0s 20h00 para o estudo b\u00edblico.<br>A partir das 20h00, estudo b\u00edblico apostilado com o tema Estudos no Breve Catecismo de Westminster, Pergunta 33: Que \u00e9 justifica\u00e7\u00e3o? Resposta: Justifica\u00e7\u00e3o \u00e9 um ato da livre gra\u00e7a de Deus, no qual Ele perdoa todos os nossos pecados e nos aceita como justos diante dEle, somente por causa da justi\u00e7a de Cristo a n\u00f3s imputada, e recebida s\u00f3 pela f\u00e9, com transmiss\u00e3o ao vivo em nosso canal no YouTube. Assista, fa\u00e7a sua inscri\u00e7\u00e3o no canal e divulgue para conseguir pelo menos mais uma inscri\u00e7\u00e3o.<br>Se voc\u00ea quiser receber a apostila digital, pode solicitar sua inclus\u00e3o no grupo de estudos, exclusivamente para informa\u00e7\u00f5es e envio das apostilas, que \u00e9 diferente do grupo de relacionamentos da igreja.<\/p>\n\n\n\n<p><strong><em>Quinta-feira<\/em><\/strong><\/p>\n\n\n\n<p>A partir das 20h00, a igreja se re\u00fane nas casas dos irm\u00e3os, seguindo o exemplo da igreja primitiva (Atos 2:46; 10:22; 16:15, 34) para edifica\u00e7\u00e3o, comunh\u00e3o e ora\u00e7\u00e3o. Na \u00faltima quinta-feira, o encontro foi na casa do Presb\u00edtero Luis Fernandes e da Senhora Ivalda. Voc\u00ea pode receber um dos encontros na sua casa, mesmo que ainda n\u00e3o seja membro da igreja. Datas dispon\u00edveis: 2, 9, 16 e 23 de outubro.<\/p>\n\n\n\n<p><strong><em>Domingo<\/em><\/strong><\/p>\n\n\n\n<p>\u00c0s 9h00, Escola B\u00edblica. Aula para jovens e adultos com classe unificada, com tema espec\u00edfico e desafiador para a igreja do nosso tempo, que precisa aprender, \u00e0 luz das Escrituras, como ser mais que vencedores em um mundo que se satisfaz com um cristianismo ap\u00e1tico, descompromissado e mediano. Continuaremos de onde paramos com a li\u00e7\u00e3o: Levantando M\u00e3os Santas: O Comprometimento do Crist\u00e3o com a Igreja Local. Demais classes ter\u00e3o aula em seus curr\u00edculos e linguagem apropriados.<br>Pais: N\u00e3o deixem de trazer seus filhos para participarem das atividades do Departamento Infantil. As aulas s\u00e3o preparadas com muito carinho e cuidado para a edifica\u00e7\u00e3o de seus filhos.<br>\u00c0s 18h30, Culto Solene ao Senhor, com adora\u00e7\u00e3o, dedica\u00e7\u00e3o pessoal e edifica\u00e7\u00e3o \u00e0 luz das Escrituras, tendo como porta-voz da mensagem o Reverendo Marthon Mendes com o tema \u201cQual a Voz que Voc\u00ea Deve Ouvir?\u201d, baseado em 1 Tessalonicenses 2:13-16.<\/p>\n\n\n\n<p><strong>D\u00edzimos e Ofertas<\/strong><\/p>\n\n\n\n<p>Em Deuteron\u00f4mio 14:22-25, a B\u00edblia ensina que o d\u00edzimo \u00e9 uma demonstra\u00e7\u00e3o de gratid\u00e3o pelas b\u00ean\u00e7\u00e3os que Deus deu e uma prova de fidelidade por devolver o que \u00e9 devido ao Senhor.Para entregar seus d\u00edzimos e ofertas via Pix, especifique o que \u00e9 d\u00edzimo e o que \u00e9 oferta, utilizando o CNPJ da igreja 00.574.079\/0001-64. Para ofertas especiais, como doa\u00e7\u00f5es para novos projetos da igreja, fa\u00e7a seu dep\u00f3sito no Banco Santander, ag\u00eancia 3328, conta corrente 13000174-8.<\/p>\n\n\n\n<p><strong>Doa\u00e7\u00f5es<\/strong><\/p>\n\n\n\n<p>Voc\u00ea pode doar a qualquer tempo, mas a Junta Diaconal orienta os irm\u00e3os que fazem doa\u00e7\u00f5es para as cestas b\u00e1sicas a trazerem sua oferta at\u00e9 o dia 15 de cada m\u00eas. As doa\u00e7\u00f5es podem ser entregues aos di\u00e1conos de plant\u00e3o ou deixadas no local indicado. Se voc\u00ea quiser participar da b\u00ean\u00e7\u00e3o de contribuir, fale com um dos nossos di\u00e1conos.<\/p>\n\n\n\n<p><strong>Catecismo Maior de Westminster<\/strong><\/p>\n\n\n\n<ol start=\"181\">\n<li>Por que devemos orar em nome de Cristo? A ora\u00e7\u00e3o deve ser feita em nome de Cristo porque Ele \u00e9 o \u00fanico Mediador entre Deus e os homens, e somente por meio de Sua justi\u00e7a e intercess\u00e3o nossas ora\u00e7\u00f5es s\u00e3o aceitas por Deus. Jo\u00e3o 14:13-14; 16:23-24; Hebreus 7:25; 1 Tim\u00f3teo 2:5.<\/li>\n<\/ol>\n\n\n\n<p><strong>Pergunte ao Pastor<\/strong><\/p>\n\n\n\n<p>Envie sua pergunta para <a href=\"mailto:pergunte@3ipt.org.br\">pergunte@3ipt.org.br<\/a>. Todas as perguntas s\u00e3o respondidas; tenha paci\u00eancia. As respostas s\u00e3o publicadas anonimamente em nosso site, exceto se o autor solicitar divulga\u00e7\u00e3o do nome.<\/p>\n\n\n\n<p><strong>Lei Geral de Prote\u00e7\u00e3o de Dados<\/strong><\/p>\n\n\n\n<p>Informamos aos nossos irm\u00e3os, amigos e visitantes que as imagens do culto podem ser disponibilizadas na rede mundial de computadores em v\u00eddeo e fotografias. Se voc\u00ea tem alguma obje\u00e7\u00e3o \u00e0 publica\u00e7\u00e3o de sua imagem, por gentileza, informe a um dos nossos di\u00e1conos.<\/p>\n\n\n\n<p><strong>Projetos<\/strong><\/p>\n\n\n\n<p>Voc\u00ea ainda pode participar dos projetos com suas doa\u00e7\u00f5es. Para saber como, procure o Presb\u00edtero Jan Uilles ou o Presb\u00edtero Roberto Vieira. Sua participa\u00e7\u00e3o e contribui\u00e7\u00e3o s\u00e3o muito importantes. Lembre-se do que ensina a Palavra de Deus: cada um contribua segundo tiver proposto no cora\u00e7\u00e3o, n\u00e3o por tristeza ou necessidade, porque Deus ama ao que d\u00e1 com alegria (2 Cor\u00edntios 9:7).<\/p>\n\n\n\n<p><strong>Sociedades<\/strong><\/p>\n\n\n\n<p>Vem a\u00ed o NAUPA (Encontro Nacional de Adolescentes). Ser\u00e1 entre os dias 29 de janeiro e 1\u00ba de fevereiro de 2026, na Est\u00e2ncia \u00c1rvore da Vida, em Sumar\u00e9, SP. N\u00e3o perca esta oportunidade. O endere\u00e7o para inscri\u00e7\u00f5es e informa\u00e7\u00f5es \u00e9 <a href=\"http:\/\/bit.ly\/naupa-2026\" target=\"_blank\" rel=\"noreferrer noopener\">bit.ly\/naupa-2026<\/a>. J\u00e1 est\u00e1 sendo organizada uma caravana de \u00f4nibus saindo de Bras\u00edlia.<\/p>\n\n\n\n<p><strong>XXIV Simp\u00f3sio<\/strong><\/p>\n\n\n\n<p>O assunto deste ano ser\u00e1 Grandes Temas da B\u00edblia. Este ano, al\u00e9m dos amigos e familiares dos membros da igreja, tamb\u00e9m \u00e9 voltado para voc\u00ea. Veja no nosso folder, fa\u00e7a sua inscri\u00e7\u00e3o e convide seus amigos e familiares.<\/p>\n\n\n\n<p><strong>Liturgia do Culto Noturno<br><em>Liturgo: Presb\u00edtero Carlos Moreschi<\/em><\/strong><\/p>\n\n\n\n<ul>\n<li>Leitura b\u00edblica: Isa\u00edas 9:1-2<\/li>\n\n\n\n<li>Ora\u00e7\u00e3o de invoca\u00e7\u00e3o<\/li>\n\n\n\n<li>Louvor: Hino 54<\/li>\n\n\n\n<li>Leitura b\u00edblica: Isaias 9:3-5<\/li>\n\n\n\n<li>Ora\u00e7\u00e3o de contri\u00e7\u00e3o (confiss\u00e3o de pecados)<\/li>\n\n\n\n<li>Louvor: Hino 74<\/li>\n\n\n\n<li>Leitura b\u00edblia: Isa\u00edas 9:6-7<\/li>\n\n\n\n<li>Ora\u00e7\u00e3o intercess\u00f3ria \u2013 pastorais<\/li>\n\n\n\n<li>Oportunidade para o Grupo de Louvor e recolhimento de d\u00edzimos e ofertas<\/li>\n\n\n\n<li>Ora\u00e7\u00e3o de gratid\u00e3o pelos d\u00edzimos, ofertas e crian\u00e7as<\/li>\n\n\n\n<li>Prega\u00e7\u00e3o: Reverendo Marthon Mendes<\/li>\n\n\n\n<li>Ora\u00e7\u00e3o final e b\u00ean\u00e7\u00e3o apost\u00f3lica<\/li>\n\n\n\n<li>Posl\u00fadio e avisos<\/li>\n<\/ul>\n\n\n\n<p><strong>Visitantes<\/strong><\/p>\n\n\n\n<p>Sua presen\u00e7a em nossa igreja \u00e9 motivo de grande alegria, e desejamos que, assim como fomos aben\u00e7oados com sua visita, sua presen\u00e7a em nosso meio tenha sido uma alegre colheita de b\u00ean\u00e7\u00e3os espirituais. Desejamos que voc\u00ea desfrute da comunh\u00e3o com Deus e da nossa comunh\u00e3o. Se desejar fazer desta casa sua casa de ora\u00e7\u00e3o, tornando-se membro de nossa igreja, ser\u00e1 muito bem-vindo. Que o Senhor o aben\u00e7oe ricamente. Queremos retribuir sua visita.<\/p>\n\n\n\n<p><strong>Aniversariantes (28\/09 a 04\/10)<\/strong><\/p>\n\n\n\n<p>Dia 29 Miguel Batista Soares<\/p>\n\n\n\n<p>Faltou o seu nome? Se voc\u00ea \u00e9 membro da igreja e deseja que nos alegremos com voc\u00ea, por gentileza, atualize seu cadastro.<\/p>\n\n\n\n<p><strong>Pa\u00eds de Ora\u00e7\u00e3o da Semana: Qu\u00eania<\/strong><\/p>\n\n\n\n<p>O Qu\u00eania, com cerca de 55 milh\u00f5es de habitantes, \u00e9 um pa\u00eds majoritariamente crist\u00e3o (85%), mas enfrenta desafios significativos para a igreja, especialmente em regi\u00f5es com forte presen\u00e7a isl\u00e2mica. Segundo o Portas Abertas, o Qu\u00eania est\u00e1 na 49\u00aa posi\u00e7\u00e3o na Lista Mundial da Persegui\u00e7\u00e3o 2025, devido \u00e0 opress\u00e3o isl\u00e2mica e \u00e0 viol\u00eancia \u00e9tnica. Crist\u00e3os em \u00e1reas como o nordeste e a costa enfrentam ataques de grupos extremistas como o Al-Shabaab, que visam igrejas e convertidos do islamismo, frequentemente com atentados violentos. Ore para que os crist\u00e3os quenianos, especialmente os de origem mu\u00e7ulmana, tenham coragem e prote\u00e7\u00e3o para viver sua f\u00e9 em meio \u00e0 persegui\u00e7\u00e3o. Pe\u00e7a por sabedoria para as igrejas reformadas compartilharem o Evangelho em contextos hostis e por um avivamento que fortale\u00e7a a unidade da igreja. Interceda pelos l\u00edderes crist\u00e3os, para que sejam guiados pelo Esp\u00edrito Santo, e pela paz em regi\u00f5es de conflito.<br><em>Fontes: Portas Abertas, Operation World<\/em><\/p>\n\n\n\n<figure class=\"wp-block-image size-full\"><img loading=\"lazy\" decoding=\"async\" width=\"127\" height=\"89\" src=\"https:\/\/3ipt.org.br\/site\/wp-content\/uploads\/2018\/10\/quenia.jpg\" alt=\"Qu\u00eania\" class=\"wp-image-427\"\/><\/figure>\n","protected":false},"excerpt":{"rendered":"<p>Vers\u00e3o para impress\u00e3o: O Silencioso Clamor das Pedras \u201cSe eles se calarem, as pr\u00f3prias pedras clamar\u00e3o.\u201dLucas 19:37-40 Por ocasi\u00e3o da entrada triunfal de Jesus em Jerusal\u00e9m, diante do louvor jubiloso da multid\u00e3o dos disc\u00edpulos, os fariseus disseram a Jesus: \u201cMestre, repreende os teus disc\u00edpulos!\u201d (Lucas 19:39). E o meigo Salvador respondeu: \u201cAsseguro-vos que, se eles&#8230;<\/p>\n","protected":false},"author":1,"featured_media":0,"comment_status":"open","ping_status":"open","sticky":false,"template":"","format":"standard","meta":{"footnotes":""},"categories":[4],"tags":[],"_links":{"self":[{"href":"https:\/\/3ipt.org.br\/site\/wp-json\/wp\/v2\/posts\/4744"}],"collection":[{"href":"https:\/\/3ipt.org.br\/site\/wp-json\/wp\/v2\/posts"}],"about":[{"href":"https:\/\/3ipt.org.br\/site\/wp-json\/wp\/v2\/types\/post"}],"author":[{"embeddable":true,"href":"https:\/\/3ipt.org.br\/site\/wp-json\/wp\/v2\/users\/1"}],"replies":[{"embeddable":true,"href":"https:\/\/3ipt.org.br\/site\/wp-json\/wp\/v2\/comments?post=4744"}],"version-history":[{"count":1,"href":"https:\/\/3ipt.org.br\/site\/wp-json\/wp\/v2\/posts\/4744\/revisions"}],"predecessor-version":[{"id":4745,"href":"https:\/\/3ipt.org.br\/site\/wp-json\/wp\/v2\/posts\/4744\/revisions\/4745"}],"wp:attachment":[{"href":"https:\/\/3ipt.org.br\/site\/wp-json\/wp\/v2\/media?parent=4744"}],"wp:term":[{"taxonomy":"category","embeddable":true,"href":"https:\/\/3ipt.org.br\/site\/wp-json\/wp\/v2\/categories?post=4744"},{"taxonomy":"post_tag","embeddable":true,"href":"https:\/\/3ipt.org.br\/site\/wp-json\/wp\/v2\/tags?post=4744"}],"curies":[{"name":"wp","href":"https:\/\/api.w.org\/{rel}","templated":true}]}}