{"id":4748,"date":"2025-10-05T08:00:00","date_gmt":"2025-10-05T11:00:00","guid":{"rendered":"https:\/\/3ipt.org.br\/site\/?p=4748"},"modified":"2025-10-04T10:10:14","modified_gmt":"2025-10-04T13:10:14","slug":"boletim-informativo-no-40-2025","status":"publish","type":"post","link":"https:\/\/3ipt.org.br\/site\/boletim\/boletim-informativo-no-40-2025\/","title":{"rendered":"Boletim Informativo n\u00ba 40\/2025"},"content":{"rendered":"\nVers\u00e3o para impress\u00e3o: <a href=\"https:\/\/3ipt.org.br\/site\/wp-content\/uploads\/2025\/10\/Boletim-40-2025-print.pdf\"><img loading=\"lazy\" decoding=\"async\" class=\"alignleft wp-image-60\" src=\"http:\/\/3ipt.org.br\/site\/wp-content\/uploads\/2018\/09\/baseline_picture_as_pdf_black_18dp.png\" alt=\"pdf logo\" width=\"24\" height=\"24\"><\/a>\n\n\n\n<h2 class=\"wp-block-heading\">Pai Nosso<\/h2>\n\n\n\n<blockquote class=\"wp-block-quote is-layout-flow wp-block-quote-is-layout-flow\">\n<p>\u201cPai nosso, que est\u00e1s nos c\u00e9us (\u2026), santificado seja o teu nome\u201d<br>Mateus 6:9b<\/p>\n<\/blockquote>\n\n\n\n<p>A santifica\u00e7\u00e3o do nome de Deus deve ser o primeiro objeto de nossas peti\u00e7\u00f5es. Como santificamos o Nome? O Terceiro Mandamento responde: \u201cN\u00e3o tomar\u00e1s o nome do Senhor, teu Deus, em v\u00e3o\u201d (\u00caxodo 20:7), ou seja, n\u00e3o use o nome de Deus sem o respeito devido, de forma indevida, como, por exemplo, quando algu\u00e9m recebe um convite, sabe que n\u00e3o ir\u00e1, mas diz: \u201cIrei, se Deus quiser!\u201d O uso leviano do nome de Deus n\u00e3o est\u00e1 nas repeti\u00e7\u00f5es, mas no uso sem responsabilidade impl\u00edcita. Usar o nome de Deus em v\u00e3o significa us\u00e1-lo sem a devida seriedade. A santifica\u00e7\u00e3o do Nome, que est\u00e1 acima de todo nome, implica n\u00e3o us\u00e1-lo de forma inadequada e honr\u00e1-lo em tudo que falamos, pensamos, fazemos e deixamos de fazer. O ap\u00f3stolo Pedro nos d\u00e1 a receita: \u201cProcurem viver de maneira exemplar entre os que n\u00e3o creem. Assim, mesmo que eles os acusem de praticar o mal, ver\u00e3o seu comportamento correto e dar\u00e3o gl\u00f3ria a Deus quando ele julgar o mundo\u201d (1 Pedro 2:12, NVT). Como voc\u00ea pode perceber, o correto procedimento do crente santifica o nome de Deus at\u00e9 mesmo entre os incr\u00e9dulos, que s\u00e3o levados a glorific\u00e1-lo. O ap\u00f3stolo Paulo tamb\u00e9m oferece uma receita: \u201cFinalmente, irm\u00e3os, tudo o que \u00e9 verdadeiro, tudo o que \u00e9 respeit\u00e1vel, tudo o que \u00e9 justo, tudo o que \u00e9 puro, tudo o que \u00e9 am\u00e1vel, tudo o que \u00e9 de boa fama, se alguma virtude h\u00e1 e se algum louvor existe, seja isso o que ocupe o vosso pensamento\u201d (Filipenses 4:8). Esta \u00e9 a regra, a norma de conduta ou princ\u00edpio que norteia a vida do crente em meio a uma sociedade corrupta e corruptora. \u201cSantificado seja o teu nome\u201d, sim, sant\u00edssimo Senhor, que o teu glorioso Nome seja santificado em meus pensamentos, palavras, a\u00e7\u00f5es e atitudes, e que meus p\u00e9s andem somente por caminhos onde os santos podem transitar. Am\u00e9m.<\/p>\n\n\n\n<p><em>Com amor,<br>Reverendo Jos\u00e9 Loures Rosa<\/em><\/p>\n\n\n\n<p><strong>Nossa Agenda<br><em>Ter\u00e7a-feira \u2013 Ora\u00e7\u00e3o<\/em><\/strong><\/p>\n\n\n\n<p>Por que n\u00e3o? A igreja est\u00e1 aberta e os crentes s\u00e3o convocados para meia hora de ora\u00e7\u00e3o, das 19h30 \u00e0s 20h00, nas ter\u00e7as-feiras, em uma reuni\u00e3o que n\u00e3o \u00e9 transmitida nem gravada. Mantenha-se em ora\u00e7\u00e3o pelas tratativas referentes ao Col\u00e9gio Simonton, agora para defini\u00e7\u00e3o dos termos jur\u00eddicos da parceria. Venha orar tamb\u00e9m intercedendo ao Senhor por miseric\u00f3rdia pela nossa na\u00e7\u00e3o, freando a iniquidade e punindo tantas injusti\u00e7as que vemos praticadas todos os dias. Tamb\u00e9m pedimos a Deus que d\u00ea sabedoria e vigor para as lideran\u00e7as da igreja. Intercedemos pelos irm\u00e3os, amigos e familiares que est\u00e3o enfrentando problemas ou est\u00e3o fracos na f\u00e9. Tamb\u00e9m \u00e9 muito importante orar pela lideran\u00e7a da igreja: pastor, presb\u00edteros, di\u00e1conos, sociedades e departamentos.<br>Oramos pelos enfermos para que Deus os cure e pelos seus familiares para que Deus os sustente durante o per\u00edodo de tratamento. De forma especial, oremos pela sa\u00fade das irm\u00e3s Sueli, \u00c1urea, Dona Ant\u00f4nia Mendes (m\u00e3e do pastor) e dos irm\u00e3os Miguel e Presb\u00edtero Nivaldo. Suplicamos a Deus por dire\u00e7\u00e3o para nossos projetos pessoais e da igreja.<br>Se voc\u00ea tem algum pedido de ora\u00e7\u00e3o, pode envi\u00e1-lo via WhatsApp para o n\u00famero (61) 99107-8708 ou preencher o cart\u00e3o que se encontra na mesinha na entrada da igreja. Mesmo que voc\u00ea n\u00e3o possa comparecer, oraremos por voc\u00ea e pelo seu pedido.<\/p>\n\n\n\n<p><strong><em>Ter\u00e7a-feira \u2013 Estudo B\u00edblico<\/em><\/strong><\/p>\n\n\n\n<p>Caso n\u00e3o consiga comparecer ao per\u00edodo de ora\u00e7\u00e3o, voc\u00ea pode chegar \u00e0s 20h00 para o estudo b\u00edblico.<br>A partir das 20h00, estudo b\u00edblico apostilado com o tema Estudos no Breve Catecismo de Westminster, Pergunta 34: Que \u00e9 ado\u00e7\u00e3o? Resposta: Ado\u00e7\u00e3o \u00e9 um ato da livre gra\u00e7a de Deus, pelo qual somos recebidos no n\u00famero e temos direito a todos os privil\u00e9gios dos filhos de Deus, com transmiss\u00e3o ao vivo em nosso canal no YouTube. Assista, fa\u00e7a sua inscri\u00e7\u00e3o no canal e divulgue para conseguir pelo menos mais uma inscri\u00e7\u00e3o.<br>Se voc\u00ea quiser receber a apostila digital, pode solicitar sua inclus\u00e3o no grupo de estudos, exclusivamente para informa\u00e7\u00f5es e envio das apostilas, que \u00e9 diferente do grupo de relacionamentos da igreja.<\/p>\n\n\n\n<p><strong><em>Quinta-feira<\/em><\/strong><\/p>\n\n\n\n<p>A partir das 20h00, a igreja se re\u00fane nas casas dos irm\u00e3os, seguindo o exemplo da igreja primitiva (Atos 2:46; 10:22; 16:15; 16:34) para edifica\u00e7\u00e3o, comunh\u00e3o e ora\u00e7\u00e3o. Na \u00faltima quinta-feira, o encontro foi na casa do Presb\u00edtero Luis Fernandes e da Senhora Ivalda. Voc\u00ea pode receber um dos encontros na sua casa, mesmo que ainda n\u00e3o seja membro da igreja. Datas dispon\u00edveis: 9, 16 e 23 de outubro.<\/p>\n\n\n\n<p><strong><em>Domingo<\/em><\/strong><\/p>\n\n\n\n<p>\u00c0s 9h00, Escola B\u00edblica. Aula para jovens e adultos com classe unificada. Esta semana, durante a EBD, a igreja conhecer\u00e1 o casal Jonathan Philip da Silva e Josiane Assun\u00e7\u00e3o da Silva, que apresentar\u00e1 o projeto mission\u00e1rio denominado \u201cProjeto Filipe\u201d. Demais classes ter\u00e3o aula em seus curr\u00edculos e linguagem apropriados.<br>Pais: N\u00e3o deixem de trazer seus filhos para participarem das atividades do Departamento Infantil. As aulas s\u00e3o preparadas com muito carinho e cuidado para a edifica\u00e7\u00e3o de seus filhos.<br>\u00c0s 18h30, Culto Solene ao Senhor, com adora\u00e7\u00e3o, dedica\u00e7\u00e3o pessoal e edifica\u00e7\u00e3o \u00e0 luz das Escrituras, tendo como porta-voz da mensagem o Reverendo Marthon Mendes com o tema \u201cA origem da alegria que toma conta do cora\u00e7\u00e3o do crist\u00e3o\u201d, baseado em 1 Tessalonicenses 2:17-20.<\/p>\n\n\n\n<p><strong>D\u00edzimos e Ofertas<\/strong><\/p>\n\n\n\n<p>Em Deuteron\u00f4mio 14:22-25, a B\u00edblia ensina que o d\u00edzimo \u00e9 uma demonstra\u00e7\u00e3o de gratid\u00e3o pelas b\u00ean\u00e7\u00e3os que Deus deu e uma prova de fidelidade por devolver o que \u00e9 devido ao Senhor. Para entregar seus d\u00edzimos e ofertas via Pix, especifique o que \u00e9 d\u00edzimo e o que \u00e9 oferta, utilizando o CNPJ da igreja 00.574.079\/0001-64. Para ofertas especiais, como doa\u00e7\u00f5es para novos projetos da igreja, fa\u00e7a seu dep\u00f3sito no Banco Santander, ag\u00eancia 3328, conta corrente 13000174-8.<\/p>\n\n\n\n<p><strong>Doa\u00e7\u00f5es<\/strong><\/p>\n\n\n\n<p>Voc\u00ea pode doar a qualquer tempo, mas a Junta Diaconal orienta os irm\u00e3os que fazem doa\u00e7\u00f5es para as cestas b\u00e1sicas a trazerem sua oferta at\u00e9 o dia 15 de cada m\u00eas. As doa\u00e7\u00f5es podem ser entregues aos di\u00e1conos de plant\u00e3o ou deixadas no local indicado. Se voc\u00ea quiser participar da b\u00ean\u00e7\u00e3o de contribuir, fale com um dos nossos di\u00e1conos.<\/p>\n\n\n\n<p><strong>Catecismo Maior de Westminster<\/strong><\/p>\n\n\n\n<ol start=\"182\">\n<li>Como orar em nome de Cristo? Orar em nome de Cristo \u00e9, em obedi\u00eancia \u00e0 sua ordem e confiando em sua promessa, pedir em ora\u00e7\u00e3o com base em sua media\u00e7\u00e3o, n\u00e3o usando apenas o seu nome, mas buscando a gra\u00e7a e a for\u00e7a do Esp\u00edrito Santo para nos capacitar a orar corretamente. Jo\u00e3o 14:13-14; 16:24; Hebreus 4:14-16; 1 Jo\u00e3o 5:13-15.<\/li>\n<\/ol>\n\n\n\n<p><strong>Pergunte ao Pastor<\/strong><\/p>\n\n\n\n<p>Envie sua pergunta para <a href=\"mailto:pergunte@3ipt.org.br\">pergunte@3ipt.org.br<\/a>. Todas as perguntas s\u00e3o respondidas; tenha paci\u00eancia. As respostas s\u00e3o publicadas anonimamente em nosso site, exceto se o autor solicitar divulga\u00e7\u00e3o do nome.<\/p>\n\n\n\n<p><strong>Lei Geral de Prote\u00e7\u00e3o de Dados<\/strong><\/p>\n\n\n\n<p>Informamos aos nossos irm\u00e3os, amigos e visitantes que as imagens do culto podem ser disponibilizadas na rede mundial de computadores em v\u00eddeo e fotografias. Se voc\u00ea tem alguma obje\u00e7\u00e3o \u00e0 publica\u00e7\u00e3o de sua imagem, por gentileza, informe a um dos nossos di\u00e1conos.<\/p>\n\n\n\n<p><strong>Projetos<\/strong><\/p>\n\n\n\n<p>Voc\u00ea ainda pode participar dos projetos com suas doa\u00e7\u00f5es. Para saber como, procure o Presb\u00edtero Jan Uilles ou o Presb\u00edtero Roberto Vieira. Sua participa\u00e7\u00e3o e contribui\u00e7\u00e3o s\u00e3o muito importantes. Lembre-se do que ensina a Palavra de Deus: cada um contribua segundo tiver proposto no cora\u00e7\u00e3o, n\u00e3o por tristeza ou necessidade, porque Deus ama ao que d\u00e1 com alegria (2 Cor\u00edntios 9:7).<\/p>\n\n\n\n<p><strong>Sociedades<\/strong><\/p>\n\n\n\n<p><a href=\"http:\/\/bit.ly\/naupa-2026\" target=\"_blank\" rel=\"noreferrer noopener\">bit.ly\/naupa-2026<\/a> Este \u00e9 o endere\u00e7o para inscri\u00e7\u00f5es e informa\u00e7\u00f5es do NAUPA (Encontro Nacional de Adolescentes). Ser\u00e1 entre os dias 29 de janeiro e 1\u00ba de fevereiro de 2026 na Est\u00e2ncia \u00c1rvore da Vida, em Sumar\u00e9, SP. N\u00e3o perca esta oportunidade. J\u00e1 est\u00e1 sendo organizada caravana de \u00f4nibus saindo de Bras\u00edlia.<\/p>\n\n\n\n<p><strong>UCP &amp; UPA<\/strong><\/p>\n\n\n\n<p>Dia 11, teremos o mini-retiro no Espa\u00e7o Ref\u00fagio. Esperamos que todos os participantes aproveitem bastante este tempo, e contamos com as ora\u00e7\u00f5es daqueles que n\u00e3o puderam participar. Nossa devocional ser\u00e1 ministrada pelo evangelista Alejandro.<\/p>\n\n\n\n<p><strong>XXIV Simp\u00f3sio<\/strong><\/p>\n\n\n\n<p>O assunto deste ano ser\u00e1 Grandes Temas da B\u00edblia. Este ano, al\u00e9m dos amigos e familiares dos membros da igreja, tamb\u00e9m \u00e9 voltado para voc\u00ea. Veja no nosso folder, fa\u00e7a sua inscri\u00e7\u00e3o e convide seus amigos e familiares.<\/p>\n\n\n\n<p><strong>PRDF<\/strong><\/p>\n\n\n\n<p>O Presbit\u00e9rio do Distrito Federal se reunir\u00e1 no pr\u00f3ximo domingo, dia 5, \u00e0s 7h30, nas depend\u00eancias da Segunda Igreja Presbiteriana de Samambaia, para tratar do assunto: Distribui\u00e7\u00e3o de Campos e Finan\u00e7as. Oremos por esta reuni\u00e3o.<\/p>\n\n\n\n<p><strong>Liturgia do Culto Noturno<br><em>Liturgo: Presb\u00edtero Henrique Marques<\/em><\/strong><\/p>\n\n\n\n<ul>\n<li>Leitura b\u00edblica: Salmo 115.1<\/li>\n\n\n\n<li>Ora\u00e7\u00e3o de invoca\u00e7\u00e3o<\/li>\n\n\n\n<li>Leitura b\u00edblica: Salmo 115<\/li>\n\n\n\n<li>Louvor: Hino 18<\/li>\n\n\n\n<li>Leitura b\u00edblia: Isa\u00edas 53<\/li>\n\n\n\n<li>Ora\u00e7\u00e3o de contri\u00e7\u00e3o (confiss\u00e3o de pecados)<\/li>\n\n\n\n<li>Louvor: Hino 120<\/li>\n\n\n\n<li>Leitura b\u00edblica: Salmo 115.9-13<\/li>\n\n\n\n<li>Ora\u00e7\u00e3o intercess\u00f3ria \u2013 pastorais<\/li>\n\n\n\n<li>Oportunidade para o Grupo de Louvor e recolhimento de d\u00edzimos e ofertas<\/li>\n\n\n\n<li>Ora\u00e7\u00e3o de gratid\u00e3o pelos d\u00edzimos, ofertas e crian\u00e7as<\/li>\n\n\n\n<li>Prega\u00e7\u00e3o: Reverendo Marthon Mendes<\/li>\n\n\n\n<li>Ora\u00e7\u00e3o final e b\u00ean\u00e7\u00e3o apost\u00f3lica<\/li>\n\n\n\n<li>Posl\u00fadio e avisos<\/li>\n<\/ul>\n\n\n\n<p><strong>Visitantes<\/strong><\/p>\n\n\n\n<p>Sua presen\u00e7a em nossa igreja \u00e9 motivo de grande alegria, e desejamos que, assim como fomos aben\u00e7oados com sua visita, sua presen\u00e7a em nosso meio tenha sido uma alegre colheita de b\u00ean\u00e7\u00e3os espirituais. Desejamos que voc\u00ea desfrute da comunh\u00e3o com Deus e da nossa comunh\u00e3o. Se desejar fazer desta casa sua casa de ora\u00e7\u00e3o, tornando-se membro de nossa igreja, ser\u00e1 muito bem-vindo. Que o Senhor o aben\u00e7oe ricamente. Queremos retribuir sua visita.<\/p>\n\n\n\n<p><strong>Aniversariantes (5\/10 a 11\/10)<\/strong><\/p>\n\n\n\n<p>Dia 05\/10 Heliades Dias da Silva J\u00fanior<br>Dia 08\/10 Tiago de Almeida Marques<br>Dia 11\/10 Isaac Chemp Silva<\/p>\n\n\n\n<p>Faltou o seu nome? Se voc\u00ea \u00e9 membro da igreja e deseja que nos alegremos com voc\u00ea, por gentileza, atualize seu cadastro.<\/p>\n\n\n\n<p><strong>Pa\u00eds de Ora\u00e7\u00e3o da Semana: Quirguist\u00e3o<\/strong><\/p>\n\n\n\n<p>O Quirguist\u00e3o, na\u00e7\u00e3o montanhosa da \u00c1sia Central com cerca de 7 milh\u00f5es de habitantes, enfrenta desafios para a igreja crist\u00e3 em um contexto predominantemente mu\u00e7ulmano (90% da popula\u00e7\u00e3o). Segundo o Portas Abertas, o pa\u00eds est\u00e1 na 27\u00aa posi\u00e7\u00e3o na Lista Mundial da Persegui\u00e7\u00e3o 2025, devido \u00e0 opress\u00e3o isl\u00e2mica e ao controle estatal. Crist\u00e3os, especialmente convertidos do islamismo, enfrentam discrimina\u00e7\u00e3o, amea\u00e7as e viol\u00eancia de familiares e comunidades. Ore para que os crist\u00e3os quirguizes, incluindo os de igrejas reformadas, tenham coragem para viver sua f\u00e9 e compartilhar o Evangelho em meio \u00e0 hostilidade. Pe\u00e7a por prote\u00e7\u00e3o aos convertidos e sabedoria aos l\u00edderes crist\u00e3os para fortalecerem a igreja. Interceda pela economia, com 20% da popula\u00e7\u00e3o vivendo abaixo da linha da pobreza, para que Deus sustente as fam\u00edlias crist\u00e3s. Ore tamb\u00e9m pela liberdade religiosa em um pa\u00eds com crescente repress\u00e3o.<br><em>Fontes: Portas Abertas, Operation World<\/em><\/p>\n\n\n\n<figure class=\"wp-block-image size-full\"><img loading=\"lazy\" decoding=\"async\" width=\"137\" height=\"88\" src=\"https:\/\/3ipt.org.br\/site\/wp-content\/uploads\/2018\/10\/quirguistao.jpg\" alt=\"Quirguistao\" class=\"wp-image-428\"\/><\/figure>\n","protected":false},"excerpt":{"rendered":"<p>Vers\u00e3o para impress\u00e3o: Pai Nosso \u201cPai nosso, que est\u00e1s nos c\u00e9us (\u2026), santificado seja o teu nome\u201dMateus 6:9b A santifica\u00e7\u00e3o do nome de Deus deve ser o primeiro objeto de nossas peti\u00e7\u00f5es. Como santificamos o Nome? O Terceiro Mandamento responde: \u201cN\u00e3o tomar\u00e1s o nome do Senhor, teu Deus, em v\u00e3o\u201d (\u00caxodo 20:7), ou seja, n\u00e3o&#8230;<\/p>\n","protected":false},"author":1,"featured_media":0,"comment_status":"open","ping_status":"open","sticky":false,"template":"","format":"standard","meta":{"footnotes":""},"categories":[4],"tags":[],"_links":{"self":[{"href":"https:\/\/3ipt.org.br\/site\/wp-json\/wp\/v2\/posts\/4748"}],"collection":[{"href":"https:\/\/3ipt.org.br\/site\/wp-json\/wp\/v2\/posts"}],"about":[{"href":"https:\/\/3ipt.org.br\/site\/wp-json\/wp\/v2\/types\/post"}],"author":[{"embeddable":true,"href":"https:\/\/3ipt.org.br\/site\/wp-json\/wp\/v2\/users\/1"}],"replies":[{"embeddable":true,"href":"https:\/\/3ipt.org.br\/site\/wp-json\/wp\/v2\/comments?post=4748"}],"version-history":[{"count":1,"href":"https:\/\/3ipt.org.br\/site\/wp-json\/wp\/v2\/posts\/4748\/revisions"}],"predecessor-version":[{"id":4750,"href":"https:\/\/3ipt.org.br\/site\/wp-json\/wp\/v2\/posts\/4748\/revisions\/4750"}],"wp:attachment":[{"href":"https:\/\/3ipt.org.br\/site\/wp-json\/wp\/v2\/media?parent=4748"}],"wp:term":[{"taxonomy":"category","embeddable":true,"href":"https:\/\/3ipt.org.br\/site\/wp-json\/wp\/v2\/categories?post=4748"},{"taxonomy":"post_tag","embeddable":true,"href":"https:\/\/3ipt.org.br\/site\/wp-json\/wp\/v2\/tags?post=4748"}],"curies":[{"name":"wp","href":"https:\/\/api.w.org\/{rel}","templated":true}]}}