{"id":4752,"date":"2025-10-12T08:00:00","date_gmt":"2025-10-12T11:00:00","guid":{"rendered":"https:\/\/3ipt.org.br\/site\/?p=4752"},"modified":"2025-10-11T18:29:18","modified_gmt":"2025-10-11T21:29:18","slug":"boletim-informativo-no-41-2025","status":"publish","type":"post","link":"https:\/\/3ipt.org.br\/site\/boletim\/boletim-informativo-no-41-2025\/","title":{"rendered":"Boletim Informativo n\u00ba 41\/2025"},"content":{"rendered":"\nVers\u00e3o para impress\u00e3o: <a href=\"https:\/\/3ipt.org.br\/site\/wp-content\/uploads\/2025\/10\/Boletim-41-2025-print.pdf\"><img loading=\"lazy\" decoding=\"async\" class=\"alignleft wp-image-60\" src=\"http:\/\/3ipt.org.br\/site\/wp-content\/uploads\/2018\/09\/baseline_picture_as_pdf_black_18dp.png\" alt=\"pdf logo\" width=\"24\" height=\"24\"><\/a>\n\n\n\n<h2 class=\"wp-block-heading\">O Rei Vir\u00e1<\/h2>\n\n\n\n<blockquote class=\"wp-block-quote is-layout-flow wp-block-quote-is-layout-flow\">\n<p>\u201cPorque, ainda dentro de pouco tempo, aquele que vem vir\u00e1 e n\u00e3o tardar\u00e1.\u201d<br>Hebreus 10:37<\/p>\n<\/blockquote>\n\n\n\n<p>Eu sei que h\u00e1 de vir o Filho do Homem; vir\u00e1 sobre as nuvens do c\u00e9u, com poder e muita gl\u00f3ria, e sua chegada marcar\u00e1 o fim da iniquidade em todas as suas variadas formas. Nesse tempo, haver\u00e1 grande tribula\u00e7\u00e3o, como desde o princ\u00edpio do mundo at\u00e9 agora n\u00e3o tem havido nem haver\u00e1 jamais, porque nos \u00faltimos dias sobrevir\u00e3o tempos dif\u00edceis, pois os homens ser\u00e3o ego\u00edstas, avarentos, jactanciosos, arrogantes, blasfemos, desobedientes aos pais, ingratos, irreverentes, desafei\u00e7oados, implac\u00e1veis, caluniadores, sem dom\u00ednio de si, cru\u00e9is, inimigos do bem, traidores, atrevidos, enfatuados, mais amigos dos prazeres que amigos de Deus, tendo forma de piedade, negando-lhe, entretanto, o poder. O Esp\u00edrito Santo afirma expressamente que, nos \u00faltimos tempos, alguns apostatar\u00e3o da f\u00e9, por obedecerem a esp\u00edritos enganadores e a ensinos de dem\u00f4nios. Estas palavras nos mostram duas coisas: 1. A iniquidade dos dias atuais \u00e9 fomentada e encorajada por dem\u00f4nios; 2. As caracter\u00edsticas dos tempos dif\u00edceis se percebem claramente nas fam\u00edlias, no mundo empresarial, pol\u00edtico, jur\u00eddico e nas artes. Com efeito, tendes necessidade de perseveran\u00e7a, para que, havendo feito a vontade de Deus, alcancemos a promessa. Todavia, o justo viver\u00e1 pela f\u00e9; e se retroceder, nele n\u00e3o se compraz a minha alma. N\u00f3s, por\u00e9m, n\u00e3o somos dos que retrocedem para a perdi\u00e7\u00e3o; somos, entretanto, da f\u00e9, para a conserva\u00e7\u00e3o da alma. Am\u00e9m! Vem, Senhor Jesus! A gra\u00e7a do Senhor Jesus seja com todos (Mateus 24:30, 21; 2 Tim\u00f3teo 3:1-5; 1 Tim\u00f3teo 4:1; Hebreus 10:36-39; Apocalipse 22:20-21).<\/p>\n\n\n\n<p><em>No amor de Cristo,<br>Reverendo Jos\u00e9 Loures Rosa<\/em><\/p>\n\n\n\n<p><strong>Nossa Agenda<br><em>Ter\u00e7a-feira \u2013 Ora\u00e7\u00e3o<\/em><\/strong><\/p>\n\n\n\n<p>Por que n\u00e3o? A igreja est\u00e1 aberta e os crentes s\u00e3o convocados para meia hora de ora\u00e7\u00e3o, das 19h30 \u00e0s 20h00, nas ter\u00e7as-feiras, em uma reuni\u00e3o que n\u00e3o \u00e9 transmitida nem gravada. Mantenha-se em ora\u00e7\u00e3o pelas tratativas referentes ao Col\u00e9gio Simonton, agora para defini\u00e7\u00e3o dos termos jur\u00eddicos da parceria. Venha orar tamb\u00e9m intercedendo ao Senhor por miseric\u00f3rdia pela nossa na\u00e7\u00e3o, freando a iniquidade e punindo tantas injusti\u00e7as que vemos praticadas todos os dias. Tamb\u00e9m pedimos a Deus que d\u00ea sabedoria e vigor para as lideran\u00e7as da igreja. Intercedemos pelos irm\u00e3os, amigos e familiares que est\u00e3o enfrentando problemas ou est\u00e3o fracos na f\u00e9. Tamb\u00e9m \u00e9 muito importante orar pela lideran\u00e7a da igreja: pastor, presb\u00edteros, di\u00e1conos, sociedades e departamentos.<br>Oramos pelos enfermos para que Deus os cure e pelos seus familiares para que Deus os sustente durante o per\u00edodo de tratamento. De forma especial, oremos pela sa\u00fade das irm\u00e3s Sueli, \u00c1urea, Dona Ant\u00f4nia Mendes (m\u00e3e do pastor) e dos irm\u00e3os Miguel e Presb\u00edtero Nivaldo. Suplicamos a Deus por dire\u00e7\u00e3o para nossos projetos pessoais e da igreja.<br>Se voc\u00ea tem algum pedido de ora\u00e7\u00e3o, pode envi\u00e1-lo via WhatsApp para o n\u00famero (61) 99107-8708 ou preencher o cart\u00e3o que se encontra na mesinha na entrada da igreja. Mesmo que voc\u00ea n\u00e3o possa comparecer, oraremos por voc\u00ea e pelo seu pedido. Tem sido t\u00e3o aben\u00e7oador que meia hora est\u00e1 come\u00e7ando a ser insuficiente.<\/p>\n\n\n\n<p><strong><em>Ter\u00e7a-feira \u2013 Estudo B\u00edblico<\/em><\/strong><\/p>\n\n\n\n<p>Caso n\u00e3o consiga comparecer ao per\u00edodo de ora\u00e7\u00e3o, voc\u00ea pode chegar \u00e0s 20h00 para o estudo b\u00edblico.<br>A partir das 20h00, estudo b\u00edblico apostilado com o tema Estudos no Breve Catecismo de Westminster, Pergunta 35: Que \u00e9 santifica\u00e7\u00e3o? Resposta: Santifica\u00e7\u00e3o \u00e9 a obra da livre gra\u00e7a de Deus, pela qual somos renovados em todo o homem, segundo a imagem de Deus, e habilitados mais e mais a morrer para o pecado e a viver para a justi\u00e7a, com transmiss\u00e3o ao vivo em nosso canal no YouTube. Assista, fa\u00e7a sua inscri\u00e7\u00e3o no canal e divulgue para conseguir pelo menos mais uma inscri\u00e7\u00e3o.<br>Se voc\u00ea quiser receber a apostila digital, pode solicitar sua inclus\u00e3o no grupo de estudos, exclusivamente para informa\u00e7\u00f5es e envio das apostilas, que \u00e9 diferente do grupo de relacionamentos da igreja.<\/p>\n\n\n\n<p><strong><em>Quinta-feira<\/em><\/strong><\/p>\n\n\n\n<p>A partir das 20h00, a igreja se re\u00fane nas casas dos irm\u00e3os, seguindo o exemplo da igreja primitiva (Atos 2:46; 10:22; 16:15; 16:34) para edifica\u00e7\u00e3o, comunh\u00e3o e ora\u00e7\u00e3o. Aguardamos a disponibilidade dos irm\u00e3os para nos receber em sua casa.<\/p>\n\n\n\n<p><strong><em>Domingo<\/em><\/strong><\/p>\n\n\n\n<p>\u00c0s 9h00, Escola B\u00edblica. Aula para jovens e adultos com classe unificada. Esta semana, as classes de jovens e adultos retornam ao tema Credo Apost\u00f3lico, com a \u00faltima li\u00e7\u00e3o desta sequ\u00eancia. Como sempre, as demais classes ter\u00e3o aula em seus curr\u00edculos e linguagem apropriados.<br>Pais: N\u00e3o deixem de trazer seus filhos para participarem das atividades do Departamento Infantil. As aulas s\u00e3o preparadas com muito carinho e cuidado para a edifica\u00e7\u00e3o de seus filhos.<br>\u00c0s 18h30, Culto Solene ao Senhor, com adora\u00e7\u00e3o, dedica\u00e7\u00e3o pessoal e edifica\u00e7\u00e3o \u00e0 luz das Escrituras, tendo como porta-voz da mensagem o Reverendo Marthon Mendes, baseado em 1 Tessalonicenses 3:1-5.<\/p>\n\n\n\n<p><strong>D\u00edzimos e Ofertas<\/strong><\/p>\n\n\n\n<p>Em Deuteron\u00f4mio 14:22-25, a B\u00edblia ensina que o d\u00edzimo \u00e9 uma demonstra\u00e7\u00e3o de gratid\u00e3o pelas b\u00ean\u00e7\u00e3os que Deus deu e uma prova de fidelidade por devolver o que \u00e9 devido ao Senhor. Para entregar seus d\u00edzimos e ofertas via Pix, especifique o que \u00e9 d\u00edzimo e o que \u00e9 oferta, utilizando o CNPJ da igreja 00.574.079\/0001-64. Para ofertas especiais, como doa\u00e7\u00f5es para novos projetos da igreja, fa\u00e7a seu dep\u00f3sito no Banco Santander, ag\u00eancia 3328, conta corrente 13000174-8.<\/p>\n\n\n\n<p><strong>Doa\u00e7\u00f5es<\/strong><\/p>\n\n\n\n<p>Voc\u00ea pode doar a qualquer tempo, mas a Junta Diaconal orienta os irm\u00e3os que fazem doa\u00e7\u00f5es para as cestas b\u00e1sicas a trazerem sua oferta at\u00e9 o dia 15 de cada m\u00eas. As doa\u00e7\u00f5es podem ser entregues aos di\u00e1conos de plant\u00e3o ou deixadas no local indicado. Se voc\u00ea quiser participar da b\u00ean\u00e7\u00e3o de contribuir, fale com um dos nossos di\u00e1conos.<\/p>\n\n\n\n<p><strong>Catecismo Maior de Westminster<\/strong><\/p>\n\n\n\n<ol start=\"183\">\n<li>Por que devemos orar em nome de Cristo? Devemos orar em nome de Cristo porque Ele \u00e9 o \u00fanico Mediador entre Deus e os homens, e somente por meio dEle nossas ora\u00e7\u00f5es s\u00e3o aceitas por Deus. Jo\u00e3o 14:13-14; 16:23-24; Hebreus 7:25; 1 Tim\u00f3teo 2:5.<\/li>\n<\/ol>\n\n\n\n<p><strong>Pergunte ao Pastor<\/strong><\/p>\n\n\n\n<p>Envie sua pergunta para <a href=\"mailto:pergunte@3ipt.org.br\">pergunte@3ipt.org.br<\/a>. Todas as perguntas s\u00e3o respondidas; tenha paci\u00eancia. As respostas s\u00e3o publicadas anonimamente em nosso site, exceto se o autor solicitar divulga\u00e7\u00e3o do nome.<\/p>\n\n\n\n<p><strong>Novos Membros<\/strong><\/p>\n\n\n\n<p>Se voc\u00ea desejar fazer da nossa igreja a sua igreja, com todos os privil\u00e9gios que os membros possuem, voc\u00ea ser\u00e1 muito bem-vindo. Torne-se membro de nossa igreja. Para saber mais, fale com um dos presb\u00edteros ou com o pastor.<\/p>\n\n\n\n<p><strong>Lei Geral de Prote\u00e7\u00e3o de Dados<\/strong><\/p>\n\n\n\n<p>Informamos aos nossos irm\u00e3os, amigos e visitantes que as imagens do culto podem ser disponibilizadas na rede mundial de computadores em v\u00eddeo e fotografias. Se voc\u00ea tem alguma obje\u00e7\u00e3o \u00e0 publica\u00e7\u00e3o de sua imagem, por gentileza, informe a um dos nossos di\u00e1conos.<\/p>\n\n\n\n<p><strong>Projetos<\/strong><\/p>\n\n\n\n<p>Voc\u00ea ainda pode participar dos projetos com suas doa\u00e7\u00f5es. Para saber como, procure o Presb\u00edtero Jan Uilles ou o Presb\u00edtero Roberto Vieira. Sua participa\u00e7\u00e3o e contribui\u00e7\u00e3o s\u00e3o muito importantes. Lembre-se do que ensina a Palavra de Deus: cada um contribua segundo tiver proposto no cora\u00e7\u00e3o, n\u00e3o por tristeza ou necessidade, porque Deus ama ao que d\u00e1 com alegria (2 Cor\u00edntios 9:7).<\/p>\n\n\n\n<p><strong>Sociedades<\/strong><\/p>\n\n\n\n<p><a href=\"http:\/\/bit.ly\/naupa-2026\" target=\"_blank\" rel=\"noreferrer noopener\">bit.ly\/naupa-2026<\/a> Este \u00e9 o endere\u00e7o para inscri\u00e7\u00f5es e informa\u00e7\u00f5es do NAUPA (Encontro Nacional de Adolescentes). Ser\u00e1 entre os dias 29 de janeiro e 1\u00ba de fevereiro de 2026 na Est\u00e2ncia \u00c1rvore da Vida, em Sumar\u00e9, SP. N\u00e3o perca esta oportunidade. J\u00e1 est\u00e1 sendo organizada caravana de \u00f4nibus saindo de Bras\u00edlia.<\/p>\n\n\n\n<p><strong>XXIV Simp\u00f3sio<\/strong><\/p>\n\n\n\n<p>O assunto deste ano ser\u00e1 Grandes Temas da B\u00edblia. Este ano, al\u00e9m dos amigos e familiares dos membros da igreja, tamb\u00e9m \u00e9 voltado para voc\u00ea. Veja no nosso folder, fa\u00e7a sua inscri\u00e7\u00e3o e convide seus amigos e familiares. Os folhetos para distribui\u00e7\u00e3o e convites j\u00e1 est\u00e3o \u00e0 disposi\u00e7\u00e3o. Use quantos julgar necess\u00e1rio. Tamb\u00e9m temos, no nosso grupo, os convites virtuais.<\/p>\n\n\n\n<p><strong>Kids Tamb\u00e9m<\/strong><\/p>\n\n\n\n<p>O simp\u00f3sio tamb\u00e9m ter\u00e1 um espa\u00e7o muito especial dedicado para as nossas crian\u00e7as. Voc\u00ea pode participar do simp\u00f3sio sabendo que seus filhos estar\u00e3o bem cuidados e ensinados na Palavra de Deus.<\/p>\n\n\n\n<p><strong>Liturgia do Culto Noturno<br><em>Liturgo: Presb\u00edtero Jan Uiles<\/em><\/strong><\/p>\n\n\n\n<ul>\n<li>Leitura b\u00edblica<\/li>\n\n\n\n<li>Ora\u00e7\u00e3o de invoca\u00e7\u00e3o<\/li>\n\n\n\n<li>Leitura b\u00edblica<\/li>\n\n\n\n<li>Louvor<\/li>\n\n\n\n<li>Leitura b\u00edblica<\/li>\n\n\n\n<li>Ora\u00e7\u00e3o de contri\u00e7\u00e3o (confiss\u00e3o de pecados)<\/li>\n\n\n\n<li>Louvor<\/li>\n\n\n\n<li>Leitura b\u00edblica<\/li>\n\n\n\n<li>Ora\u00e7\u00e3o intercess\u00f3ria \u2013 pastorais<\/li>\n\n\n\n<li>Oportunidade para o Grupo de Louvor e recolhimento de d\u00edzimos e ofertas<\/li>\n\n\n\n<li>Ora\u00e7\u00e3o de gratid\u00e3o pelos d\u00edzimos, ofertas e crian\u00e7as<\/li>\n\n\n\n<li>Prega\u00e7\u00e3o: Reverendo Marthon Mendes<\/li>\n\n\n\n<li>Ora\u00e7\u00e3o final e b\u00ean\u00e7\u00e3o apost\u00f3lica<\/li>\n\n\n\n<li>Posl\u00fadio e avisos<\/li>\n<\/ul>\n\n\n\n<p><strong>Visitantes<\/strong><\/p>\n\n\n\n<p>Sua presen\u00e7a em nossa igreja \u00e9 motivo de grande alegria, e desejamos que, assim como fomos aben\u00e7oados com sua visita, sua presen\u00e7a em nosso meio tenha sido uma alegre colheita de b\u00ean\u00e7\u00e3os espirituais. Desejamos que voc\u00ea desfrute da comunh\u00e3o com Deus e da nossa comunh\u00e3o. Que o Senhor o aben\u00e7oe ricamente. Queremos retribuir sua visita.<\/p>\n\n\n\n<p><strong>Aniversariantes (12\/10 a 18\/10)<\/strong><\/p>\n\n\n\n<p>Dia 12\/10 Maria do Carmo Miranda Passos<br>Dia 13\/10 Leone Braga Teixeira<br>Dia 15\/10 N\u00edcolas de S\u00e1 Costa<br>Dia 15\/10 Sara Silva Madeira<\/p>\n\n\n\n<p>Faltou o seu nome? Se voc\u00ea \u00e9 membro da igreja e deseja que nos alegremos com voc\u00ea, por gentileza, atualize seu cadastro.<\/p>\n\n\n\n<p><strong>Pa\u00eds de Ora\u00e7\u00e3o da Semana: Rep\u00fablica Centro-Africana<\/strong><\/p>\n\n\n\n<p>A Rep\u00fablica Centro-Africana, com cerca de 5,6 milh\u00f5es de habitantes, enfrenta conflitos armados e instabilidade, impactando a igreja crist\u00e3. Segundo o Portas Abertas, o pa\u00eds est\u00e1 na 28\u00aa posi\u00e7\u00e3o na Lista Mundial da Persegui\u00e7\u00e3o 2025, devido \u00e0 viol\u00eancia de grupos armados e \u00e0 opress\u00e3o isl\u00e2mica em algumas regi\u00f5es. Cerca de 70% da popula\u00e7\u00e3o \u00e9 crist\u00e3, mas muitos enfrentam ataques, especialmente em \u00e1reas controladas por mil\u00edcias. Ore pelos crist\u00e3os centro-africanos, incluindo os de igrejas reformadas, para que tenham coragem de viver sua f\u00e9 e compartilhar o Evangelho. Pe\u00e7a prote\u00e7\u00e3o para comunidades crist\u00e3s e sabedoria para l\u00edderes em meio \u00e0 viol\u00eancia. Interceda pela economia, com 67% da popula\u00e7\u00e3o vivendo abaixo da linha da pobreza, para que Deus sustente as fam\u00edlias. Ore pela paz e reconcilia\u00e7\u00e3o em um pa\u00eds marcado por conflitos \u00e9tnicos e religiosos.<br><em>Fontes: Portas Abertas, Operation World<\/em><\/p>\n\n\n\n<figure class=\"wp-block-image size-full\"><img loading=\"lazy\" decoding=\"async\" width=\"127\" height=\"89\" src=\"https:\/\/3ipt.org.br\/site\/wp-content\/uploads\/2018\/10\/republica_centro_africana.jpg\" alt=\"Rep\u00fablica Centro-Africana\" class=\"wp-image-430\"\/><\/figure>\n","protected":false},"excerpt":{"rendered":"<p>Vers\u00e3o para impress\u00e3o: O Rei Vir\u00e1 \u201cPorque, ainda dentro de pouco tempo, aquele que vem vir\u00e1 e n\u00e3o tardar\u00e1.\u201dHebreus 10:37 Eu sei que h\u00e1 de vir o Filho do Homem; vir\u00e1 sobre as nuvens do c\u00e9u, com poder e muita gl\u00f3ria, e sua chegada marcar\u00e1 o fim da iniquidade em todas as suas variadas formas&#8230;.<\/p>\n","protected":false},"author":1,"featured_media":0,"comment_status":"open","ping_status":"open","sticky":false,"template":"","format":"standard","meta":{"footnotes":""},"categories":[4],"tags":[],"_links":{"self":[{"href":"https:\/\/3ipt.org.br\/site\/wp-json\/wp\/v2\/posts\/4752"}],"collection":[{"href":"https:\/\/3ipt.org.br\/site\/wp-json\/wp\/v2\/posts"}],"about":[{"href":"https:\/\/3ipt.org.br\/site\/wp-json\/wp\/v2\/types\/post"}],"author":[{"embeddable":true,"href":"https:\/\/3ipt.org.br\/site\/wp-json\/wp\/v2\/users\/1"}],"replies":[{"embeddable":true,"href":"https:\/\/3ipt.org.br\/site\/wp-json\/wp\/v2\/comments?post=4752"}],"version-history":[{"count":1,"href":"https:\/\/3ipt.org.br\/site\/wp-json\/wp\/v2\/posts\/4752\/revisions"}],"predecessor-version":[{"id":4754,"href":"https:\/\/3ipt.org.br\/site\/wp-json\/wp\/v2\/posts\/4752\/revisions\/4754"}],"wp:attachment":[{"href":"https:\/\/3ipt.org.br\/site\/wp-json\/wp\/v2\/media?parent=4752"}],"wp:term":[{"taxonomy":"category","embeddable":true,"href":"https:\/\/3ipt.org.br\/site\/wp-json\/wp\/v2\/categories?post=4752"},{"taxonomy":"post_tag","embeddable":true,"href":"https:\/\/3ipt.org.br\/site\/wp-json\/wp\/v2\/tags?post=4752"}],"curies":[{"name":"wp","href":"https:\/\/api.w.org\/{rel}","templated":true}]}}