{"id":4755,"date":"2025-10-19T08:00:00","date_gmt":"2025-10-19T11:00:00","guid":{"rendered":"https:\/\/3ipt.org.br\/site\/?p=4755"},"modified":"2025-10-18T17:21:05","modified_gmt":"2025-10-18T20:21:05","slug":"boletim-informativo-no-42-2025","status":"publish","type":"post","link":"https:\/\/3ipt.org.br\/site\/boletim\/boletim-informativo-no-42-2025\/","title":{"rendered":"Boletim Informativo n\u00ba 42\/2025"},"content":{"rendered":"\nVers\u00e3o para impress\u00e3o: <a href=\"https:\/\/3ipt.org.br\/site\/wp-content\/uploads\/2025\/10\/Boletim-42-2025-print.pdf\"><img loading=\"lazy\" decoding=\"async\" class=\"alignleft wp-image-60\" src=\"http:\/\/3ipt.org.br\/site\/wp-content\/uploads\/2018\/09\/baseline_picture_as_pdf_black_18dp.png\" alt=\"pdf logo\" width=\"24\" height=\"24\"><\/a>\n\n\n\n<h6 class=\"wp-block-heading\">S\u00e9rie Pai Nosso<\/h6>\n\n\n\n<h2 class=\"wp-block-heading\">A Soberana Vontade de Deus<\/h2>\n\n\n\n<blockquote class=\"wp-block-quote is-layout-flow wp-block-quote-is-layout-flow\">\n<p>\u201cPai nosso, que est\u00e1s nos c\u00e9us (\u2026), seja feita a tua vontade, assim na terra como no c\u00e9u\u201d<br>Mateus 6:10b<\/p>\n<\/blockquote>\n\n\n\n<p>Qual \u00e9 a vontade de Deus para n\u00f3s? Em primeiro lugar, que creiamos em seu bendito Filho. \u201cEsta \u00e9 a \u00fanica obra que Deus quer de voc\u00eas: creiam naquele que ele enviou\u201d (Jo\u00e3o 6:29, NVT). Na sequ\u00eancia, aparecem os resultados dessa cren\u00e7a (f\u00e9), que se manifestam na forma da crucifica\u00e7\u00e3o do nosso velho homem, para que o corpo do pecado seja destru\u00eddo, e n\u00e3o sirvamos o pecado como escravos (Romanos 6:6). O velho homem \u00e9 propenso e quer sempre fazer a vontade da carne, mas a vontade de Deus \u00e9 que obede\u00e7amos \u00e0 sua Palavra. Fazer a vontade de Deus significa vencer a irritabilidade, a vaidade e os v\u00edcios. Essas caracter\u00edsticas do velho homem devem ser submetidas \u00e0 santa e soberana vontade de Deus, que deseja que Cristo seja formado em n\u00f3s. \u201c\u00d3 meus filhos queridos, sinto como se estivesse passando outra vez pelas dores de parto por sua causa, e elas continuar\u00e3o at\u00e9 que Cristo seja plenamente desenvolvido em voc\u00eas\u201d (G\u00e1latas 4:19, NVT). E na Pessoa de Cristo, quando esteve no Gets\u00eamani horas antes de sua pris\u00e3o, temos o maior exemplo no que diz respeito \u00e0 vontade de Deus, quando nosso Salvador, estando em grandes ang\u00fastias e tristezas, orou: \u201cMeu Pai, se poss\u00edvel, passe de mim este c\u00e1lice! Todavia, n\u00e3o seja como eu quero, e sim como tu queres\u201d (Mateus 26:36-39). Em Mateus 6:10b, o nosso Mestre nos ensina por meio de palavras, e em Mateus 26:36-39, nos ensina por meio do exemplo. Brevemente, o mundo ser\u00e1 governado pelo Rei do amor, da justi\u00e7a e da paz. A\u00ed ent\u00e3o, a vontade de Deus ser\u00e1 feita na terra, da maneira como ela \u00e9 feita nos c\u00e9us. Senhor, venha o teu reino, e que a tua soberana e santa vontade prevale\u00e7a em meu cora\u00e7\u00e3o, da maneira como acontece entre os santos anjos diante de Ti nos mais altos c\u00e9us. Am\u00e9m.<\/p>\n\n\n\n<p><em>No amor de Cristo,<br>Reverendo Jos\u00e9 Loures Rosa<\/em><\/p>\n\n\n\n<p><strong>Nossa Agenda<br><em>Ter\u00e7a-feira \u2013 Ora\u00e7\u00e3o<\/em><\/strong><\/p>\n\n\n\n<p>Por que n\u00e3o? A igreja est\u00e1 aberta e os crentes s\u00e3o convocados para meia hora de ora\u00e7\u00e3o, das 19h30 \u00e0s 20h00, nas ter\u00e7as-feiras, em uma reuni\u00e3o privada, que n\u00e3o \u00e9 transmitida nem gravada. Mantenha-se em ora\u00e7\u00e3o pelas tratativas referentes ao Col\u00e9gio Simonton, agora para defini\u00e7\u00e3o dos termos jur\u00eddicos da parceria. Venha orar tamb\u00e9m intercedendo ao Senhor por miseric\u00f3rdia pela nossa na\u00e7\u00e3o, freando a iniquidade e punindo tantas injusti\u00e7as que vemos praticadas todos os dias. Tamb\u00e9m pedimos a Deus que d\u00ea sabedoria e vigor para as lideran\u00e7as da igreja, tanto em suas a\u00e7\u00f5es internas quanto na sociedade. Intercedemos pelos irm\u00e3os, amigos e familiares que est\u00e3o enfrentando problemas ou est\u00e3o fracos na f\u00e9. Tamb\u00e9m \u00e9 muito importante orar pela lideran\u00e7a da igreja: pastor, presb\u00edteros, di\u00e1conos, sociedades e departamentos.<br>Oramos pelos enfermos para que Deus os cure e pelos seus familiares para que Deus os sustente durante o per\u00edodo de tratamento. De forma especial, oremos pela sa\u00fade das irm\u00e3s Sueli, \u00c1urea, Dona Ant\u00f4nia Mendes (m\u00e3e do pastor), Amanda (prima da Ver\u00f4nica) e dos irm\u00e3os Miguel, Alaor e Presb\u00edtero Nivaldo. Suplicamos a Deus por dire\u00e7\u00e3o para nossos projetos pessoais e da igreja.<br>Se voc\u00ea tem algum pedido de ora\u00e7\u00e3o, pode envi\u00e1-lo via WhatsApp para o n\u00famero (61) 99107-8708 ou preencher o cart\u00e3o que se encontra na mesinha na entrada da igreja. Mesmo que voc\u00ea n\u00e3o possa comparecer, oraremos por voc\u00ea e pelo seu pedido.<br>S\u00f3 meia hora. E \u00e9 pouco! Tem sido t\u00e3o aben\u00e7oador que meia hora est\u00e1 come\u00e7ando a ser insuficiente.<\/p>\n\n\n\n<p><strong><em>Ter\u00e7a-feira \u2013 Estudo B\u00edblico<\/em><\/strong><\/p>\n\n\n\n<p>Caso n\u00e3o consiga comparecer ao per\u00edodo de ora\u00e7\u00e3o, voc\u00ea pode chegar \u00e0s 20h00 para o estudo b\u00edblico.<br>A partir das 20h00, estudo b\u00edblico apostilado com o tema Estudos no Breve Catecismo de Westminster, Pergunta 36, A Doutrina da Santifica\u00e7\u00e3o: Quais s\u00e3o as b\u00ean\u00e7\u00e3os que nesta vida acompanham a justifica\u00e7\u00e3o, a ado\u00e7\u00e3o e a santifica\u00e7\u00e3o ou delas procedem? Resposta: As b\u00ean\u00e7\u00e3os que nesta vida acompanham a justifica\u00e7\u00e3o, ado\u00e7\u00e3o e santifica\u00e7\u00e3o, ou delas procedem, s\u00e3o: certeza do amor de Deus, paz de consci\u00eancia, gozo no Esp\u00edrito Santo, aumento de gra\u00e7a e perseveran\u00e7a nela at\u00e9 o fim, com transmiss\u00e3o ao vivo em nosso canal no YouTube. Assista, fa\u00e7a sua inscri\u00e7\u00e3o no canal e divulgue para conseguir pelo menos mais uma inscri\u00e7\u00e3o.<br>Se voc\u00ea quiser receber a apostila digital, pode solicitar sua inclus\u00e3o no grupo de estudos, exclusivamente para informa\u00e7\u00f5es e envio das apostilas, que \u00e9 diferente do grupo de relacionamentos da igreja.<\/p>\n\n\n\n<p><strong><em>Quinta-feira<\/em><\/strong><\/p>\n\n\n\n<p>A partir das 20h00, sempre que h\u00e1 disponibilidade de resid\u00eancia, a igreja se re\u00fane nas casas dos irm\u00e3os, seguindo o exemplo da igreja primitiva (Atos 2:46; 10:22; 16:15; 16:34) para edifica\u00e7\u00e3o, comunh\u00e3o e ora\u00e7\u00e3o. Aguardamos a disponibilidade dos irm\u00e3os para nos receber em sua casa.<\/p>\n\n\n\n<p><strong><em>Domingo<\/em><\/strong><\/p>\n\n\n\n<p>\u00c0s 9h00, Escola B\u00edblica. Aula para jovens e adultos com classe unificada. Esta semana, as classes de jovens e adultos retornam ao tema O Compromisso do Crente com a Sua Igreja. Como sempre, as demais classes ter\u00e3o aula em seus curr\u00edculos e linguagem apropriados.<br>Pais: N\u00e3o deixem de vir para a Escola B\u00edblica Dominical e trazer seus filhos para participarem das atividades do Departamento Infantil. As aulas s\u00e3o preparadas com muito carinho e cuidado para a edifica\u00e7\u00e3o de seus filhos.<br>\u00c0s 18h30, Culto Solene ao Senhor, com adora\u00e7\u00e3o, dedica\u00e7\u00e3o pessoal e edifica\u00e7\u00e3o \u00e0 luz das Escrituras, tendo como porta-voz da mensagem o Reverendo Marthon Mendes, baseado em 1 Tessalonicenses 3:6-10: Sim! \u00c9 poss\u00edvel amar a igreja local.<br>Prepare-se para o culto com anteced\u00eancia. Ore ao Senhor pedindo que Ele fale ao seu cora\u00e7\u00e3o atrav\u00e9s da leitura da Palavra, c\u00e2nticos, ora\u00e7\u00f5es e prega\u00e7\u00e3o. Arranje sua agenda, chegue 10 minutos antes, cumprimente seus irm\u00e3os e acomode-se com uma ora\u00e7\u00e3o de dedica\u00e7\u00e3o antes de come\u00e7ar o culto.<\/p>\n\n\n\n<p><strong>D\u00edzimos e Ofertas<\/strong><\/p>\n\n\n\n<p>Em Deuteron\u00f4mio 14:22-25, a B\u00edblia ensina que o d\u00edzimo \u00e9 uma demonstra\u00e7\u00e3o de gratid\u00e3o pelas b\u00ean\u00e7\u00e3os que Deus deu e uma prova de fidelidade por devolver o que \u00e9 devido ao Senhor. Para entregar seus d\u00edzimos e ofertas via Pix, especifique o que \u00e9 d\u00edzimo e o que \u00e9 oferta, utilizando o CNPJ da igreja 00.574.079\/0001-64. Para ofertas especiais, como doa\u00e7\u00f5es para novos projetos da igreja, fa\u00e7a seu dep\u00f3sito no Banco Santander, ag\u00eancia 3328, conta corrente 13000174-8.<\/p>\n\n\n\n<p><strong>Doa\u00e7\u00f5es<\/strong><\/p>\n\n\n\n<p>Voc\u00ea pode doar a qualquer tempo, mas a Junta Diaconal orienta os irm\u00e3os que fazem doa\u00e7\u00f5es para as cestas b\u00e1sicas a trazerem sua oferta at\u00e9 o dia 15 de cada m\u00eas. As doa\u00e7\u00f5es podem ser entregues aos di\u00e1conos de plant\u00e3o ou deixadas no local indicado. Se voc\u00ea quiser participar da b\u00ean\u00e7\u00e3o de contribuir, fale com um dos nossos di\u00e1conos.<\/p>\n\n\n\n<p><strong>Catecismo Maior de Westminster<\/strong><\/p>\n\n\n\n<ol start=\"184\">\n<li>Como devemos orar em nome de Cristo? Devemos orar em nome de Cristo porque somente por meio dEle nossas ora\u00e7\u00f5es s\u00e3o eficazes, sendo Ele o \u00fanico Mediador que nos reconcilia com Deus. Jo\u00e3o 14:6; 16:23-24; Ef\u00e9sios 2:18; Hebreus 4:14-16.<\/li>\n<\/ol>\n\n\n\n<p><strong>Pergunte ao Pastor<\/strong><\/p>\n\n\n\n<p>Envie sua pergunta para <a href=\"mailto:pergunte@3ipt.org.br\">pergunte@3ipt.org.br<\/a>. Todas as perguntas s\u00e3o respondidas; tenha paci\u00eancia. As respostas s\u00e3o publicadas anonimamente em nosso site, exceto se o autor solicitar divulga\u00e7\u00e3o do nome.<\/p>\n\n\n\n<p><strong>Novos Membros<\/strong><\/p>\n\n\n\n<p>Se voc\u00ea desejar fazer da nossa igreja a sua igreja, com todos os privil\u00e9gios que os membros possuem, voc\u00ea ser\u00e1 muito bem-vindo. Torne-se membro de nossa igreja. Para saber mais, fale com um dos presb\u00edteros ou com o pastor.<\/p>\n\n\n\n<p><strong>Lei Geral de Prote\u00e7\u00e3o de Dados<\/strong><\/p>\n\n\n\n<p>Informamos aos nossos irm\u00e3os, amigos e visitantes que as imagens do culto podem ser disponibilizadas na rede mundial de computadores em v\u00eddeo e fotografias. Se voc\u00ea tem alguma obje\u00e7\u00e3o \u00e0 publica\u00e7\u00e3o de sua imagem, por gentileza, informe a um dos nossos di\u00e1conos.<\/p>\n\n\n\n<p><strong>Projetos<\/strong><\/p>\n\n\n\n<p>Voc\u00ea ainda pode participar dos projetos com suas doa\u00e7\u00f5es. Para saber como, procure o Presb\u00edtero Jan Uilles ou o Presb\u00edtero Roberto Vieira. Sua participa\u00e7\u00e3o e contribui\u00e7\u00e3o s\u00e3o muito importantes. Lembre-se do que ensina a Palavra de Deus: cada um contribua segundo tiver proposto no cora\u00e7\u00e3o, n\u00e3o por tristeza ou necessidade, porque Deus ama ao que d\u00e1 com alegria (2 Cor\u00edntios 9:7).<\/p>\n\n\n\n<p><strong>Sociedades<\/strong><\/p>\n\n\n\n<p><a href=\"http:\/\/bit.ly\/naupa-2026\" target=\"_blank\" rel=\"noreferrer noopener\">bit.ly\/naupa-2026<\/a> Este \u00e9 o endere\u00e7o para inscri\u00e7\u00f5es e informa\u00e7\u00f5es do NAUPA (Encontro Nacional de Adolescentes). Ser\u00e1 entre os dias 29 de janeiro e 1\u00ba de fevereiro de 2026 na Est\u00e2ncia \u00c1rvore da Vida, em Sumar\u00e9, SP. N\u00e3o perca esta oportunidade. J\u00e1 est\u00e1 sendo organizada uma caravana de \u00f4nibus saindo de Bras\u00edlia.<\/p>\n\n\n\n<p><strong>XXIV Simp\u00f3sio<\/strong><\/p>\n\n\n\n<p>O assunto deste ano ser\u00e1 Grandes Temas da B\u00edblia. Este ano, al\u00e9m dos amigos e familiares dos membros da igreja, tamb\u00e9m \u00e9 voltado para voc\u00ea. Veja no nosso folder, fa\u00e7a sua inscri\u00e7\u00e3o e convide seus amigos e familiares. Os folhetos para distribui\u00e7\u00e3o e convites j\u00e1 est\u00e3o \u00e0 disposi\u00e7\u00e3o. Use quantos julgar necess\u00e1rio. Tamb\u00e9m temos, no nosso grupo, os convites virtuais.<\/p>\n\n\n\n<p><strong>Kids Tamb\u00e9m<\/strong><\/p>\n\n\n\n<p>O simp\u00f3sio tamb\u00e9m ter\u00e1 um espa\u00e7o muito especial dedicado para as nossas crian\u00e7as. Voc\u00ea pode participar do simp\u00f3sio sabendo que seus filhos estar\u00e3o bem cuidados e ensinados na Palavra de Deus.<\/p>\n\n\n\n<p><strong>Liturgia do Culto Noturno<br><em>Liturgo: Presb\u00edtero Jorge Marques<\/em><\/strong><\/p>\n\n\n\n<ul>\n<li>Leitura b\u00edblica \u2013 Salmo 111:1-3<\/li>\n\n\n\n<li>Ora\u00e7\u00e3o de invoca\u00e7\u00e3o<\/li>\n\n\n\n<li>Leitura b\u00edblica \u2013 Salmo 115<\/li>\n\n\n\n<li>Louvor \u2013 Hino 39<\/li>\n\n\n\n<li>Leitura b\u00edblica \u2013 Miqueias 7:18 e 19<\/li>\n\n\n\n<li>Ora\u00e7\u00e3o de contri\u00e7\u00e3o (confiss\u00e3o de pecados)<\/li>\n\n\n\n<li>Louvor \u2013 Hino 128<\/li>\n\n\n\n<li>Ora\u00e7\u00e3o intercess\u00f3ria \u2013 pastorais<\/li>\n\n\n\n<li>Oportunidade para o Grupo de Louvor e recolhimento de d\u00edzimos e ofertas<\/li>\n\n\n\n<li>Ora\u00e7\u00e3o de gratid\u00e3o pelos d\u00edzimos, ofertas e crian\u00e7as<\/li>\n\n\n\n<li>Prega\u00e7\u00e3o: Reverendo Marthon Mendes<\/li>\n\n\n\n<li>Louvor \u2013 Hino 179<\/li>\n\n\n\n<li>Ora\u00e7\u00e3o final e b\u00ean\u00e7\u00e3o apost\u00f3lica<\/li>\n\n\n\n<li>Posl\u00fadio e avisos<\/li>\n<\/ul>\n\n\n\n<p><strong>Visitantes<\/strong><\/p>\n\n\n\n<p>Sua presen\u00e7a em nossa igreja \u00e9 motivo de grande alegria, e desejamos que, assim como fomos aben\u00e7oados com sua visita, sua presen\u00e7a em nosso meio tenha sido uma alegre colheita de b\u00ean\u00e7\u00e3os espirituais. Desejamos que voc\u00ea desfrute da comunh\u00e3o com Deus e da nossa comunh\u00e3o. Que o Senhor o aben\u00e7oe ricamente. Queremos retribuir sua visita.<\/p>\n\n\n\n<p><strong>Aniversariantes (19\/10 a 25\/10)<\/strong><\/p>\n\n\n\n<p>Dia 23\/10 Laura Pereira da Silva<\/p>\n\n\n\n<p>Faltou o seu nome? Se voc\u00ea \u00e9 membro da igreja e deseja que nos alegremos com voc\u00ea, por gentileza, atualize seu cadastro.<\/p>\n\n\n\n<p><strong>Pa\u00eds de Ora\u00e7\u00e3o da Semana: Rep\u00fablica Democr\u00e1tica do Congo<\/strong><\/p>\n\n\n\n<p>A Rep\u00fablica Democr\u00e1tica do Congo, com cerca de 108 milh\u00f5es de habitantes, \u00e9 um dos pa\u00edses mais populosos da \u00c1frica e enfrenta desafios profundos de instabilidade pol\u00edtica, conflitos armados e pobreza extrema. Segundo o Portas Abertas, ocupa a 37\u00aa posi\u00e7\u00e3o na Lista Mundial da Persegui\u00e7\u00e3o 2025, com crist\u00e3os sofrendo opress\u00e3o de grupos extremistas isl\u00e2micos e mil\u00edcias locais, apesar de 95% da popula\u00e7\u00e3o se identificar como crist\u00e3. No contexto reformado, igrejas presbiterianas e outras denomina\u00e7\u00f5es protestantes buscam fortalecer a f\u00e9 em meio \u00e0 viol\u00eancia, com l\u00edderes frequentemente alvos de ataques. Ore pelos crist\u00e3os congoleses para que permane\u00e7am firmes na doutrina b\u00edblica, resistindo \u00e0 sincretismo e compartilhando o Evangelho em zonas de conflito como o leste do pa\u00eds. Pe\u00e7a prote\u00e7\u00e3o divina contra rebeli\u00f5es e deslocamentos, que afetam milh\u00f5es, e sabedoria para pastores em promover reconcilia\u00e7\u00e3o. Interceda pela economia devastada, com 63% vivendo abaixo da linha da pobreza, e por sa\u00fade p\u00fablica, marcada por epidemias como ebola. Que Deus levante uma igreja santa e mission\u00e1ria, glorificando Cristo em meio \u00e0 adversidade.<br><em>Fontes: Portas Abertas, Operation World<\/em><\/p>\n\n\n\n<figure class=\"wp-block-image size-full\"><img loading=\"lazy\" decoding=\"async\" width=\"115\" height=\"90\" src=\"https:\/\/3ipt.org.br\/site\/wp-content\/uploads\/2018\/10\/republica_democratica_do_congo.jpg\" alt=\"Rep\u00fablica Democr\u00e1tica do Congo\" class=\"wp-image-431\"\/><\/figure>\n","protected":false},"excerpt":{"rendered":"<p>Vers\u00e3o para impress\u00e3o: S\u00e9rie Pai Nosso A Soberana Vontade de Deus \u201cPai nosso, que est\u00e1s nos c\u00e9us (\u2026), seja feita a tua vontade, assim na terra como no c\u00e9u\u201dMateus 6:10b Qual \u00e9 a vontade de Deus para n\u00f3s? Em primeiro lugar, que creiamos em seu bendito Filho. \u201cEsta \u00e9 a \u00fanica obra que Deus quer&#8230;<\/p>\n","protected":false},"author":1,"featured_media":0,"comment_status":"open","ping_status":"open","sticky":false,"template":"","format":"standard","meta":{"footnotes":""},"categories":[4],"tags":[],"_links":{"self":[{"href":"https:\/\/3ipt.org.br\/site\/wp-json\/wp\/v2\/posts\/4755"}],"collection":[{"href":"https:\/\/3ipt.org.br\/site\/wp-json\/wp\/v2\/posts"}],"about":[{"href":"https:\/\/3ipt.org.br\/site\/wp-json\/wp\/v2\/types\/post"}],"author":[{"embeddable":true,"href":"https:\/\/3ipt.org.br\/site\/wp-json\/wp\/v2\/users\/1"}],"replies":[{"embeddable":true,"href":"https:\/\/3ipt.org.br\/site\/wp-json\/wp\/v2\/comments?post=4755"}],"version-history":[{"count":1,"href":"https:\/\/3ipt.org.br\/site\/wp-json\/wp\/v2\/posts\/4755\/revisions"}],"predecessor-version":[{"id":4757,"href":"https:\/\/3ipt.org.br\/site\/wp-json\/wp\/v2\/posts\/4755\/revisions\/4757"}],"wp:attachment":[{"href":"https:\/\/3ipt.org.br\/site\/wp-json\/wp\/v2\/media?parent=4755"}],"wp:term":[{"taxonomy":"category","embeddable":true,"href":"https:\/\/3ipt.org.br\/site\/wp-json\/wp\/v2\/categories?post=4755"},{"taxonomy":"post_tag","embeddable":true,"href":"https:\/\/3ipt.org.br\/site\/wp-json\/wp\/v2\/tags?post=4755"}],"curies":[{"name":"wp","href":"https:\/\/api.w.org\/{rel}","templated":true}]}}