{"id":4762,"date":"2025-11-02T08:00:00","date_gmt":"2025-11-02T11:00:00","guid":{"rendered":"https:\/\/3ipt.org.br\/site\/?p=4762"},"modified":"2025-11-01T11:32:19","modified_gmt":"2025-11-01T14:32:19","slug":"boletim-informativo-no-44-2025","status":"publish","type":"post","link":"https:\/\/3ipt.org.br\/site\/boletim\/boletim-informativo-no-44-2025\/","title":{"rendered":"Boletim Informativo n\u00ba 44\/2025"},"content":{"rendered":"\nVers\u00e3o para impress\u00e3o: <a href=\"https:\/\/3ipt.org.br\/site\/wp-content\/uploads\/2025\/11\/Boletim-44-2025-print.pdf\"><img loading=\"lazy\" decoding=\"async\" class=\"alignleft wp-image-60\" src=\"http:\/\/3ipt.org.br\/site\/wp-content\/uploads\/2018\/09\/baseline_picture_as_pdf_black_18dp.png\" alt=\"pdf logo\" width=\"24\" height=\"24\"><\/a>\n\n\n\n<p><strong><em>S\u00e9rie Pai Nosso<\/em><\/strong><\/p>\n\n\n\n<h2 class=\"wp-block-heading\">Teu \u00e9 o Reino, o Poder, e a Gl\u00f3ria<\/h2>\n\n\n\n<p><em>\u201cPai nosso, que est\u00e1s nos c\u00e9us\u2026, teu \u00e9 o reino, o poder e a gl\u00f3ria para sempre. Am\u00e9m\u201d<br>Mateus 6:9 e 13<\/em><\/p>\n\n\n\n<p>A ora\u00e7\u00e3o termina com uma vibrante express\u00e3o de louvor, onde declaramos reconhecer que os reinos deste mundo pertencem a Deus. A Ele pertence todo o poder e a Ele devemos prestar toda gl\u00f3ria, honra e poder, pois Ele \u00e9 o Criador de todas as coisas. Concluo citando J. C. Ryle, dizendo que devemos examinar a n\u00f3s mesmos, para saber se realmente desejamos ter as coisas que somos ensinados a pedir nesta ora\u00e7\u00e3o. \u00c9 de temer que milhares de pessoas repitam formalmente estas palavras, dia ap\u00f3s dia, sem jamais considerarem o que est\u00e3o dizendo. Eles n\u00e3o t\u00eam a menor preocupa\u00e7\u00e3o com a gl\u00f3ria, o reino ou a vontade do Senhor. N\u00e3o t\u00eam nenhum senso de depend\u00eancia, de pecaminosidade, de fraqueza pessoal ou de perigo. N\u00e3o t\u00eam amor nem compaix\u00e3o para com os seus inimigos. E, ainda assim, repetem a ora\u00e7\u00e3o do Pai Nosso! (J. C. Ryle, Medita\u00e7\u00f5es no Evangelho de Mateus, p\u00e1gina 41). Nesta conclus\u00e3o, cito tamb\u00e9m Warren W. Wiersbe, que diz: \u201cO prop\u00f3sito da ora\u00e7\u00e3o \u00e9 glorificar o nome de Deus e pedir ajuda para realizar sua vontade na Terra. Essa ora\u00e7\u00e3o n\u00e3o come\u00e7a com nossos interesses pessoais, mas sim com os interesses de Deus: o nome de Deus, seu reino e sua vontade. Nas palavras de Robert Law: \u2018A ora\u00e7\u00e3o \u00e9 um instrumento poderoso n\u00e3o para realizar a vontade do homem no c\u00e9u, mas para realizar a vontade de Deus na Terra!\u2019\u201d (Warren W. Wiersbe, Coment\u00e1rio B\u00edblico Expositivo, Novo Testamento 1, p\u00e1gina 30). \u201cSenhor, ensina-nos a orar. Senhor: Aumenta-nos a f\u00e9\u201d (Lucas 11:1 e 17:5).<\/p>\n\n\n\n<p><em>Com amor \u2013 seu conservo no Senhor,<br>Reverendo Jos\u00e9 Loures Rosa<\/em><\/p>\n\n\n\n<p><strong>Nossa Agenda<br><em>Ter\u00e7a-Feira \u2013 Ora\u00e7\u00e3o<\/em><\/strong><\/p>\n\n\n\n<p>Por que n\u00e3o? A igreja est\u00e1 aberta e os crentes convocados para meia hora de ora\u00e7\u00e3o das 19h30 \u00e0s 20h00 nas ter\u00e7as-feiras em uma reuni\u00e3o privada, que n\u00e3o \u00e9 transmitida nem gravada. Mantenha-se em ora\u00e7\u00e3o pelas tratativas referentes ao col\u00e9gio Simonton, agora para defini\u00e7\u00e3o dos termos jur\u00eddicos da parceria. Venha orar tamb\u00e9m intercedendo ao Senhor por miseric\u00f3rdia pela nossa na\u00e7\u00e3o, freando a iniquidade e punindo tantas injusti\u00e7as que vemos praticadas todos os dias. Tamb\u00e9m pedimos a Deus que d\u00ea sabedoria e vigor para as lideran\u00e7as da igreja tanto em suas a\u00e7\u00f5es internas quanto na sociedade. Intercedemos pelos irm\u00e3os, amigos e familiares que est\u00e3o enfrentando problemas ou est\u00e3o fracos na f\u00e9. Tamb\u00e9m \u00e9 muito importante orar pela lideran\u00e7a da igreja, pastor, presb\u00edteros, di\u00e1conos, sociedades e departamentos.<br>Oramos pelos enfermos para que Deus os cure e pelos seus familiares para que Deus lhes sustente durante o per\u00edodo de tratamento. De forma especial oremos pela sa\u00fade da Sueli, \u00c1urea, Dona Ant\u00f4nia Mendes (m\u00e3e do pastor), Amanda (prima da Ver\u00f4nica) e os irm\u00e3os Miguel, Alaor e presb\u00edtero Nivaldo. Suplicamos a Deus por dire\u00e7\u00e3o para nossos projetos pessoais e da igreja.<br>Se voc\u00ea tem algum pedido de ora\u00e7\u00e3o pode mandar via WhatsApp para o n\u00famero (61) 99107-8708 ou pode preencher o cart\u00e3o que se encontra na mesinha na entrada da igreja. Mesmo que voc\u00ea n\u00e3o possa comparecer oraremos por voc\u00ea e pelo seu pedido.<br>S\u00f3 meia hora. E \u00e9 pouco! Tem sido t\u00e3o aben\u00e7oador que meia hora est\u00e1 come\u00e7ando a ser insuficiente.<\/p>\n\n\n\n<p><strong><em>Ter\u00e7a-Feira \u2013 Estudo B\u00edblico<\/em><\/strong><\/p>\n\n\n\n<p>Caso n\u00e3o consiga comparecer ao per\u00edodo de ora\u00e7\u00e3o voc\u00ea pode chegar \u00e0s 20h00 para o estudo b\u00edblico.<br>A partir das 20h00 estudo b\u00edblico apostilado com o tema Estudos no Breve Catecismo de Westminster, Pergunta 38, A Doutrina da Santifica\u00e7\u00e3o: Quais s\u00e3o as b\u00ean\u00e7\u00e3os que os fi\u00e9is recebem de Cristo na ressurrei\u00e7\u00e3o? Resposta: Na ressurrei\u00e7\u00e3o, os fi\u00e9is, sendo ressuscitados em gl\u00f3ria, ser\u00e3o publicamente reconhecidos e absolvidos no dia do ju\u00edzo, e tornados perfeitamente felizes no pleno gozo de Deus por toda a eternidade, com transmiss\u00e3o ao vivo em nosso canal no YouTube. Assista, fa\u00e7a sua inscri\u00e7\u00e3o no canal e divulgue para conseguir pelo menos mais uma inscri\u00e7\u00e3o.<br>Se voc\u00ea quiser receber a apostila digital pode solicitar sua inclus\u00e3o no grupo de estudos, exclusivamente para informa\u00e7\u00f5es e envio das apostilas, que \u00e9 diferente do grupo de relacionamentos da igreja.<\/p>\n\n\n\n<p><strong><em>Quinta-Feira<\/em><\/strong><\/p>\n\n\n\n<p>A partir das 20h00, sempre que h\u00e1 disponibilidade de resid\u00eancia, a igreja se re\u00fane nas casas dos irm\u00e3os, seguindo o exemplo da igreja primitiva (Atos 2:46; 10:22; 16:15; 16:34) para Edifica\u00e7\u00e3o, Comunh\u00e3o e Ora\u00e7\u00e3o. Aguardamos a disponibilidade dos irm\u00e3os para nos receber em sua casa.<br>Aten\u00e7\u00e3o: A partir de novembro, todas as primeiras quintas-feiras de cada m\u00eas ser\u00e1 na casa dos irm\u00e3os D\u00eanis e Schirley.<\/p>\n\n\n\n<p><strong><em>Domingo<\/em><\/strong><\/p>\n\n\n\n<p>\u00c0s 9h00 Escola B\u00edblica. Aula para jovens e adultos com classe unificada. Esta semana as classes de jovens e adultos retornam ao tema A Adora\u00e7\u00e3o no Culto P\u00fablico: Cuidados para Ter Uma Espiritualidade S\u00e3, Parte I. Como sempre as demais classes ter\u00e3o aula em seus curr\u00edculos e linguagem apropriados.<br>Pais: N\u00e3o deixem de vir para a EBD e trazer seus filhos para participarem das atividades do Departamento Infantil. As aulas s\u00e3o preparadas com muito carinho e cuidado para edifica\u00e7\u00e3o de seus filhos.<br>\u00c0s 18h30 Culto Solene ao Senhor, com adora\u00e7\u00e3o, dedica\u00e7\u00e3o pessoal e edifica\u00e7\u00e3o \u00e0 luz das Escrituras tendo como porta-voz da mensagem o Reverendo Marthon Mendes baseado em 1 Tessalonicenses 4:1-8: Como Ser Mais do que Mero Ouvinte da Palavra. A liturgia ser\u00e1 dirigida pelo presb\u00edtero Henrique.<br>Prepare-se para o culto com anteced\u00eancia. Ore ao Senhor pedindo para Ele falar ao seu cora\u00e7\u00e3o atrav\u00e9s da leitura da Palavra, c\u00e2nticos, nas ora\u00e7\u00f5es e pela prega\u00e7\u00e3o. Arranje a sua agenda, chegue 10 minutos antes, cumprimente seus irm\u00e3os e acomode-se com uma ora\u00e7\u00e3o de dedica\u00e7\u00e3o antes de come\u00e7ar o culto.<\/p>\n\n\n\n<p><strong>D\u00edzimos e Ofertas<\/strong><\/p>\n\n\n\n<p>Em Deuteron\u00f4mio 14:22-25 a B\u00edblia ensina que o d\u00edzimo \u00e9 uma demonstra\u00e7\u00e3o de gratid\u00e3o pelas b\u00ean\u00e7\u00e3os que Deus deu e uma prova de fidelidade por devolver o que \u00e9 devido ao Senhor. Para entregar seus d\u00edzimos e ofertas via PIX especifique o que \u00e9 d\u00edzimo e o que oferta utilizando o CNPJ da igreja 00.574.079\/0001-64. Para ofertas especiais, como doa\u00e7\u00f5es para novos projetos da igreja fa\u00e7a seu dep\u00f3sito no Banco Santander, Ag. 3328, Conta Corrente 13000174-8.<\/p>\n\n\n\n<p><strong>Doa\u00e7\u00f5es<\/strong><\/p>\n\n\n\n<p>Voc\u00ea pode doar a qualquer tempo, mas a Junta Diaconal orienta os irm\u00e3os que fazem doa\u00e7\u00f5es para as cestas b\u00e1sicas a trazerem sua oferta at\u00e9 o dia 15 de cada m\u00eas. As doa\u00e7\u00f5es podem ser entregues aos di\u00e1conos de plant\u00e3o ou deixados no local indicado. Se voc\u00ea quiser participar da b\u00ean\u00e7\u00e3o de contribuir, fale com um dos nossos di\u00e1conos.<\/p>\n\n\n\n<p><strong>Catecismo Maior de Westminster<\/strong><\/p>\n\n\n\n<ol start=\"186\">\n<li>Que regra Deus deu para nossa dire\u00e7\u00e3o no dever da ora\u00e7\u00e3o? Toda a Palavra de Deus \u00e9 de uso para nos dirigir no dever da ora\u00e7\u00e3o; mas a especial regra de dire\u00e7\u00e3o \u00e9 aquela forma de ora\u00e7\u00e3o que Cristo nosso Salvador ensinou aos seus disc\u00edpulos, comumente chamada a Ora\u00e7\u00e3o do Senhor. Mateus 6:9-13; 2 Tim\u00f3teo 3:16-17.<\/li>\n<\/ol>\n\n\n\n<p><strong>Projetos<\/strong><\/p>\n\n\n\n<p>Voc\u00ea ainda pode participar dos projetos com suas doa\u00e7\u00f5es. Para saber como procure o presb\u00edtero Jan Uilles ou o presb\u00edtero Roberto Vieira. Sua participa\u00e7\u00e3o e contribui\u00e7\u00e3o \u00e9 muito importante. Lembre-se do que ensina a Palavra de Deus: cada um contribua segundo tiver proposto no cora\u00e7\u00e3o, n\u00e3o por tristeza ou necessidade porque Deus ama ao que d\u00e1 com alegria!<\/p>\n\n\n\n<p><strong>Sociedades \u2013 UPA<\/strong><\/p>\n\n\n\n<p>bit.ly\/naupa-2026 Este \u00e9 o endere\u00e7o para inscri\u00e7\u00f5es e informa\u00e7\u00f5es do NAUPA (Encontro Nacional de Adolescentes). Ser\u00e1 entre os dias 29 de janeiro e 1\u00ba de fevereiro de 2026 na Est\u00e2ncia \u00c1rvore da Vida, em Sumar\u00e9, SP. N\u00e3o perca esta oportunidade. J\u00e1 est\u00e1 sendo organizada caravana de \u00f4nibus saindo de Bras\u00edlia.<\/p>\n\n\n\n<p><strong>Virad\u00e3o UPA<\/strong><\/p>\n\n\n\n<p>Ser\u00e1 nos dias 14\/11 (acolhida 19h00) e 15\/11 (despedida 08h00). Inscri\u00e7\u00e3o at\u00e9 o dia 09\/11. Investimento de apenas R$ 20,00. Somente para teens a partir de 12 anos. Informa\u00e7\u00f5es pelo telefone (61) 98322 5151. Inscreva-se pelo QR code ao lado.<\/p>\n\n\n\n<p><strong>Novos Membros<\/strong><\/p>\n\n\n\n<p>Se voc\u00ea desejar fazer da nossa igreja a sua igreja, com todos os privil\u00e9gios que os membros possuem, voc\u00ea ser\u00e1 muito bem-vindo. Torne-se membro de nossa igreja. Para saber mais fale com um dos presb\u00edteros ou com o pastor. Em breve iniciaremos nossa classe de Discipulado e Catecumenato para candidatos a novos membros. Professor presb\u00edtero Jorge Marques.<\/p>\n\n\n\n<p><strong>Escala da Junta Diaconal<\/strong><\/p>\n\n\n\n<ul>\n<li>02\/11 Domingo: Samuel e Edmar<\/li>\n\n\n\n<li>04\/11 Ter\u00e7a: Manoel e D\u00eanis<\/li>\n\n\n\n<li>06\/11 Quinta: Manoel e D\u00eanis<\/li>\n<\/ul>\n\n\n\n<p><strong>Liturgia do Culto Noturno<br><em>Liturgo: Presb\u00edtero Leone Braga<\/em><\/strong><\/p>\n\n\n\n<ul>\n<li>Leitura b\u00edblica \u2013 Salmo 115:1-3<\/li>\n\n\n\n<li>Ora\u00e7\u00e3o de invoca\u00e7\u00e3o<\/li>\n\n\n\n<li>Louvor \u2013 Hino n. 274<\/li>\n\n\n\n<li>Leitura b\u00edblica \u2013 Salmo 115:4-8<\/li>\n\n\n\n<li>Ora\u00e7\u00e3o de contri\u00e7\u00e3o (confiss\u00e3o de pecados)<\/li>\n\n\n\n<li>Louvor \u2013 Hino n. 266<\/li>\n\n\n\n<li>Leitura b\u00edblica \u2013 Salmo 96:11-13<\/li>\n\n\n\n<li>Ora\u00e7\u00e3o intercess\u00f3ria \u2013 pastorais<\/li>\n\n\n\n<li>Oportunidade para o Grupo de Louvor e recolhimento de d\u00edzimos e ofertas<\/li>\n\n\n\n<li>Ora\u00e7\u00e3o de gratid\u00e3o pelos d\u00edzimos, ofertas e crian\u00e7as<\/li>\n\n\n\n<li>Prega\u00e7\u00e3o: Reverendo Marthon Mendes<\/li>\n\n\n\n<li>Ora\u00e7\u00e3o final e b\u00ean\u00e7\u00e3o apost\u00f3lica<\/li>\n\n\n\n<li>Posl\u00fadio e avisos<\/li>\n<\/ul>\n\n\n\n<p><strong>Visitantes<\/strong><\/p>\n\n\n\n<p>Sua presen\u00e7a em nossa igreja \u00e9 motivo de grande alegria, e desejamos que assim como fomos aben\u00e7oados com sua visita, sua presen\u00e7a em nosso meio tenha sido uma alegre colheita de b\u00ean\u00e7\u00e3os espirituais. Desejamos que voc\u00ea desfrute da comunh\u00e3o com Deus e da nossa comunh\u00e3o. Que o Senhor te aben\u00e7oe ricamente. Queremos retribuir sua visita.<\/p>\n\n\n\n<p><strong>Aniversariantes (02\/11 a 08\/11)<\/strong><\/p>\n\n\n\n<p>N\u00e3o encontramos, em nossos registros, aniversariantes para esta semana. Faltou o seu nome? Se voc\u00ea \u00e9 membro da igreja e deseja que nos alegremos com voc\u00ea, por gentileza, atualize seu cadastro.<\/p>\n\n\n\n<p><strong>Pa\u00eds de Ora\u00e7\u00e3o da Semana: Rep\u00fablica Dominicana<\/strong><\/p>\n\n\n\n<p>A Rep\u00fablica Dominicana, com 11,2 milh\u00f5es de habitantes na por\u00e7\u00e3o leste da ilha de Hispaniola, \u00e9 um pa\u00eds caribenho de belezas tropicais, mas com desigualdades sociais, pobreza em 25% da popula\u00e7\u00e3o e riscos de furac\u00f5es. Cerca de 95% se declaram crist\u00e3os (88% cat\u00f3licos, 30% evang\u00e9licos, per Conselho Dominicano de Unidade Evang\u00e9lica), mas o nominalismo domina, misturado a sincretismo com santer\u00eda e espiritismo em \u00e1reas rurais. A Igreja Crist\u00e3 Reformada, fundada em 1981 e ligada \u00e0 Comunh\u00e3o Mundial de Igrejas Reformadas, enfrenta teologia da prosperidade e influ\u00eancia cat\u00f3lica. Ore pela resist\u00eancia ao sincretismo, fidelidade ao Catecismo de Westminster e espiritualidade b\u00edblica aut\u00eantica. Interceda por pastores com forma\u00e7\u00e3o teol\u00f3gica limitada, prote\u00e7\u00e3o contra corrup\u00e7\u00e3o em miss\u00f5es e justi\u00e7a social, cuidando de \u00f3rf\u00e3os, vi\u00favas e v\u00edtimas de desastres (Tiago 1:27). Que o evangelho reformado transforme comunidades e glorifique Cristo.<br><em>Fontes: Portas Abertas, Operation World<\/em><\/p>\n\n\n\n<figure class=\"wp-block-image size-full\"><img loading=\"lazy\" decoding=\"async\" width=\"127\" height=\"90\" src=\"https:\/\/3ipt.org.br\/site\/wp-content\/uploads\/2018\/10\/republica_dominicana.jpg\" alt=\"Rep\u00fablica Dominicana\" class=\"wp-image-432\"\/><\/figure>\n","protected":false},"excerpt":{"rendered":"<p>Vers\u00e3o para impress\u00e3o: S\u00e9rie Pai Nosso Teu \u00e9 o Reino, o Poder, e a Gl\u00f3ria \u201cPai nosso, que est\u00e1s nos c\u00e9us\u2026, teu \u00e9 o reino, o poder e a gl\u00f3ria para sempre. Am\u00e9m\u201dMateus 6:9 e 13 A ora\u00e7\u00e3o termina com uma vibrante express\u00e3o de louvor, onde declaramos reconhecer que os reinos deste mundo pertencem a&#8230;<\/p>\n","protected":false},"author":1,"featured_media":0,"comment_status":"open","ping_status":"open","sticky":false,"template":"","format":"standard","meta":{"footnotes":""},"categories":[4],"tags":[],"_links":{"self":[{"href":"https:\/\/3ipt.org.br\/site\/wp-json\/wp\/v2\/posts\/4762"}],"collection":[{"href":"https:\/\/3ipt.org.br\/site\/wp-json\/wp\/v2\/posts"}],"about":[{"href":"https:\/\/3ipt.org.br\/site\/wp-json\/wp\/v2\/types\/post"}],"author":[{"embeddable":true,"href":"https:\/\/3ipt.org.br\/site\/wp-json\/wp\/v2\/users\/1"}],"replies":[{"embeddable":true,"href":"https:\/\/3ipt.org.br\/site\/wp-json\/wp\/v2\/comments?post=4762"}],"version-history":[{"count":1,"href":"https:\/\/3ipt.org.br\/site\/wp-json\/wp\/v2\/posts\/4762\/revisions"}],"predecessor-version":[{"id":4764,"href":"https:\/\/3ipt.org.br\/site\/wp-json\/wp\/v2\/posts\/4762\/revisions\/4764"}],"wp:attachment":[{"href":"https:\/\/3ipt.org.br\/site\/wp-json\/wp\/v2\/media?parent=4762"}],"wp:term":[{"taxonomy":"category","embeddable":true,"href":"https:\/\/3ipt.org.br\/site\/wp-json\/wp\/v2\/categories?post=4762"},{"taxonomy":"post_tag","embeddable":true,"href":"https:\/\/3ipt.org.br\/site\/wp-json\/wp\/v2\/tags?post=4762"}],"curies":[{"name":"wp","href":"https:\/\/api.w.org\/{rel}","templated":true}]}}