{"id":4766,"date":"2025-11-09T08:00:00","date_gmt":"2025-11-09T11:00:00","guid":{"rendered":"https:\/\/3ipt.org.br\/site\/?p=4766"},"modified":"2025-11-08T18:27:29","modified_gmt":"2025-11-08T21:27:29","slug":"boletim-informativo-no-45-2025","status":"publish","type":"post","link":"https:\/\/3ipt.org.br\/site\/boletim\/boletim-informativo-no-45-2025\/","title":{"rendered":"Boletim Informativo n\u00ba 45\/2025"},"content":{"rendered":"\nVers\u00e3o para impress\u00e3o: <a href=\"https:\/\/3ipt.org.br\/site\/wp-content\/uploads\/2025\/11\/Boletim-45-2025-print.pdf\"><img loading=\"lazy\" decoding=\"async\" class=\"alignleft wp-image-60\" src=\"http:\/\/3ipt.org.br\/site\/wp-content\/uploads\/2018\/09\/baseline_picture_as_pdf_black_18dp.png\" alt=\"pdf logo\" width=\"24\" height=\"24\"><\/a>\n\n\n\n<h2 class=\"wp-block-heading\">Ora\u00e7\u00e3o de Gratid\u00e3o<\/h2>\n\n\n\n<blockquote class=\"wp-block-quote is-layout-flow wp-block-quote-is-layout-flow\">\n<p>\u201cEu te darei gra\u00e7as, SENHOR, de todo o meu cora\u00e7\u00e3o.\u201d<br>Salmo 138:1a<\/p>\n<\/blockquote>\n\n\n\n<p>A gratid\u00e3o \u00e9 um dos principais componentes da vida crist\u00e3, pois por meio dela reconhecemos as b\u00ean\u00e7\u00e3os de Deus, principalmente a sua gra\u00e7a maravilhosa que significa favor n\u00e3o merecido. Na B\u00edblia, aprendemos que devemos dar gra\u00e7as em tudo e por tudo. \u201cEm tudo, dai gra\u00e7as, porque esta \u00e9 a vontade de Deus em Cristo Jesus para convosco\u201d (1 Tessalonicenses 5:18). \u201cDando sempre gra\u00e7as por tudo a Deus, nosso Pai\u201d (Ef\u00e9sios 5:20). Essa gratid\u00e3o por tudo, al\u00e9m de fortalecer a nossa f\u00e9, aperfei\u00e7oa a nossa vida de comunh\u00e3o com o Alt\u00edssimo. Tudo que recebemos vem das bondosas m\u00e3os de Deus. Se respiramos, \u00e9 porque Ele soprou em nossas narinas o f\u00f4lego de vida (G\u00eanesis 2:7) e nunca deixou faltar oxig\u00eanio em torno de nosso habitat. As coisas que s\u00e3o administradas pelo homem sofrem interrup\u00e7\u00f5es no fornecimento, mas tudo que \u00e9 administrado diretamente pelo Deus onisciente, onipresente e onipotente nunca cessa. Portanto, devemos agradecer pelo que Deus fez, faz e far\u00e1. A gratid\u00e3o figura entre as virtudes que devemos cultivar, conforme lemos em Colossenses 3:15: \u201cSeja a paz de Cristo o \u00e1rbitro em vosso cora\u00e7\u00e3o, \u00e0 qual tamb\u00e9m fostes chamados em um s\u00f3 corpo; e sede agradecidos\u201d (destaque meu). Se Deus te galardoou com um cora\u00e7\u00e3o grato, agrade\u00e7a a Ele por essa b\u00ean\u00e7\u00e3o. Essa virtude transformadora, exemplificada na Palavra, nos convida a refletir sobre figuras como Davi, que, mesmo perseguido por Saul, declarava em Salmos 34:1: \u201cBendirei o SENHOR em todo o tempo; o seu louvor estar\u00e1 sempre nos meus l\u00e1bios\u201d. Sua gratid\u00e3o era \u00e2ncora contra o desespero. Assim como Paulo, preso e sofrendo, exortava em Filipenses 4:4: \u201cAlegrai-vos sempre no Senhor; outra vez digo: alegrai-vos\u201d, convertendo afli\u00e7\u00f5es em testemunho. A gratid\u00e3o nos liberta do ego\u00edsmo, promovendo generosidade e amor ao pr\u00f3ximo. Pr\u00e1ticas simples, como di\u00e1rios de gratid\u00e3o ou compartilhamento de testemunhos em ora\u00e7\u00f5es coletivas, enriquecem nossa espiritualidade e unem a comunidade em resili\u00eancia. Ela nos prepara para o futuro, recordando a provis\u00e3o do man\u00e1 no deserto (\u00caxodo 16) e a promessa de Filipenses 4:19: \u201cO meu Deus, segundo as suas riquezas, suprir\u00e1 todas as vossas necessidades em gl\u00f3ria, por Cristo Jesus\u201d. Encerro citando um pensamento de Norah J. Figman: \u201cGratid\u00e3o e felicidade s\u00e3o coisas que andam de m\u00e3os dadas\u201d.<\/p>\n\n\n\n<p><em>No eterno amor de Cristo<br>Reverendo Jos\u00e9 Loures Rosa<\/em><\/p>\n\n\n\n<p><strong>Nossa Agenda<br><em>Ter\u00e7a-Feira \u2013 Ora\u00e7\u00e3o<\/em><\/strong><\/p>\n\n\n\n<p>Por que n\u00e3o? A igreja est\u00e1 aberta e os crentes convocados para meia hora de ora\u00e7\u00e3o das 19h30 \u00e0s 20h00 nas ter\u00e7as-feiras em uma reuni\u00e3o privada, que n\u00e3o \u00e9 transmitida nem gravada. Mantenha-se em ora\u00e7\u00e3o pelas tratativas referentes ao col\u00e9gio Simonton, agora para defini\u00e7\u00e3o dos termos jur\u00eddicos da parceria. Venha orar tamb\u00e9m intercedendo ao Senhor por miseric\u00f3rdia pela nossa na\u00e7\u00e3o, freando a iniquidade e punindo tantas injusti\u00e7as que vemos praticadas todos os dias. Tamb\u00e9m pedimos a Deus que d\u00ea sabedoria e vigor para as lideran\u00e7as da igreja tanto em suas a\u00e7\u00f5es internas quanto na sociedade. Intercedemos pelos irm\u00e3os, amigos e familiares que est\u00e3o enfrentando problemas ou est\u00e3o fracos na f\u00e9. Tamb\u00e9m \u00e9 muito importante orar pela lideran\u00e7a da igreja, pastor, presb\u00edteros, di\u00e1conos, sociedades e departamentos.<br>Oramos pelos enfermos para que Deus os cure e pelos seus familiares para que Deus lhes sustente durante o per\u00edodo de tratamento. De forma especial oremos pela sa\u00fade da Sueli, \u00c1urea, Dona Ant\u00f4nia Mendes (m\u00e3e do pastor), Amanda (prima da Ver\u00f4nica) e os irm\u00e3os Miguel, Alaor e presb\u00edtero Nivaldo. Suplicamos a Deus por dire\u00e7\u00e3o para nossos projetos pessoais e da igreja.<br>Se voc\u00ea tem algum pedido de ora\u00e7\u00e3o pode mandar via WhatsApp para o n\u00famero (61) 99107-8708 ou pode preencher o cart\u00e3o que se encontra na mesinha na entrada da igreja. Mesmo que voc\u00ea n\u00e3o possa comparecer oraremos por voc\u00ea e pelo seu pedido.<br>S\u00f3 meia hora. E \u00e9 pouco! Tem sido t\u00e3o aben\u00e7oador que meia hora est\u00e1 come\u00e7ando a ser insuficiente.<\/p>\n\n\n\n<p><strong><em>Ter\u00e7a-Feira \u2013 Estudo B\u00edblico<\/em><\/strong><\/p>\n\n\n\n<p>Caso n\u00e3o consiga comparecer ao per\u00edodo de ora\u00e7\u00e3o voc\u00ea pode chegar \u00e0s 20h00 para o estudo b\u00edblico.<br>A partir das 20h00 estudo b\u00edblico apostilado com o tema Estudos no Breve Catecismo de Westminster, Pergunta 39, Os Deveres Exigidos ao Homem: Qual \u00e9 o dever que Deus exige do homem? Resposta: O dever que Deus exige do homem \u00e9 a obedi\u00eancia \u00e0 sua vontade revelada, com transmiss\u00e3o ao vivo em nosso canal no YouTube. Assista, fa\u00e7a sua inscri\u00e7\u00e3o no canal e divulgue para conseguir pelo menos mais uma inscri\u00e7\u00e3o.<br>Se voc\u00ea quiser receber a apostila digital pode solicitar sua inclus\u00e3o no grupo de estudos, exclusivamente para informa\u00e7\u00f5es e envio das apostilas, que \u00e9 diferente do grupo de relacionamentos da igreja.<\/p>\n\n\n\n<p><strong><em>Quinta-Feira<\/em><\/strong><\/p>\n\n\n\n<p>A partir das 20h00, sempre que h\u00e1 disponibilidade de resid\u00eancia, a igreja se re\u00fane nas casas dos irm\u00e3os, seguindo o exemplo da igreja primitiva (Atos 2:46; 10:22; 16:15; 16:34) para Edifica\u00e7\u00e3o, Comunh\u00e3o e Ora\u00e7\u00e3o. Aguardamos a disponibilidade dos irm\u00e3os para nos receber em sua casa.<br>Aten\u00e7\u00e3o: A partir de novembro, todas as primeiras quintas-feiras de cada m\u00eas ser\u00e1 na casa dos irm\u00e3os D\u00eanis e Schirley.<\/p>\n\n\n\n<p><strong><em>Domingo<\/em><\/strong><\/p>\n\n\n\n<p>\u00c0s 9h00 Escola B\u00edblica. Aula para jovens e adultos com classe unificada. Esta semana as classes de jovens e adultos retornam ao tema A Adora\u00e7\u00e3o no Culto P\u00fablico: Cuidados para Ter Uma Espiritualidade S\u00e3, Parte II. Como sempre as demais classes ter\u00e3o aula em seus curr\u00edculos e linguagem apropriados.<br>Pais: N\u00e3o deixem de vir para a EBD e trazer seus filhos para participarem das atividades do Departamento Infantil. As aulas s\u00e3o preparadas com muito carinho e cuidado para edifica\u00e7\u00e3o de seus filhos.<br>\u00c0s 18h30 Culto Solene ao Senhor, com adora\u00e7\u00e3o, dedica\u00e7\u00e3o pessoal e edifica\u00e7\u00e3o \u00e0 luz das Escrituras tendo como porta-voz da mensagem o Reverendo Marthon Mendes baseado em 1 Tessalonicenses 4:9-12: N\u00e3o H\u00e1 Limites para o Amor Crist\u00e3o. A liturgia ser\u00e1 dirigida pelo presb\u00edtero Henrique Marques.<br>Prepare-se para o culto com anteced\u00eancia. Ore ao Senhor pedindo para Ele falar ao seu cora\u00e7\u00e3o atrav\u00e9s da leitura da Palavra, c\u00e2nticos, nas ora\u00e7\u00f5es e pela prega\u00e7\u00e3o. Arranje a sua agenda, chegue 10 minutos antes, cumprimente seus irm\u00e3os e acomode-se com uma ora\u00e7\u00e3o de dedica\u00e7\u00e3o antes de come\u00e7ar o culto.<\/p>\n\n\n\n<p><strong>D\u00edzimos e Ofertas<\/strong><\/p>\n\n\n\n<p>Em Deuteron\u00f4mio 14:22-25 a B\u00edblia ensina que o d\u00edzimo \u00e9 uma demonstra\u00e7\u00e3o de gratid\u00e3o pelas b\u00ean\u00e7\u00e3os que Deus deu e uma prova de fidelidade por devolver o que \u00e9 devido ao Senhor. Para entregar seus d\u00edzimos e ofertas via PIX especifique o que \u00e9 d\u00edzimo e o que oferta utilizando o CNPJ da igreja 00.574.079\/0001-64. Para ofertas especiais, como doa\u00e7\u00f5es para novos projetos da igreja fa\u00e7a seu dep\u00f3sito no Banco Santander, Ag. 3328, Conta Corrente 13000174-8.<\/p>\n\n\n\n<p><strong>Doa\u00e7\u00f5es<\/strong><\/p>\n\n\n\n<p>Voc\u00ea pode doar a qualquer tempo, mas a Junta Diaconal orienta os irm\u00e3os que fazem doa\u00e7\u00f5es para as cestas b\u00e1sicas a trazerem sua oferta at\u00e9 o dia 15 de cada m\u00eas. As doa\u00e7\u00f5es podem ser entregues aos di\u00e1conos de plant\u00e3o ou deixados no local indicado. Se voc\u00ea quiser participar da b\u00ean\u00e7\u00e3o de contribuir, fale com um dos nossos di\u00e1conos.<\/p>\n\n\n\n<p><strong>Catecismo Maior de Westminster<\/strong><\/p>\n\n\n\n<ol start=\"187\">\n<li>Que \u00e9 a ora\u00e7\u00e3o? Ora\u00e7\u00e3o \u00e9 oferecer os nossos desejos a Deus em todo tempo, por Cristo, com o aux\u00edlio do Esp\u00edrito Santo, com confiss\u00e3o de nossos pecados, agradecimento por miseric\u00f3rdias recebidas e com os nossos pedidos de coisas que desejamos, de acordo com a vontade de Deus, e com firme confian\u00e7a em suas promessas. Salmos 62:8; 32:5,6; Jo\u00e3o 16:23; Romanos 8:26; Filipenses 4:6; 1 Jo\u00e3o 5:14; 1 Jo\u00e3o 5:15.<\/li>\n<\/ol>\n\n\n\n<p><strong>Projetos<\/strong><\/p>\n\n\n\n<p>Voc\u00ea ainda pode participar dos projetos com suas doa\u00e7\u00f5es. Para saber como procure o presb\u00edtero Jan Uilles ou o presb\u00edtero Roberto Vieira. Sua participa\u00e7\u00e3o e contribui\u00e7\u00e3o \u00e9 muito importante. Lembre-se do que ensina a Palavra de Deus: cada um contribua segundo tiver proposto no cora\u00e7\u00e3o, n\u00e3o por tristeza ou necessidade porque Deus ama ao que d\u00e1 com alegria!<\/p>\n\n\n\n<p><strong>Sociedades \u2013 UPA<\/strong><\/p>\n\n\n\n<p><a href=\"http:\/\/bit.ly\/naupa-2026\" target=\"_blank\" rel=\"noreferrer noopener\">bit.ly\/naupa-2026<\/a> Este \u00e9 o endere\u00e7o para inscri\u00e7\u00f5es e informa\u00e7\u00f5es do NAUPA (Encontro Nacional de Adolescentes). Ser\u00e1 entre os dias 29 de janeiro e 1\u00ba de fevereiro de 2026 na Est\u00e2ncia \u00c1rvore da Vida, em Sumar\u00e9, SP. N\u00e3o perca esta oportunidade. J\u00e1 est\u00e1 sendo organizada caravana de \u00f4nibus saindo de Bras\u00edlia.<\/p>\n\n\n\n<p><strong>Virad\u00e3o UPA<\/strong><\/p>\n\n\n\n<p>Ser\u00e1 nos dias 14\/11 (acolhida 19h00) e 15\/11 (despedida 08h00). Inscri\u00e7\u00e3o at\u00e9 hoje, 09\/11. Investimento de apenas R$ 20,00. Somente para teens a partir de 12 anos. Informa\u00e7\u00f5es pelo telefone (61) 98322 5151. Inscreva-se pelo QR code ao lado.<\/p>\n\n\n\n<p><strong>UCP<\/strong><\/p>\n\n\n\n<p>Estamos programando o Acampadentro das nossas crian\u00e7as para os dias 21 e 22 de novembro. Ser\u00e1 nas depend\u00eancias da igreja, com participa\u00e7\u00e3o de crian\u00e7as at\u00e9 11 anos. Fa\u00e7a a inscri\u00e7\u00e3o de seus filhos o quanto antes, para ajudar na prepara\u00e7\u00e3o.<\/p>\n\n\n\n<p><strong>Novos Membros<\/strong><\/p>\n\n\n\n<p>Se voc\u00ea desejar fazer da nossa igreja a sua igreja, com todos os privil\u00e9gios que os membros possuem, voc\u00ea ser\u00e1 muito bem-vindo. Torne-se membro de nossa igreja. Para saber mais fale com um dos presb\u00edteros ou com o pastor. Neste domingo come\u00e7amos nossa classe de Discipulado e Catecumenato para candidatos a novos membros, no mesmo hor\u00e1rio da Escola B\u00edblica. Professores presb\u00edtero Jorge Marques e Thiago Marques.<\/p>\n\n\n\n<p><strong>Nosso Anivers\u00e1rio<\/strong><\/p>\n\n\n\n<p>Nossa igreja est\u00e1 completando 59 anos de organiza\u00e7\u00e3o. No pr\u00f3ximo dia 23 de novembro, por ocasi\u00e3o da Escola B\u00edblica, ofereceremos ao Senhor nosso Deus Culto de A\u00e7\u00f5es de Gra\u00e7as, com almo\u00e7o de confraterniza\u00e7\u00e3o. Maiores informa\u00e7\u00f5es em breve.<\/p>\n\n\n\n<p><strong>Escala da Junta Diaconal<\/strong><\/p>\n\n\n\n<ul>\n<li>09\/11 Domingo: Thiago e Edmar<\/li>\n\n\n\n<li>11\/11 Ter\u00e7a: D\u00eanis<\/li>\n\n\n\n<li>13\/11 Quinta: Samuel<\/li>\n<\/ul>\n\n\n\n<p><strong>Liturgia do Culto Noturno<br><em>Liturgo: Presb\u00edtero Henrique Marques<\/em><\/strong><\/p>\n\n\n\n<ul>\n<li>Leitura b\u00edblica \u2013 \u00caxodo 15:11<\/li>\n\n\n\n<li>Ora\u00e7\u00e3o de invoca\u00e7\u00e3o<\/li>\n\n\n\n<li>Leitura b\u00edblica \u2013 \u00caxodo 15<\/li>\n\n\n\n<li>Louvor \u2013 Hino n. 14<\/li>\n\n\n\n<li>Leitura b\u00edblica \u2013 \u00caxodo 20.1-17<\/li>\n\n\n\n<li>Ora\u00e7\u00e3o de contri\u00e7\u00e3o (confiss\u00e3o de pecados)<\/li>\n\n\n\n<li>Leitura b\u00edblica \u2013 \u00caxodo 15:13<\/li>\n\n\n\n<li>Ora\u00e7\u00e3o intercess\u00f3ria \u2013 pastorais<\/li>\n\n\n\n<li>Oportunidade para o Grupo de Louvor e recolhimento de d\u00edzimos e ofertas<\/li>\n\n\n\n<li>Ora\u00e7\u00e3o de gratid\u00e3o pelos d\u00edzimos, ofertas e crian\u00e7as<\/li>\n\n\n\n<li>Prega\u00e7\u00e3o: Reverendo Marthon Mendes<\/li>\n\n\n\n<li>Ora\u00e7\u00e3o final e b\u00ean\u00e7\u00e3o apost\u00f3lica<\/li>\n\n\n\n<li>Posl\u00fadio e avisos<\/li>\n<\/ul>\n\n\n\n<p><strong>Visitantes<\/strong><\/p>\n\n\n\n<p>Sua presen\u00e7a em nossa igreja \u00e9 motivo de grande alegria, e desejamos que assim como fomos aben\u00e7oados com sua visita, sua presen\u00e7a em nosso meio tenha sido uma alegre colheita de b\u00ean\u00e7\u00e3os espirituais. Desejamos que voc\u00ea desfrute da comunh\u00e3o com Deus e da nossa comunh\u00e3o. Que o Senhor te aben\u00e7oe ricamente. Queremos retribuir sua visita.<\/p>\n\n\n\n<p><strong>Aniversariantes (09\/11 a 15\/11)<\/strong><\/p>\n\n\n\n<p>10\/11 Melanie Gabriela Mosse Silva<\/p>\n\n\n\n<p>Faltou o seu nome? Se voc\u00ea \u00e9 membro da igreja e deseja que nos alegremos com voc\u00ea, por gentileza, atualize seu cadastro.<\/p>\n\n\n\n<p><strong>Pa\u00eds de Ora\u00e7\u00e3o da Semana: Rep\u00fablica Turca de Chipre do Norte<\/strong><\/p>\n\n\n\n<p>A Rep\u00fablica Turca de Chipre do Norte, autoproclamada em 1983 no norte da ilha de Chipre e reconhecida apenas pela Turquia, tem cerca de 382 mil habitantes, majoritariamente mu\u00e7ulmanos sunitas (99%), ap\u00f3s a invas\u00e3o turca de 1974 que for\u00e7ou a fuga de 200 mil crist\u00e3os gregos ortodoxos. Crist\u00e3os remanescentes, menos de 500 (0,1%), enfrentam discrimina\u00e7\u00e3o sistem\u00e1tica: demoli\u00e7\u00e3o de 500 igrejas hist\u00f3ricas, proibi\u00e7\u00e3o de cultos em l\u00edngua turca e press\u00e3o para assimila\u00e7\u00e3o isl\u00e2mica, violando a liberdade religiosa. Igrejas reformadas s\u00e3o inexistentes ou clandestinas, isoladas teologicamente em um contexto de ocupa\u00e7\u00e3o militar e sincretismo. Ore pela preserva\u00e7\u00e3o da heran\u00e7a crist\u00e3, retorno de exilados e crescimento do evangelho reformado fiel ao Catecismo de Westminster, resistindo \u00e0 teologia da prosperidade e \u00e0 influ\u00eancia otomana. Interceda por pastores perseguidos, reconcilia\u00e7\u00e3o \u00e9tnica e justi\u00e7a social para vi\u00favas e \u00f3rf\u00e3os em zonas de conflito. Que Cristo una gregos e turcos em verdadeira comunh\u00e3o.<br><em>Fontes: Portas Abertas, Gatestone Institute<\/em><\/p>\n\n\n\n<figure class=\"wp-block-image size-medium\"><img loading=\"lazy\" decoding=\"async\" width=\"300\" height=\"200\" src=\"https:\/\/3ipt.org.br\/site\/wp-content\/uploads\/2025\/11\/Republica-Turca-de-Chipre-do-Norte-300x200.png\" alt=\"Rep\u00fablica Turca de Chipre do Norte\" class=\"wp-image-4768\" srcset=\"https:\/\/3ipt.org.br\/site\/wp-content\/uploads\/2025\/11\/Republica-Turca-de-Chipre-do-Norte-300x200.png 300w, https:\/\/3ipt.org.br\/site\/wp-content\/uploads\/2025\/11\/Republica-Turca-de-Chipre-do-Norte-1024x683.png 1024w, https:\/\/3ipt.org.br\/site\/wp-content\/uploads\/2025\/11\/Republica-Turca-de-Chipre-do-Norte-768x512.png 768w, https:\/\/3ipt.org.br\/site\/wp-content\/uploads\/2025\/11\/Republica-Turca-de-Chipre-do-Norte.png 1280w\" sizes=\"(max-width: 300px) 100vw, 300px\" \/><\/figure>\n","protected":false},"excerpt":{"rendered":"<p>Vers\u00e3o para impress\u00e3o: Ora\u00e7\u00e3o de Gratid\u00e3o \u201cEu te darei gra\u00e7as, SENHOR, de todo o meu cora\u00e7\u00e3o.\u201dSalmo 138:1a A gratid\u00e3o \u00e9 um dos principais componentes da vida crist\u00e3, pois por meio dela reconhecemos as b\u00ean\u00e7\u00e3os de Deus, principalmente a sua gra\u00e7a maravilhosa que significa favor n\u00e3o merecido. Na B\u00edblia, aprendemos que devemos dar gra\u00e7as em tudo&#8230;<\/p>\n","protected":false},"author":1,"featured_media":0,"comment_status":"open","ping_status":"open","sticky":false,"template":"","format":"standard","meta":{"footnotes":""},"categories":[4],"tags":[],"_links":{"self":[{"href":"https:\/\/3ipt.org.br\/site\/wp-json\/wp\/v2\/posts\/4766"}],"collection":[{"href":"https:\/\/3ipt.org.br\/site\/wp-json\/wp\/v2\/posts"}],"about":[{"href":"https:\/\/3ipt.org.br\/site\/wp-json\/wp\/v2\/types\/post"}],"author":[{"embeddable":true,"href":"https:\/\/3ipt.org.br\/site\/wp-json\/wp\/v2\/users\/1"}],"replies":[{"embeddable":true,"href":"https:\/\/3ipt.org.br\/site\/wp-json\/wp\/v2\/comments?post=4766"}],"version-history":[{"count":1,"href":"https:\/\/3ipt.org.br\/site\/wp-json\/wp\/v2\/posts\/4766\/revisions"}],"predecessor-version":[{"id":4769,"href":"https:\/\/3ipt.org.br\/site\/wp-json\/wp\/v2\/posts\/4766\/revisions\/4769"}],"wp:attachment":[{"href":"https:\/\/3ipt.org.br\/site\/wp-json\/wp\/v2\/media?parent=4766"}],"wp:term":[{"taxonomy":"category","embeddable":true,"href":"https:\/\/3ipt.org.br\/site\/wp-json\/wp\/v2\/categories?post=4766"},{"taxonomy":"post_tag","embeddable":true,"href":"https:\/\/3ipt.org.br\/site\/wp-json\/wp\/v2\/tags?post=4766"}],"curies":[{"name":"wp","href":"https:\/\/api.w.org\/{rel}","templated":true}]}}