{"id":4776,"date":"2025-11-23T08:00:00","date_gmt":"2025-11-23T11:00:00","guid":{"rendered":"https:\/\/3ipt.org.br\/site\/?p=4776"},"modified":"2025-11-22T17:46:11","modified_gmt":"2025-11-22T20:46:11","slug":"boletim-informativo-no-47-2025","status":"publish","type":"post","link":"https:\/\/3ipt.org.br\/site\/boletim\/boletim-informativo-no-47-2025\/","title":{"rendered":"Boletim Informativo n\u00ba 47\/2025"},"content":{"rendered":"\nVers\u00e3o para impress\u00e3o: <a href=\"https:\/\/3ipt.org.br\/site\/wp-content\/uploads\/2025\/11\/Boletim-47-2025-print.pdf\"><img loading=\"lazy\" decoding=\"async\" class=\"alignleft wp-image-60\" src=\"http:\/\/3ipt.org.br\/site\/wp-content\/uploads\/2018\/09\/baseline_picture_as_pdf_black_18dp.png\" alt=\"pdf logo\" width=\"24\" height=\"24\"><\/a>\n\n\n\n<h2 class=\"wp-block-heading\">O Grande \u201cEu Sou\u201d e a Cria\u00e7\u00e3o do Universo<\/h2>\n\n\n\n<blockquote class=\"wp-block-quote is-layout-flow wp-block-quote-is-layout-flow\">\n<p>\u201cTodas as coisas foram feitas por interm\u00e9dio dEle, e, sem Ele, nada do que foi feito se fez.\u201d<br>Jo\u00e3o 1:3<\/p>\n<\/blockquote>\n\n\n\n<p>Os estudiosos nos ensinam que a express\u00e3o \u201cEU SOU\u201d poderia ser traduzida tamb\u00e9m como \u201cEu Serei o que Serei\u201d. Em outras palavras: \u201cEu sou o que fui, sou o que Sou e Sou o que serei\u201d. O grande \u201cEu Sou\u201d existe por Si mesmo, \u00e9 absolutamente independente. N\u00f3s que cremos nas Escrituras sabemos que o universo foi criado mediante a Palavra dEle, que \u201cfalou, e tudo se fez; que mandou, e logo tudo apareceu\u201d (Salmos 33:9). Consideremos: se Ele fizesse desaparecer o sol que criou, a dura\u00e7\u00e3o da vida na terra seria muito curta, pois morrer\u00edamos por falta de luz e por um frio inimagin\u00e1vel. Outra hip\u00f3tese: se Ele recolhesse o ar que rodeia o nosso planeta, a nossa vida duraria apenas alguns minutos, pois os nossos pulm\u00f5es n\u00e3o suportariam a falta de oxig\u00eanio e a morte seria extremamente r\u00e1pida. Ele criou tudo mediante sua Palavra. Ele disse: \u201cHaja\u201d e houve. Mas se Ele bradasse ao universo: \u201cDesapare\u00e7a!\u201d, da mesma maneira que tudo passou a existir pelo poder de sua Palavra, tudo deixaria de existir pela mesma Palavra. Mas o grande Eu Sou continuaria o mesmo, continuaria sendo o que foi, o que \u00e9 e o que ser\u00e1. Ele n\u00e3o depende de nada. E mais: n\u00e3o somente criou, mas tamb\u00e9m sustenta todas as coisas pelo poder da sua Palavra (Hebreus 1:3). Nele vivemos, nos movemos e existimos (Atos 17:28). Diante da onipot\u00eancia e santidade divinas, nos prostramos em adora\u00e7\u00e3o. E diante daquilo que Ele requer de n\u00f3s e da nossa resposta, sabemos que n\u00e3o podemos lan\u00e7ar s\u00faplicas diante dEle confiados em supostos merecimentos (Daniel 9:18), lan\u00e7amos nossas peti\u00e7\u00f5es confiados unicamente em sua gra\u00e7a, bondade e miseric\u00f3rdia. Bendito seja Aquele que por sua Palavra fez os c\u00e9us e todo o seu ex\u00e9rcito (Salmos 33:6).<\/p>\n\n\n\n<p><em>Em singela express\u00e3o de adora\u00e7\u00e3o,<br>Reverendo Jos\u00e9 Loures Rosa<\/em><\/p>\n\n\n\n<p><strong>Nossa Agenda<br><em>Ter\u00e7a-Feira \u2013 Ora\u00e7\u00e3o<\/em><\/strong><\/p>\n\n\n\n<p>Por que n\u00e3o?!!! A igreja est\u00e1 aberta e os crentes convocados para meia hora de ora\u00e7\u00e3o das 19h30 \u00e0s 20h00 nas ter\u00e7as-feiras em uma reuni\u00e3o privada, que n\u00e3o \u00e9 transmitida nem gravada. Mantenha-se em ora\u00e7\u00e3o pelas tratativas referentes ao col\u00e9gio Simonton, agora para defini\u00e7\u00e3o dos termos jur\u00eddicos da parceria. Venha orar tamb\u00e9m intercedendo ao Senhor por miseric\u00f3rdia pela nossa na\u00e7\u00e3o, freando a iniquidade e punindo tantas injusti\u00e7as que vemos praticadas todos os dias. Tamb\u00e9m pedimos a Deus que d\u00ea sabedoria e vigor para as lideran\u00e7as da igreja tanto em suas a\u00e7\u00f5es internas quanto na sociedade. Intercedemos pelos irm\u00e3os, amigos e familiares que est\u00e3o enfrentando problemas ou est\u00e3o fracos na f\u00e9. Tamb\u00e9m \u00e9 muito importante orar pela lideran\u00e7a da igreja, pastor, presb\u00edteros, di\u00e1conos, sociedades e departamentos.<br>Oramos pelos enfermos para que Deus os cure e pelos seus familiares para que Deus lhes sustente durante o per\u00edodo de tratamento. De forma especial oremos pela sa\u00fade das irm\u00e3s Sueli, \u00c1urea, Irani, Ant\u00f4nia Mendes (m\u00e3e do pastor), Amanda (prima da Ver\u00f4nica) e os irm\u00e3os Miguel, Alaor e presb\u00edtero Nivaldo. Suplicamos a Deus por dire\u00e7\u00e3o para nossos projetos pessoais e da igreja.<br>Se voc\u00ea tem algum pedido de ora\u00e7\u00e3o pode mandar via WhatsApp para o n\u00famero (61) 99107-8708 ou pode preencher o cart\u00e3o que se encontra na mesinha na entrada da igreja. Mesmo que voc\u00ea n\u00e3o possa comparecer oraremos por voc\u00ea e pelo seu pedido.<br>S\u00f3 meia hora. E \u00e9 pouco! Tem sido t\u00e3o aben\u00e7oador que meia hora est\u00e1 come\u00e7ando a ser insuficiente.<\/p>\n\n\n\n<p><strong><em>Ter\u00e7a-Feira \u2013 Estudo B\u00edblico<\/em><\/strong><\/p>\n\n\n\n<p>Caso n\u00e3o consiga comparecer ao per\u00edodo de ora\u00e7\u00e3o voc\u00ea pode chegar \u00e0s 20h00 para o estudo b\u00edblico.<br>A partir das 20h00 estudo b\u00edblico. Terminamos uma se\u00e7\u00e3o do Breve Catecismo de Westminster (at\u00e9 a pergunta 38, voc\u00ea pode pedir a apostila completa em formato digital pelo e-mail marthon@gmail.com). No m\u00eas de novembro estudaremos a doutrina da elei\u00e7\u00e3o, e trataremos da nossa identidade em Cristo com transmiss\u00e3o ao vivo em nosso canal no YouTube. Assista, fa\u00e7a sua inscri\u00e7\u00e3o no canal e divulgue para conseguir pelo menos mais uma inscri\u00e7\u00e3o. Retornaremos com os estudos no Breve Catecismo em janeiro.<\/p>\n\n\n\n<p><strong><em>Quinta-Feira<\/em><\/strong><\/p>\n\n\n\n<p>A partir das 20h00, sempre que h\u00e1 disponibilidade de resid\u00eancia, a igreja se re\u00fane nas casas dos irm\u00e3os, seguindo o exemplo da igreja primitiva (Atos 2:46; 10:22; 16:15; 16:34) para Edifica\u00e7\u00e3o, Comunh\u00e3o e Ora\u00e7\u00e3o. Aguardamos a disponibilidade dos irm\u00e3os para nos receber em sua casa.<br>Aten\u00e7\u00e3o: A partir de novembro, todas as primeiras quintas-feiras de cada m\u00eas ser\u00e1 na casa dos irm\u00e3os D\u00eanis e Shirley.<\/p>\n\n\n\n<p><strong><em>Domingo<\/em><\/strong><\/p>\n\n\n\n<p>\u00c0s 9h00 Escola B\u00edblica. Neste domingo n\u00e3o teremos aulas nas salas. A reuni\u00e3o ser\u00e1 conjunta em culto de A\u00e7\u00f5es de Gra\u00e7as pelos 59 anos de nossa igreja. Tema da mensagem: A Igreja dos Meus Sonhos.<br>Aten\u00e7\u00e3o: Ap\u00f3s a Escola B\u00edblica a igreja permanecer\u00e1 reunida para uma alegre, fraterna e deliciosa confraterniza\u00e7\u00e3o.<br>\u00c0s 18h30 Culto Solene ao Senhor, com adora\u00e7\u00e3o, dedica\u00e7\u00e3o pessoal e edifica\u00e7\u00e3o \u00e0 luz das Escrituras tendo como porta-voz da mensagem o Reverendo Marthon Mendes baseado em 1 Tessalonicenses 4:13-18: Como o Crist\u00e3o Pode Manter Firme a Esperan\u00e7a.<br>Prepare-se para o culto com anteced\u00eancia. Ore ao Senhor pedindo para Ele falar ao seu cora\u00e7\u00e3o atrav\u00e9s da leitura da Palavra, c\u00e2nticos, nas ora\u00e7\u00f5es e pela prega\u00e7\u00e3o. Arranje a sua agenda, chegue 10 minutos antes, cumprimente seus irm\u00e3os e acomode-se com uma ora\u00e7\u00e3o de dedica\u00e7\u00e3o antes de come\u00e7ar o culto.<\/p>\n\n\n\n<p><strong>D\u00edzimos e Ofertas<\/strong><\/p>\n\n\n\n<p>Em Deuteron\u00f4mio 14:22-25 a B\u00edblia ensina que o d\u00edzimo \u00e9 uma demonstra\u00e7\u00e3o de gratid\u00e3o pelas b\u00ean\u00e7\u00e3os que Deus deu e uma prova de fidelidade por devolver o que \u00e9 devido ao Senhor. Para entregar seus d\u00edzimos e ofertas via PIX especifique o que \u00e9 d\u00edzimo e o que oferta utilizando o CNPJ da igreja 00.574.079\/0001-64. Para ofertas especiais, como doa\u00e7\u00f5es para novos projetos da igreja fa\u00e7a seu dep\u00f3sito no Banco Santander, Ag. 3328, Conta Corrente 13000174-8.<\/p>\n\n\n\n<p><strong>Doa\u00e7\u00f5es<\/strong><\/p>\n\n\n\n<p>Voc\u00ea pode doar a qualquer tempo, mas a Junta Diaconal orienta os irm\u00e3os que fazem doa\u00e7\u00f5es para as cestas b\u00e1sicas a trazerem sua oferta at\u00e9 o dia 15 de cada m\u00eas. As doa\u00e7\u00f5es podem ser entregues aos di\u00e1conos de plant\u00e3o ou deixados no local indicado. Se voc\u00ea quiser participar da b\u00ean\u00e7\u00e3o de contribuir, fale com um dos nossos di\u00e1conos.<\/p>\n\n\n\n<p><strong>Catecismo Maior de Westminster<\/strong><\/p>\n\n\n\n<ol start=\"189\">\n<li>Quais s\u00e3o os requisitos para que a ora\u00e7\u00e3o seja aceita? Os requisitos para que a ora\u00e7\u00e3o seja aceita s\u00e3o: que seja feita com entendimento, rever\u00eancia, humildade, fervor, f\u00e9 e perseveran\u00e7a, e, se estivermos sozinhos, em l\u00edngua conhecida; e que, quando em assembleia, seja em nome de Jesus Cristo, com a ajuda do Esp\u00edrito Santo. Salmo 145:18; 17:1; Tiago 1:6; Ef\u00e9sios 6:18; 1 Jo\u00e3o 5:14-15; Jo\u00e3o 14:13-14; Romanos 8:26-27.<\/li>\n<\/ol>\n\n\n\n<p><strong>Projetos<\/strong><\/p>\n\n\n\n<p>Voc\u00ea ainda pode participar dos projetos com suas doa\u00e7\u00f5es. Para saber como procure o presb\u00edtero Jan Uilles ou o presb\u00edtero Roberto Vieira. Sua participa\u00e7\u00e3o e contribui\u00e7\u00e3o \u00e9 muito importante. Lembre-se do que ensina a Palavra de Deus: cada um contribua segundo tiver proposto no cora\u00e7\u00e3o, n\u00e3o por tristeza ou necessidade porque Deus ama ao que d\u00e1 com alegria!<\/p>\n\n\n\n<p><strong>Assembleia Geral Ordin\u00e1ria<\/strong><\/p>\n\n\n\n<p>Ser\u00e1 no dia 30 de novembro, por ocasi\u00e3o da Escola Dominical. Todos os membros comungantes devem comparecer de acordo com o compromisso assumido ao se tornarem membros da igreja, de sustent\u00e1-la com seus dons, bens, talentos e presen\u00e7a.<\/p>\n\n\n\n<p><strong>Sociedades Internas<\/strong><\/p>\n\n\n\n<p>Muita aten\u00e7\u00e3o: o Conselho determinou que as sociedades internas encaminhem seus relat\u00f3rios ao conselho, com elei\u00e7\u00e3o de novas diretorias, at\u00e9 o dia 26 de novembro devido \u00e0 convoca\u00e7\u00e3o da reuni\u00e3o do Presbit\u00e9rio para o dia 03 de dezembro.<\/p>\n\n\n\n<p><strong>Homens em A\u00e7\u00e3o<\/strong><\/p>\n\n\n\n<p>Homens presbiterianos em a\u00e7\u00e3o\u2026 Este \u00e9 parte do moto da UPH. Alguns dos homens da igreja assumiram o compromisso de revitalizar a a\u00e7\u00e3o dos homens da nossa igreja, e est\u00e3o programando uma reuni\u00e3o para confraterniza\u00e7\u00e3o e despertamento no dia 13 de dezembro. Aguarde divulga\u00e7\u00e3o do local.<\/p>\n\n\n\n<p><strong>UPA<\/strong><\/p>\n\n\n\n<p><a href=\"http:\/\/bit.ly\/naupa-2026\" target=\"_blank\" rel=\"noreferrer noopener\">bit.ly\/naupa-2026<\/a> Este \u00e9 o endere\u00e7o para inscri\u00e7\u00f5es e informa\u00e7\u00f5es do NAUPA (Encontro Nacional de Adolescentes). Ser\u00e1 entre os dias 29 de janeiro e 1\u00ba de fevereiro de 2026 na Est\u00e2ncia \u00c1rvore da Vida, em Sumar\u00e9, SP. N\u00e3o perca esta oportunidade. J\u00e1 est\u00e1 sendo organizada caravana de \u00f4nibus saindo de Bras\u00edlia.<\/p>\n\n\n\n<p><strong>Novos Membros<\/strong><\/p>\n\n\n\n<p>Se voc\u00ea desejar fazer da nossa igreja a sua igreja, com todos os privil\u00e9gios que os membros possuem, voc\u00ea ser\u00e1 muito bem-vindo. Torne-se membro de nossa igreja. Para saber mais fale com um dos presb\u00edteros ou com o pastor.<br>J\u00e1 est\u00e1 funcionando a nossa classe de Discipulado (para egressos de igrejas n\u00e3o presbiterianas) e Catecumenato (para aqueles que ainda n\u00e3o foram batizados e professaram publicamente a sua f\u00e9). Classe destinada aos candidatos a novos membros, no mesmo hor\u00e1rio da Escola B\u00edblica. Professores presb\u00edtero Jorge Marques e Thiago Marques.<\/p>\n\n\n\n<p><strong>Escala da Junta Diaconal<\/strong><\/p>\n\n\n\n<ul>\n<li>23\/11 Domingo: Manoel \/ Thiago<\/li>\n\n\n\n<li>25\/11 Ter\u00e7a: D\u00eanis<\/li>\n\n\n\n<li>27\/11 Quinta: Raphael<\/li>\n<\/ul>\n\n\n\n<p><strong>Liturgia do Culto Noturno<br><em>Liturgo: Presb\u00edtero Jorge Marques<\/em><\/strong><\/p>\n\n\n\n<ul>\n<li>Leitura b\u00edblica \u2013 Salmo 34:1-3<\/li>\n\n\n\n<li>Ora\u00e7\u00e3o de invoca\u00e7\u00e3o<\/li>\n\n\n\n<li>Leitura b\u00edblica \u2013 Salmo 145<\/li>\n\n\n\n<li>Louvor \u2013 Hino 62<\/li>\n\n\n\n<li>Leitura b\u00edblica \u2013 Salmo 103:1-4<\/li>\n\n\n\n<li>Ora\u00e7\u00e3o de contri\u00e7\u00e3o (confiss\u00e3o de pecados)<\/li>\n\n\n\n<li>Louvor \u2013 Hino 150<\/li>\n\n\n\n<li>Ora\u00e7\u00e3o intercess\u00f3ria \u2013 pastorais<\/li>\n\n\n\n<li>Oportunidade para o Grupo de Louvor e recolhimento de d\u00edzimos e ofertas<\/li>\n\n\n\n<li>Ora\u00e7\u00e3o de gratid\u00e3o pelos d\u00edzimos, ofertas e crian\u00e7as<\/li>\n\n\n\n<li>Prega\u00e7\u00e3o: Reverendo Marthon Mendes<\/li>\n\n\n\n<li>Louvor \u2013 Hino 299<\/li>\n\n\n\n<li>Ora\u00e7\u00e3o final e b\u00ean\u00e7\u00e3o apost\u00f3lica<\/li>\n\n\n\n<li>Posl\u00fadio e avisos<\/li>\n<\/ul>\n\n\n\n<p><strong>Visitantes<\/strong><\/p>\n\n\n\n<p>Sua presen\u00e7a em nossa igreja \u00e9 motivo de grande alegria, e desejamos que assim como fomos aben\u00e7oados com sua visita, sua presen\u00e7a em nosso meio tenha sido uma alegre colheita de b\u00ean\u00e7\u00e3os espirituais. Desejamos que voc\u00ea desfrute da comunh\u00e3o com Deus e da nossa comunh\u00e3o. Que o Senhor te aben\u00e7oe ricamente. Queremos retribuir sua visita.<\/p>\n\n\n\n<p><strong>Aniversariantes (23\/11 a 29\/11)<\/strong><\/p>\n\n\n\n<p>23\/11 Ester de S\u00e1 Costa<br>24\/11 Maria Am\u00e9lia e Marcos Ant\u00f4nio (cas.)<br>29\/11 Luzia Rodrigues Ara\u00fajo Alves<br>29\/11 Rone Miguel Alencar Rodrigues<\/p>\n\n\n\n<p>Faltou o seu nome? Se voc\u00ea \u00e9 membro da igreja e deseja que nos alegremos com voc\u00ea, por gentileza, atualize seu cadastro.<\/p>\n\n\n\n<p><strong>Pa\u00eds de Ora\u00e7\u00e3o da Semana: Ruanda<\/strong><\/p>\n\n\n\n<p>Ruanda, na \u00c1frica Oriental, com cerca de 13 milh\u00f5es de habitantes (2022), \u00e9 majoritariamente crist\u00e3 (cerca de 90%, incluindo cat\u00f3licos, protestantes e pentecostais), com a Igreja Presbiteriana em Ruanda sendo uma das maiores denomina\u00e7\u00f5es reformadas, com mais de 1 milh\u00e3o de membros. Apesar da liberdade religiosa formal, o governo imp\u00f5e regulamenta\u00e7\u00f5es rigorosas, resultando no fechamento de milhares de igrejas (cerca de 4 mil em anos recentes) por supostas falhas em normas de seguran\u00e7a e qualifica\u00e7\u00e3o pastoral, afetando especialmente igrejas evang\u00e9licas e protestantes n\u00e3o tradicionais. Isso reflete paranoia ditatorial e protecionismo denominacional. Ore pela fidelidade das igrejas reformadas \u00e0s Escrituras e confiss\u00f5es, capacita\u00e7\u00e3o de pastores, reabertura de templos e coragem para testemunhar em meio a controles estatais. Interceda por cura das feridas do genoc\u00eddio de 1994 e reconcilia\u00e7\u00e3o verdadeira em Cristo.<br><em>Fontes: Portas Abertas, site oficial da Igreja Presbiteriana em Ruanda<\/em><\/p>\n\n\n\n<figure class=\"wp-block-image size-full\"><img loading=\"lazy\" decoding=\"async\" width=\"127\" height=\"90\" src=\"https:\/\/3ipt.org.br\/site\/wp-content\/uploads\/2018\/10\/ruanda.jpg\" alt=\"Ruanda\" class=\"wp-image-435\"\/><\/figure>\n","protected":false},"excerpt":{"rendered":"<p>Vers\u00e3o para impress\u00e3o: O Grande \u201cEu Sou\u201d e a Cria\u00e7\u00e3o do Universo \u201cTodas as coisas foram feitas por interm\u00e9dio dEle, e, sem Ele, nada do que foi feito se fez.\u201dJo\u00e3o 1:3 Os estudiosos nos ensinam que a express\u00e3o \u201cEU SOU\u201d poderia ser traduzida tamb\u00e9m como \u201cEu Serei o que Serei\u201d. Em outras palavras: \u201cEu sou&#8230;<\/p>\n","protected":false},"author":1,"featured_media":0,"comment_status":"open","ping_status":"open","sticky":false,"template":"","format":"standard","meta":{"footnotes":""},"categories":[4],"tags":[],"_links":{"self":[{"href":"https:\/\/3ipt.org.br\/site\/wp-json\/wp\/v2\/posts\/4776"}],"collection":[{"href":"https:\/\/3ipt.org.br\/site\/wp-json\/wp\/v2\/posts"}],"about":[{"href":"https:\/\/3ipt.org.br\/site\/wp-json\/wp\/v2\/types\/post"}],"author":[{"embeddable":true,"href":"https:\/\/3ipt.org.br\/site\/wp-json\/wp\/v2\/users\/1"}],"replies":[{"embeddable":true,"href":"https:\/\/3ipt.org.br\/site\/wp-json\/wp\/v2\/comments?post=4776"}],"version-history":[{"count":2,"href":"https:\/\/3ipt.org.br\/site\/wp-json\/wp\/v2\/posts\/4776\/revisions"}],"predecessor-version":[{"id":4779,"href":"https:\/\/3ipt.org.br\/site\/wp-json\/wp\/v2\/posts\/4776\/revisions\/4779"}],"wp:attachment":[{"href":"https:\/\/3ipt.org.br\/site\/wp-json\/wp\/v2\/media?parent=4776"}],"wp:term":[{"taxonomy":"category","embeddable":true,"href":"https:\/\/3ipt.org.br\/site\/wp-json\/wp\/v2\/categories?post=4776"},{"taxonomy":"post_tag","embeddable":true,"href":"https:\/\/3ipt.org.br\/site\/wp-json\/wp\/v2\/tags?post=4776"}],"curies":[{"name":"wp","href":"https:\/\/api.w.org\/{rel}","templated":true}]}}