{"id":4780,"date":"2025-11-30T08:00:00","date_gmt":"2025-11-30T11:00:00","guid":{"rendered":"https:\/\/3ipt.org.br\/site\/?p=4780"},"modified":"2025-11-29T21:14:37","modified_gmt":"2025-11-30T00:14:37","slug":"boletim-informativo-no-48-2025","status":"publish","type":"post","link":"https:\/\/3ipt.org.br\/site\/boletim\/boletim-informativo-no-48-2025\/","title":{"rendered":"Boletim Informativo n\u00ba 48\/2025"},"content":{"rendered":"\nVers\u00e3o para impress\u00e3o: <a href=\"https:\/\/3ipt.org.br\/site\/wp-content\/uploads\/2025\/11\/Boletim-48-2025-print.pdf\"><img loading=\"lazy\" decoding=\"async\" class=\"alignleft wp-image-60\" src=\"http:\/\/3ipt.org.br\/site\/wp-content\/uploads\/2018\/09\/baseline_picture_as_pdf_black_18dp.png\" alt=\"pdf logo\" width=\"24\" height=\"24\"><\/a>\n\n\n\n<h2 class=\"wp-block-heading\">O Grande Eu Sou \u00c9 Rejeitado<\/h2>\n\n\n\n<blockquote class=\"wp-block-quote is-layout-flow wp-block-quote-is-layout-flow\">\n<p>\u201cVeio para o que era seu, e os seus n\u00e3o o receberam.\u201d<br>Jo\u00e3o 1:11<\/p>\n<\/blockquote>\n\n\n\n<p>O grande Eu Sou \u00e9 rejeitado porque, no cora\u00e7\u00e3o de muitos, falta o amor de Deus e, entre a aprova\u00e7\u00e3o divina e a aprova\u00e7\u00e3o humana, preferem a dos homens (Jo\u00e3o 5:42,44). Fazem de tudo para receber aplausos das pessoas, mas n\u00e3o se importam com o elogio que somente o grande Eu Sou pode dar. Esses aplausos humanos t\u00eam como base riquezas, fama e sensualidade \u2014 a concupisc\u00eancia da carne, a concupisc\u00eancia dos olhos e a soberba da vida (1 Jo\u00e3o 2:16). S\u00e3o exatamente essas coisas passageiras que cegam os olhos e endurecem o cora\u00e7\u00e3o, levando as pessoas a rejeitar o \u00fanico Salvador.<br>Muitos acumulam bens materiais, constroem imp\u00e9rios que o vento leva, e se tornam \u201cmais amigos dos prazeres do que amigos de Deus\u201d (2 Tim\u00f3teo 3:4). Vivem como se a morte nunca fosse bater \u00e0 sua porta. Mas o que far\u00e3o quando o Senhor lhes recolher o f\u00f4lego? \u201cSe lhes cortas a respira\u00e7\u00e3o, morrem e voltam ao p\u00f3\u201d (Salmos 104:29). A vida aqui \u00e9 breve e fr\u00e1gil: \u201cTu os fazes passar como corrente de \u00e1gua; s\u00e3o como sonho, como a erva que pela manh\u00e3 floresce e viceja; \u00e0 tarde, murcha e seca\u201d (Salmos 90:5-6). Quando esse dia chegar \u2014 e ele chegar\u00e1 para todos \u2014, poder\u00e1 ser tarde demais para responder \u00e0s perguntas solenes de Jesus: \u201cPois que aproveitar\u00e1 o homem se ganhar o mundo inteiro e perder a sua alma? Ou que dar\u00e1 o homem em troca da sua alma?\u201d (Mateus 16:26). Ainda hoje ecoa o chamado urgente e misericordioso do Senhor: \u201cBuscai o SENHOR enquanto se pode achar, invocai-o enquanto est\u00e1 perto\u201d (Isa\u00edas 55:6). Contudo, multid\u00f5es recusam ir a Ele para receber a vida abundante e eterna que somente Cristo oferece (Jo\u00e3o 5:40; 10:10). Preferem as sombras \u00e0 Luz, as migalhas do mundo ao banquete do Reino. Que nenhum de voc\u00eas, queridos irm\u00e3os e amigos que agora leem estas linhas, esteja entre os que rejeitam o grande Eu Sou. Meu desejo ardente \u00e9 que o cora\u00e7\u00e3o de cada leitor esteja firmemente ancorado na gra\u00e7a soberana de Cristo, que morreu para que os pecadores tivessem vida, e vida em abund\u00e2ncia. Que o Esp\u00edrito Santo use estas palavras para despertar, convencer e converter, para que ningu\u00e9m pere\u00e7a, mas todos cheguem ao conhecimento da verdade e \u00e0 salva\u00e7\u00e3o que h\u00e1 somente em Jesus, o grande Eu Sou \u2014 o Caminho, a Verdade e a Vida.<\/p>\n\n\n\n<p><em>Com amor,<br>Reverendo Jos\u00e9 Loures Rosa<\/em><\/p>\n\n\n\n<p><strong>Nossa Agenda<br><em>Ter\u00e7a-Feira \u2013 Ora\u00e7\u00e3o<\/em><\/strong><\/p>\n\n\n\n<p>Por que n\u00e3o?! A igreja est\u00e1 aberta e os crentes convocados para meia hora de ora\u00e7\u00e3o das 19h30 \u00e0s 20h00 nas ter\u00e7as-feiras em uma reuni\u00e3o privada, que n\u00e3o \u00e9 transmitida nem gravada. Mantenha-se em ora\u00e7\u00e3o pelas tratativas referentes ao col\u00e9gio Simonton, agora para defini\u00e7\u00e3o dos termos jur\u00eddicos da parceria. Venha orar tamb\u00e9m intercedendo ao Senhor por miseric\u00f3rdia pela nossa na\u00e7\u00e3o, freando a iniquidade e punindo tantas injusti\u00e7as que vemos praticadas todos os dias. Tamb\u00e9m pedimos a Deus que d\u00ea sabedoria e vigor para as lideran\u00e7as da igreja tanto em suas a\u00e7\u00f5es internas quanto na sociedade. Intercedemos pelos irm\u00e3os, amigos e familiares que est\u00e3o enfrentando problemas ou est\u00e3o fracos na f\u00e9. Tamb\u00e9m \u00e9 muito importante orar pela lideran\u00e7a da igreja: pastor, presb\u00edteros, di\u00e1conos, sociedades e departamentos.<br>Oramos pelos enfermos para que Deus os cure e pelos seus familiares para que Deus lhes sustente durante o per\u00edodo de tratamento. De forma especial oremos pela sa\u00fade das irm\u00e3s Sueli, \u00c1urea, Irani, Ant\u00f4nia Mendes (m\u00e3e do pastor), Amanda (prima da Ver\u00f4nica) e dos irm\u00e3os Miguel, Alaor e presb\u00edtero Nivaldo. Suplicamos a Deus por dire\u00e7\u00e3o para nossos projetos pessoais e da igreja.<br>Se voc\u00ea tem algum pedido de ora\u00e7\u00e3o pode mandar via WhatsApp para o n\u00famero (61) 99107-8708 ou pode preencher o cart\u00e3o que se encontra na mesinha na entrada da igreja. Mesmo que voc\u00ea n\u00e3o possa comparecer oraremos por voc\u00ea e pelo seu pedido.<br>S\u00f3 meia hora. E \u00e9 pouco! Tem sido t\u00e3o aben\u00e7oador que meia hora est\u00e1 come\u00e7ando a ser insuficiente.<\/p>\n\n\n\n<p><strong><em>Ter\u00e7a-Feira \u2013 Estudo B\u00edblico<\/em><\/strong><\/p>\n\n\n\n<p>Caso n\u00e3o consiga comparecer ao per\u00edodo de ora\u00e7\u00e3o voc\u00ea pode chegar \u00e0s 20h00 para o estudo b\u00edblico.<br>A partir das 20h00 estudo b\u00edblico. Terminamos uma se\u00e7\u00e3o do Breve Catecismo de Westminster (at\u00e9 a pergunta 38, voc\u00ea pode pedir a apostila completa em formato digital pelo e-mail marthon@gmail.com). No m\u00eas de novembro estudaremos a doutrina da elei\u00e7\u00e3o, e trataremos da nossa identidade em Cristo com transmiss\u00e3o ao vivo em nosso canal no YouTube. Assista, fa\u00e7a sua inscri\u00e7\u00e3o no canal e divulgue para conseguir pelo menos mais uma inscri\u00e7\u00e3o. Retornaremos com os estudos no Breve Catecismo em janeiro.<\/p>\n\n\n\n<p><strong><em>Quinta-Feira<\/em><\/strong><\/p>\n\n\n\n<p>A partir das 20h00, sempre que h\u00e1 disponibilidade de resid\u00eancia, a igreja se re\u00fane nas casas dos irm\u00e3os, seguindo o exemplo da igreja primitiva (Atos 2:46; 10:22; 16:15; 16:34) para Edifica\u00e7\u00e3o, Comunh\u00e3o e Ora\u00e7\u00e3o. Aguardamos a disponibilidade dos irm\u00e3os para nos receber em sua casa.<br>Aten\u00e7\u00e3o: A partir de novembro, todas as primeiras quintas-feiras de cada m\u00eas ser\u00e3o na casa dos irm\u00e3os D\u00eanis e Shirley.<\/p>\n\n\n\n<p><strong><em>Domingo<\/em><\/strong><\/p>\n\n\n\n<p>\u00c0s 9h00 Escola B\u00edblica. Neste domingo n\u00e3o teremos aulas nas salas. A reuni\u00e3o ser\u00e1 conjunta em virtude da Assembleia Geral Ordin\u00e1ria. Todos os membros comungantes devem comparecer de acordo com o compromisso assumido ao se tornarem membros da igreja, de sustent\u00e1-la com seus dons, bens, talentos e presen\u00e7a.<br>\u00c0s 18h30 Culto Solene ao Senhor, com adora\u00e7\u00e3o, dedica\u00e7\u00e3o pessoal e edifica\u00e7\u00e3o \u00e0 luz das Escrituras tendo como porta-voz da mensagem o Reverendo Marthon Mendes baseado em 1 Tessalonicenses 5:1-3: Como Aguardar a Volta Gloriosa do Senhor Jesus.<br>Prepare-se para o culto com anteced\u00eancia. Ore ao Senhor pedindo para Ele falar ao seu cora\u00e7\u00e3o atrav\u00e9s da leitura da Palavra, c\u00e2nticos, nas ora\u00e7\u00f5es e pela prega\u00e7\u00e3o. Arranje a sua agenda, chegue 10 minutos antes, cumprimente seus irm\u00e3os e acomode-se com uma ora\u00e7\u00e3o de dedica\u00e7\u00e3o antes de come\u00e7ar o culto.<\/p>\n\n\n\n<p><strong>D\u00edzimos e Ofertas<\/strong><\/p>\n\n\n\n<p>Em Deuteron\u00f4mio 14:22-25 a B\u00edblia ensina que o d\u00edzimo \u00e9 uma demonstra\u00e7\u00e3o de gratid\u00e3o pelas b\u00ean\u00e7\u00e3os que Deus deu e uma prova de fidelidade por devolver o que \u00e9 devido ao Senhor. Para entregar seus d\u00edzimos e ofertas via PIX especifique o que \u00e9 d\u00edzimo e o que \u00e9 oferta utilizando o CNPJ da igreja 00.574.079\/0001-64. Para ofertas especiais, como doa\u00e7\u00f5es para novos projetos da igreja, fa\u00e7a seu dep\u00f3sito no Banco Santander, Ag. 3328, Conta Corrente 13000174-8.<\/p>\n\n\n\n<p><strong>Doa\u00e7\u00f5es<\/strong><\/p>\n\n\n\n<p>Voc\u00ea pode doar a qualquer tempo, mas a Junta Diaconal orienta os irm\u00e3os que fazem doa\u00e7\u00f5es para as cestas b\u00e1sicas a trazerem sua oferta at\u00e9 o dia 15 de cada m\u00eas. As doa\u00e7\u00f5es podem ser entregues aos di\u00e1conos de plant\u00e3o ou deixadas no local indicado. Se voc\u00ea quiser participar da b\u00ean\u00e7\u00e3o de contribuir, fale com um dos nossos di\u00e1conos.<\/p>\n\n\n\n<p><strong>Catecismo Maior de Westminster<\/strong><\/p>\n\n\n\n<ol start=\"190\">\n<li>Que nos ensina a introdu\u00e7\u00e3o do Pai-Nosso? A introdu\u00e7\u00e3o do Pai-Nosso (\u201cPai nosso que est\u00e1s nos c\u00e9us\u201d) nos ensina a nos aproximarmos de Deus com toda santa rever\u00eancia e confian\u00e7a, como filhos a um pai, capaz e disposto a nos socorrer; e que oremos com e por outros. Lucas 11:13; Romanos 8:15; Atos 12:5; 1 Tim\u00f3teo 2:1-2.<\/li>\n<\/ol>\n\n\n\n<p><strong>Projetos<\/strong><\/p>\n\n\n\n<p>Voc\u00ea ainda pode participar dos projetos com suas doa\u00e7\u00f5es. Para saber como procure o presb\u00edtero Jan Uilles ou o presb\u00edtero Roberto Vieira. Sua participa\u00e7\u00e3o e contribui\u00e7\u00e3o \u00e9 muito importante. Lembre-se do que ensina a Palavra de Deus: cada um contribua segundo tiver proposto no cora\u00e7\u00e3o, n\u00e3o por tristeza ou por necessidade porque Deus ama ao que d\u00e1 com alegria!<\/p>\n\n\n\n<p><strong>Homens em A\u00e7\u00e3o<\/strong><\/p>\n\n\n\n<p>Homens presbiterianos em a\u00e7\u00e3o\u2026 Este \u00e9 parte do moto da Uni\u00e3o Presbiteriana de Homens. Alguns dos homens da igreja assumiram o compromisso de revitalizar a a\u00e7\u00e3o dos homens da nossa igreja, e est\u00e3o programando uma reuni\u00e3o para confraterniza\u00e7\u00e3o e despertamento no dia 13 de dezembro. Ser\u00e1 nas depend\u00eancias da igreja, a partir das 18h00.<\/p>\n\n\n\n<p><strong>Sociedade Auxiliadora Feminina<\/strong><\/p>\n\n\n\n<p>A Confedera\u00e7\u00e3o de SAFs do S\u00ednodo Planalto usar\u00e1 as depend\u00eancias da nossa igreja, no dia 13 de dezembro, para oferecer um caf\u00e9 da manh\u00e3 e culto de gratid\u00e3o a Deus pela vida dos nossos pastores e suas respectivas fam\u00edlias.<\/p>\n\n\n\n<p><strong>Uni\u00e3o Presbiteriana de Adolescentes<\/strong><\/p>\n\n\n\n<p><a href=\"http:\/\/bit.ly\/naupa-2026\" target=\"_blank\" rel=\"noreferrer noopener\">bit.ly\/naupa-2026<\/a> \u2014 Este \u00e9 o endere\u00e7o para inscri\u00e7\u00f5es e informa\u00e7\u00f5es do NAUPA (Encontro Nacional de Adolescentes). Ser\u00e1 entre os dias 29 de janeiro e 1\u00ba de fevereiro de 2026 na Est\u00e2ncia \u00c1rvore da Vida, em Sumar\u00e9, SP. N\u00e3o perca esta oportunidade. J\u00e1 est\u00e1 sendo organizada caravana de \u00f4nibus saindo de Bras\u00edlia.<\/p>\n\n\n\n<p><strong>Novos Membros<\/strong><\/p>\n\n\n\n<p>Se voc\u00ea desejar fazer da nossa igreja a sua igreja, com todos os privil\u00e9gios que os membros possuem, voc\u00ea ser\u00e1 muito bem-vindo. Torne-se membro de nossa igreja. Para saber mais fale com um dos presb\u00edteros ou com o pastor. Por causa da Assembleia Geral hoje n\u00e3o teremos o funcionamento da classe de Discipulado (para egressos de igrejas n\u00e3o presbiterianas) e Catecumenato (para aqueles que ainda n\u00e3o foram batizados e professaram publicamente a sua f\u00e9). Classe destinada aos candidatos a novos membros, no mesmo hor\u00e1rio da Escola B\u00edblica. Professores: presb\u00edtero Jorge Marques e Thiago Marques.<\/p>\n\n\n\n<p><strong>Escala da Junta Diaconal<\/strong><\/p>\n\n\n\n<ul>\n<li>30\/11 Domingo: Samuel \/ D\u00eanis<\/li>\n\n\n\n<li>02\/12 Ter\u00e7a: Manoel \/ D\u00eanis<\/li>\n\n\n\n<li>04\/12 Quinta: Samuel \/ D\u00eanis<\/li>\n<\/ul>\n\n\n\n<p><strong>Liturgia do Culto Noturno<br><em>Liturgo: Presb\u00edtero Leone Braga<\/em><\/strong><\/p>\n\n\n\n<ul>\n<li>Leitura b\u00edblica<\/li>\n\n\n\n<li>Ora\u00e7\u00e3o de invoca\u00e7\u00e3o<\/li>\n\n\n\n<li>Leitura b\u00edblica<\/li>\n\n\n\n<li>Louvor<\/li>\n\n\n\n<li>Leitura b\u00edblica<\/li>\n\n\n\n<li>Ora\u00e7\u00e3o de contri\u00e7\u00e3o (confiss\u00e3o de pecados)<\/li>\n\n\n\n<li>Louvor<\/li>\n\n\n\n<li>Ora\u00e7\u00e3o intercess\u00f3ria \u2013 pastorais<\/li>\n\n\n\n<li>Oportunidade para o Grupo de Louvor e recolhimento de d\u00edzimos e ofertas<\/li>\n\n\n\n<li>Ora\u00e7\u00e3o de gratid\u00e3o pelos d\u00edzimos, ofertas e crian\u00e7as<\/li>\n\n\n\n<li>Prega\u00e7\u00e3o: Reverendo Marthon Mendes<\/li>\n\n\n\n<li>Louvor<\/li>\n\n\n\n<li>Ora\u00e7\u00e3o final e b\u00ean\u00e7\u00e3o apost\u00f3lica<\/li>\n\n\n\n<li>Posl\u00fadio e avisos<\/li>\n<\/ul>\n\n\n\n<p><strong>Aniversariantes (30\/11 a 06\/12)<\/strong><\/p>\n\n\n\n<p>30\/11 Ver\u00f4nica FM Moreschi de Carvalho<br>01\/12 Sueli e Vin\u00edcius (cas.)<br>04\/12 Lorena e Leone (cas.)<br>04\/12 Mirelle e Henrique (cas.)<br>05\/12 Danilo Magave Souza Silva<br>06\/12 Amanda e Thiago (cas.)<br>06\/12 Gabriel Arag\u00e3o Braga<\/p>\n\n\n\n<p>Faltou o seu nome? Se voc\u00ea \u00e9 membro da igreja e deseja que nos alegremos com voc\u00ea, por gentileza, atualize seu cadastro.<\/p>\n\n\n\n<p><strong>Pa\u00eds de Ora\u00e7\u00e3o da Semana: R\u00fassia<\/strong><\/p>\n\n\n\n<p>R\u00fassia, o maior pa\u00eds do mundo em extens\u00e3o territorial, com cerca de 144 milh\u00f5es de habitantes (2025), possui apenas cerca de 1% de evang\u00e9licos em uma popula\u00e7\u00e3o majoritariamente ortodoxa russa (aproximadamente 70% nominalmente crist\u00e3). Desde 2016, leis antiterrorismo e de \u201catividades mission\u00e1rias\u201d restringem severamente o evangelismo fora de templos registrados, pro\u00edbem compartilhar a f\u00e9 em resid\u00eancias ou online sem permiss\u00e3o estatal e classificam muitas igrejas protestantes e reformadas como \u201cseitas\u201d. Crist\u00e3os evang\u00e9licos enfrentam multas, pris\u00f5es, confisco de materiais e fechamento de igrejas. Ore para que o Senhor fortale\u00e7a as igrejas reformadas e presbiterianas fi\u00e9is \u00e0 Palavra, conceda coragem aos pastores e membros para testemunhar com sabedoria, abra portas ao Evangelho apesar das restri\u00e7\u00f5es e use as persegui\u00e7\u00f5es para o crescimento do Seu reino. Interceda pelos crist\u00e3os presos por sua f\u00e9 e pela convers\u00e3o de autoridades.<br><em>Fontes: Portas Abertas, Voice of the Martyrs, Slavic Gospel Association<\/em><\/p>\n\n\n\n<figure class=\"wp-block-image size-full\"><img loading=\"lazy\" decoding=\"async\" width=\"138\" height=\"97\" src=\"https:\/\/3ipt.org.br\/site\/wp-content\/uploads\/2019\/09\/Ru\u0301ssia.jpg\" alt=\"Ru\u0301ssia\" class=\"wp-image-2431\"\/><\/figure>\n","protected":false},"excerpt":{"rendered":"<p>Vers\u00e3o para impress\u00e3o: O Grande Eu Sou \u00c9 Rejeitado \u201cVeio para o que era seu, e os seus n\u00e3o o receberam.\u201dJo\u00e3o 1:11 O grande Eu Sou \u00e9 rejeitado porque, no cora\u00e7\u00e3o de muitos, falta o amor de Deus e, entre a aprova\u00e7\u00e3o divina e a aprova\u00e7\u00e3o humana, preferem a dos homens (Jo\u00e3o 5:42,44). Fazem de&#8230;<\/p>\n","protected":false},"author":1,"featured_media":0,"comment_status":"open","ping_status":"open","sticky":false,"template":"","format":"standard","meta":{"footnotes":""},"categories":[4],"tags":[],"_links":{"self":[{"href":"https:\/\/3ipt.org.br\/site\/wp-json\/wp\/v2\/posts\/4780"}],"collection":[{"href":"https:\/\/3ipt.org.br\/site\/wp-json\/wp\/v2\/posts"}],"about":[{"href":"https:\/\/3ipt.org.br\/site\/wp-json\/wp\/v2\/types\/post"}],"author":[{"embeddable":true,"href":"https:\/\/3ipt.org.br\/site\/wp-json\/wp\/v2\/users\/1"}],"replies":[{"embeddable":true,"href":"https:\/\/3ipt.org.br\/site\/wp-json\/wp\/v2\/comments?post=4780"}],"version-history":[{"count":1,"href":"https:\/\/3ipt.org.br\/site\/wp-json\/wp\/v2\/posts\/4780\/revisions"}],"predecessor-version":[{"id":4782,"href":"https:\/\/3ipt.org.br\/site\/wp-json\/wp\/v2\/posts\/4780\/revisions\/4782"}],"wp:attachment":[{"href":"https:\/\/3ipt.org.br\/site\/wp-json\/wp\/v2\/media?parent=4780"}],"wp:term":[{"taxonomy":"category","embeddable":true,"href":"https:\/\/3ipt.org.br\/site\/wp-json\/wp\/v2\/categories?post=4780"},{"taxonomy":"post_tag","embeddable":true,"href":"https:\/\/3ipt.org.br\/site\/wp-json\/wp\/v2\/tags?post=4780"}],"curies":[{"name":"wp","href":"https:\/\/api.w.org\/{rel}","templated":true}]}}