{"id":4787,"date":"2025-12-14T08:00:00","date_gmt":"2025-12-14T11:00:00","guid":{"rendered":"https:\/\/3ipt.org.br\/site\/?p=4787"},"modified":"2025-12-14T08:07:20","modified_gmt":"2025-12-14T11:07:20","slug":"boletim-informativo-no-50-2025","status":"publish","type":"post","link":"https:\/\/3ipt.org.br\/site\/boletim\/boletim-informativo-no-50-2025\/","title":{"rendered":"Boletim Informativo n\u00ba 50\/2025"},"content":{"rendered":"\nVers\u00e3o para impress\u00e3o: <a href=\"https:\/\/3ipt.org.br\/site\/wp-content\/uploads\/2025\/12\/Boletim-50-2025-print.pdf\"><img loading=\"lazy\" decoding=\"async\" class=\"alignleft wp-image-60\" src=\"http:\/\/3ipt.org.br\/site\/wp-content\/uploads\/2018\/09\/baseline_picture_as_pdf_black_18dp.png\" alt=\"pdf logo\" width=\"24\" height=\"24\"><\/a>\n\n\n\n<h2 class=\"wp-block-heading\">O Grande Eu Sou e os Pecados do Mundo<\/h2>\n\n\n\n<blockquote class=\"wp-block-quote is-layout-flow wp-block-quote-is-layout-flow\">\n<p>\u201cEis o Cordeiro de Deus, que tira o pecado do mundo!\u201d<br>Jo\u00e3o 1:29<\/p>\n<\/blockquote>\n\n\n\n<p>H\u00e1 quase vinte anos, ganhei uma linda camisa. Cortei um cacho de bananas usando-a, com os devidos cuidados para evitar n\u00f3doas. Mas, apesar do cuidado, quando a minha esposa foi lav\u00e1-la, correu ao meu encontro com ela, para me dizer com desgosto: \u201cVoc\u00ea p\u00f4s n\u00f3doa na sua camisa, Z\u00e9! E \u00e9 n\u00f3doa de bananeira!\u201d E talvez pelo aborrecimento da ocasi\u00e3o, ela usou palavras que n\u00e3o fazem parte do vocabul\u00e1rio do povo protestante: \u201cIsso n\u00e3o sai nem com reza brava!\u201d Realmente, a n\u00f3doa de bananeira \u00e9 terr\u00edvel. Trago este fato \u00e0 mem\u00f3ria para dizer que, mesmo que o pecado de uma pessoa seja como \u201cn\u00f3doa de bananeira\u201d, o sangue de Jesus tem poder para tirar. O poderoso carmesim que jorrou do Calv\u00e1rio remove, elimina, deixando tudo branco como a neve! \u201cAinda que os vossos pecados sejam como a escarlata, eles se tornar\u00e3o brancos como a neve; ainda que sejam vermelhos como o carmesim, se tornar\u00e3o como a l\u00e3\u201d (Isa\u00edas 1:18). Muitos pecadores perdem a salva\u00e7\u00e3o por n\u00e3o crerem no poder do sangue de Jesus, n\u00e3o creem para serem perdoados (Salmos 51:1-5). E \u00e9 essa incredulidade que mant\u00e9m o pecador afastado do Deus vivo. \u201cAcheguemo-nos, portanto, confiadamente, junto ao trono da gra\u00e7a, a fim de recebermos miseric\u00f3rdia e acharmos gra\u00e7a para socorro em ocasi\u00e3o oportuna,\u201d pois \u201co sangue de Jesus nos purifica de todo pecado\u201d (Hebreus 4:16 e 1 Jo\u00e3o 1:7). Quando chegarmos a Jo\u00e3o 19, falaremos mais sobre esse \u201clavar regenerador\u201d do sangue de Jesus, que \u201cnos lavou para remover nossos pecados\u201d (Tito 3:5, NVT). Essa verdade nos lembra que o Senhor n\u00e3o apenas perdoa, mas justifica o pecador, declarando-o justo diante dEle pela f\u00e9 no sacrif\u00edcio substitutivo de Cristo. Como ensina a Confiss\u00e3o de F\u00e9 de Westminster, somos justificados \u201cn\u00e3o por alguma coisa que haja em n\u00f3s ou que por n\u00f3s seja feita, mas unicamente pela obedi\u00eancia e morte de Cristo, que nos s\u00e3o imputadas ao crermos\u201d. Assim, o mesmo sangue que lava a culpa tamb\u00e9m nos reconcilia plenamente com o Pai, restaurando a comunh\u00e3o perdida pelo pecado e nos dando acesso livre \u00e0 Sua presen\u00e7a. Que esta gra\u00e7a nos impulsione a viver em gratid\u00e3o, abandonando toda confian\u00e7a em m\u00e9ritos pr\u00f3prios e descansando unicamente no Cordeiro de Deus que, uma vez por todas, tirou o pecado do mundo.<\/p>\n\n\n\n<p><em>Com amor,<br>Reverendo Jos\u00e9 Loures Rosa<\/em><\/p>\n\n\n\n<p><strong>Nossa Agenda<br><em>Ter\u00e7a-feira \u2013 Ora\u00e7\u00e3o<\/em><\/strong><\/p>\n\n\n\n<p>Por que n\u00e3o?!!! A igreja est\u00e1 aberta e todos os crentes convocados para meia hora de ora\u00e7\u00e3o das 19h30 \u00e0s 20h00 nas ter\u00e7as-feiras em uma reuni\u00e3o privada, que n\u00e3o \u00e9 transmitida nem gravada. Mantenha-se em ora\u00e7\u00e3o pelas tratativas a respeito do col\u00e9gio Simonton. Venha orar tamb\u00e9m intercedendo ao Senhor por miseric\u00f3rdia pela nossa na\u00e7\u00e3o, freando a iniquidade e punindo tantas injusti\u00e7as que vemos praticadas todos os dias. Tamb\u00e9m pedimos a Deus que d\u00ea sabedoria e vigor para as lideran\u00e7as da igreja tanto em suas a\u00e7\u00f5es internas quanto na sociedade. Intercedemos pelos irm\u00e3os, amigos e familiares que est\u00e3o enfrentando problemas ou est\u00e3o fracos na f\u00e9. Tamb\u00e9m \u00e9 muito importante orar pela lideran\u00e7a da igreja, pastor, presb\u00edteros, di\u00e1conos, sociedades e departamentos.<br>Oramos pelos enfermos para que Deus os cure e pelos seus familiares para que Deus lhes sustente durante o per\u00edodo de tratamento. De forma especial oremos pela sa\u00fade das irm\u00e3s Sueli, \u00c1urea, Irany, Ant\u00f4nia Mendes (m\u00e3e do pastor), Amanda (prima da Ver\u00f4nica) e os irm\u00e3os Miguel, Alaor e presb\u00edtero Nivaldo. Em nossas reuni\u00f5es tamb\u00e9m aproveitamos para suplicar a Deus por dire\u00e7\u00e3o para nossos projetos pessoais e da igreja.<br>Se voc\u00ea tem algum pedido de ora\u00e7\u00e3o pode mandar via WhatsApp para o n\u00famero (61) 99107-8708 ou pode preencher o cart\u00e3o que se encontra na mesinha na entrada da igreja. Mesmo que voc\u00ea n\u00e3o possa comparecer oraremos por voc\u00ea e pelo seu pedido.<br>S\u00f3 meia hora de ora\u00e7\u00e3o. E \u00e9 pouco! Tem sido t\u00e3o aben\u00e7oador que meia hora est\u00e1 come\u00e7ando a ser insuficiente.<\/p>\n\n\n\n<p><strong><em>Ter\u00e7a-feira \u2013 Estudo B\u00edblico<\/em><\/strong><\/p>\n\n\n\n<p>Caso n\u00e3o consiga comparecer ao per\u00edodo de ora\u00e7\u00e3o voc\u00ea pode chegar \u00e0s 20h00 para o estudo b\u00edblico.<br>A partir das 20h00 estudo b\u00edblico. No m\u00eas de novembro estudaremos a \u00faltima parte dos nossos estudos na doutrina da elei\u00e7\u00e3o, e trataremos da nossa identidade em Cristo com transmiss\u00e3o ao vivo em nosso canal no YouTube (voc\u00ea pode pedir a apostila completa em formato digital pelo e-mail <a href=\"mailto:marthon@gmail.com\">marthon@gmail.com<\/a>). Assista, fa\u00e7a sua inscri\u00e7\u00e3o no canal e divulgue para conseguir pelo menos mais uma inscri\u00e7\u00e3o. Retornaremos com os estudos no Breve Catecismo em janeiro.<\/p>\n\n\n\n<p><strong><em>Quinta-feira<\/em><\/strong><\/p>\n\n\n\n<p>A partir das 20h00, sempre que h\u00e1 disponibilidade de resid\u00eancia, a igreja se re\u00fane nas casas dos irm\u00e3os, seguindo o exemplo da igreja primitiva (Atos 2:46; 10:22; 16:15; 16:34) para Edifica\u00e7\u00e3o, Comunh\u00e3o e Ora\u00e7\u00e3o. Aguardamos a disponibilidade dos irm\u00e3os para nos receber em sua casa.<br>Aten\u00e7\u00e3o: A partir de novembro, todas as primeiras quintas-feiras de cada m\u00eas ser\u00e1 na casa dos irm\u00e3os D\u00eanis e Shirley. Excepcionalmente no m\u00eas de janeiro ser\u00e1 na segunda quinta-feira.<\/p>\n\n\n\n<p><strong><em>Domingo<\/em><\/strong><\/p>\n\n\n\n<p>\u00c0s 9h00 Escola B\u00edblica tendo como tema \u201cUma Abordagem B\u00edblica da Encarna\u00e7\u00e3o do Redentor \u2013 Parte II\u201d.<br>\u00c0s 18h30 Culto Solene ao Senhor, com adora\u00e7\u00e3o, dedica\u00e7\u00e3o pessoal e edifica\u00e7\u00e3o \u00e0 luz das Escrituras tendo como porta-voz da mensagem o reverendo Marthon Mendes baseado em 1 Tessalonicenses 5:12-21: Gratid\u00e3o e Alegria em uma Vida de Ora\u00e7\u00e3o.<br>Prepare-se para o culto com anteced\u00eancia. Ore ao Senhor pedindo para Ele falar ao seu cora\u00e7\u00e3o atrav\u00e9s da leitura da Palavra, c\u00e2nticos, nas ora\u00e7\u00f5es e pela prega\u00e7\u00e3o. Arranje a sua agenda, se prepare para sair de casa com anteced\u00eancia e tempo suficiente para chegar na igreja pelo menos 10 minutos antes, cumprimente seus irm\u00e3os e acomode-se com uma ora\u00e7\u00e3o de dedica\u00e7\u00e3o antes de come\u00e7ar o culto.<br>No pr\u00f3ximo domingo teremos o privil\u00e9gio de ter conosco o reverendo Jos\u00e9 Loures.<\/p>\n\n\n\n<p><strong>D\u00edzimos e Ofertas<\/strong><\/p>\n\n\n\n<p>Em Deuteron\u00f4mio 14:22-25 a B\u00edblia ensina que o d\u00edzimo \u00e9 uma demonstra\u00e7\u00e3o de gratid\u00e3o pelas b\u00ean\u00e7\u00e3os que Deus deu e uma prova de fidelidade por devolver o que \u00e9 devido ao Senhor. Para entregar seus d\u00edzimos e ofertas via PIX especifique o que \u00e9 d\u00edzimo e o que \u00e9 oferta utilizando o CNPJ da igreja 00.574.079\/0001-64. Para ofertas especiais, como doa\u00e7\u00f5es para novos projetos da igreja fa\u00e7a seu dep\u00f3sito no Banco Santander, ag\u00eancia 3328, Conta Corrente 13000174-8. Quando voc\u00ea identifica sua transfer\u00eancia voc\u00ea ajuda o presb\u00edtero Jan, nosso tesoureiro, a fazer o relat\u00f3rio financeiro da igreja.<\/p>\n\n\n\n<p><strong>Doa\u00e7\u00f5es<\/strong><\/p>\n\n\n\n<p>Voc\u00ea pode doar a qualquer tempo, mas a Junta Diaconal orienta os irm\u00e3os que fazem doa\u00e7\u00f5es para as cestas b\u00e1sicas a trazerem sua oferta at\u00e9 o dia 15 de cada m\u00eas. As doa\u00e7\u00f5es podem ser entregues aos di\u00e1conos de plant\u00e3o ou deixadas no local indicado. Se voc\u00ea quiser participar da b\u00ean\u00e7\u00e3o de contribuir, fale com um dos nossos di\u00e1conos.<\/p>\n\n\n\n<p><strong>Projetos<\/strong><\/p>\n\n\n\n<p>Voc\u00ea ainda pode participar dos projetos com suas doa\u00e7\u00f5es. Para saber como procure o presb\u00edtero Jan Uilles ou o presb\u00edtero Roberto Vieira. Sua participa\u00e7\u00e3o e contribui\u00e7\u00e3o \u00e9 muito importante. Lembre-se do que ensina a Palavra de Deus: cada um contribua segundo tiver proposto no cora\u00e7\u00e3o, n\u00e3o por tristeza ou necessidade porque Deus ama ao que d\u00e1 com alegria!<\/p>\n\n\n\n<p><strong>Catecismo Maior de Westminster<\/strong><\/p>\n\n\n\n<ol start=\"192\">\n<li>Que aprendemos do terceiro pedido? O terceiro pedido (\u201cVenha o teu reino\u201d) nos ensina a orar para que o reino de Satan\u00e1s seja destru\u00eddo, e que o reino de gra\u00e7a seja promovido em n\u00f3s e em outros, e aperfei\u00e7oado neles, e que o reino de gl\u00f3ria seja apressado. Salmos 68:1,18; 2 Tessalonicenses 3:1; Romanos 10:1; Jo\u00e3o 17:9,20; Apocalipse 22:20.<\/li>\n<\/ol>\n\n\n\n<p><strong>Uni\u00e3o Presbiteriana de Adolescentes<\/strong><\/p>\n\n\n\n<p>Inscri\u00e7\u00f5es encerradas para o NAUPA 2026 (Encontro Nacional de Adolescentes). Ser\u00e1 entre os dias 29 de janeiro e 1\u00ba de fevereiro de 2026 na Est\u00e2ncia \u00c1rvore da Vida, em Sumar\u00e9, SP. N\u00e3o perca esta oportunidade. J\u00e1 est\u00e1 sendo organizada caravana de \u00f4nibus saindo de Bras\u00edlia.<\/p>\n\n\n\n<p><strong>Novos Membros<\/strong><\/p>\n\n\n\n<p>Se voc\u00ea desejar fazer da nossa igreja a sua igreja, com todos os privil\u00e9gios que os membros possuem, voc\u00ea ser\u00e1 muito bem-vindo. Torne-se membro de nossa igreja. Para saber mais fale com um dos presb\u00edteros ou com o pastor. Todas as classes retornam ao funcionamento normal, inclusive a classe de Discipulado [para aqueles irm\u00e3os que est\u00e3o chegando de igrejas n\u00e3o presbiterianas] e Catecumenato [para aqueles que ainda n\u00e3o foram batizados e professaram publicamente a sua f\u00e9] destinada aos candidatos a novos membros, no mesmo hor\u00e1rio da Escola B\u00edblica. Professores presb\u00edtero Jorge Marques e Thiago Marques.<\/p>\n\n\n\n<p><strong>Agenda Especial de Final de Ano<\/strong><\/p>\n\n\n\n<p>Por ocasi\u00e3o das festividades de final de ano a reuni\u00e3o de dia 23\/12, ter\u00e7a-feira [ora\u00e7\u00e3o e doutrina] fica suspensa para realiza\u00e7\u00e3o de culto ao Senhor celebrando a encarna\u00e7\u00e3o do Redentor na quarta-feira, 24 de dezembro, a partir das 20h00.<br>A reuni\u00e3o da ter\u00e7a-feira subsequente, 30\/12, tamb\u00e9m n\u00e3o ocorrer\u00e1, mas haver\u00e1 culto de gratid\u00e3o ao Senhor por mais um ano findo, a partir das 20h00 no dia 31\/12.<\/p>\n\n\n\n<p><strong>Col\u00e9gio Presbiteriano Simonton<\/strong><\/p>\n\n\n\n<p>Voc\u00ea j\u00e1 fez a matr\u00edcula de seu filho, sobrinho ou neto no Simonton? Se voc\u00ea tem algum conhecido que tenha crian\u00e7a em idade de estudar no Simonton, divulgue nossa escola. Este ano temos novidades: Maternal e Ber\u00e7\u00e1rio. Isso mesmo \u2013 do ber\u00e7\u00e1rio at\u00e9 o 9\u00ba ano.<\/p>\n\n\n\n<p><strong>Escala da Junta Diaconal<\/strong><\/p>\n\n\n\n<ul>\n<li>14\/12 Domingo: Samuel e Edmar<\/li>\n\n\n\n<li>16\/12 Ter\u00e7a: Manoel e D\u00eanis<\/li>\n\n\n\n<li>18\/12 Quinta: Raphael<\/li>\n<\/ul>\n\n\n\n<p><strong>Liturgia do Culto Noturno<br><em>Liturgo: Presb\u00edtero Henrique Marques<\/em><\/strong><\/p>\n\n\n\n<ul>\n<li>Leitura b\u00edblica \u2013 Deuteron\u00f4mio 4.32-40<\/li>\n\n\n\n<li>Ora\u00e7\u00e3o de invoca\u00e7\u00e3o<\/li>\n\n\n\n<li>Leitura b\u00edblica \u2013 Salmo 96<\/li>\n\n\n\n<li>Louvor \u2013 Hino 17<\/li>\n\n\n\n<li>Leitura b\u00edblia \u2013 Deuteron\u00f4mio 4.10\u201324<\/li>\n\n\n\n<li>Ora\u00e7\u00e3o de contri\u00e7\u00e3o (confiss\u00e3o de pecados)<\/li>\n\n\n\n<li>Louvor \u2013 Hino 130<\/li>\n\n\n\n<li>Leitura b\u00edblia \u2013 Deuteron\u00f4mio 4.25\u201331<\/li>\n\n\n\n<li>Ora\u00e7\u00e3o intercess\u00f3ria \u2013 pastorais<\/li>\n\n\n\n<li>Oportunidade para o Grupo de Louvor e recolhimento de d\u00edzimos e ofertas<\/li>\n\n\n\n<li>Ora\u00e7\u00e3o de gratid\u00e3o pelos d\u00edzimos, ofertas e crian\u00e7as<\/li>\n\n\n\n<li>Prega\u00e7\u00e3o: Reverendo Marthon Mendes<\/li>\n\n\n\n<li>Ora\u00e7\u00e3o final e b\u00ean\u00e7\u00e3o apost\u00f3lica<\/li>\n\n\n\n<li>Posl\u00fadio e avisos<\/li>\n<\/ul>\n\n\n\n<p><strong>Aniversariantes (14\/12 a 20\/12)<\/strong><\/p>\n\n\n\n<p>14\/12 Paula e Tiago (cas.)<br>18\/12 Andre Luis de Castro Marques<br>18\/12 Nair Martins da Silva<br>20\/12 Maria do Carmo e Renato (cas.)<\/p>\n\n\n\n<p>Faltou o seu nome? Se voc\u00ea \u00e9 membro da igreja e deseja que nos alegremos com voc\u00ea, por gentileza, atualize seu cadastro.<\/p>\n\n\n\n<p><strong>Visitantes<\/strong><\/p>\n\n\n\n<p>Sua presen\u00e7a em nossa igreja \u00e9 motivo de grande alegria, e desejamos que assim como fomos aben\u00e7oados com sua visita, sua presen\u00e7a em nosso meio tenha sido uma alegre colheita de b\u00ean\u00e7\u00e3os espirituais. Desejamos que voc\u00ea desfrute da comunh\u00e3o com Deus e da nossa comunh\u00e3o. Que o Senhor te aben\u00e7oe ricamente. Queremos retribuir sua visita assim que poss\u00edvel. Nos informe quando for poss\u00edvel e teremos prazer em visitar voc\u00ea e sua fam\u00edlia.<\/p>\n\n\n\n<p><strong>Pa\u00eds de Ora\u00e7\u00e3o da Semana: San Marino<\/strong><\/p>\n\n\n\n<p>San Marino, a mais antiga rep\u00fablica do mundo, com cerca de 34 mil habitantes, \u00e9 uma na\u00e7\u00e3o predominantemente crist\u00e3, com mais de 91% da popula\u00e7\u00e3o identificada como cat\u00f3lica romana, presen\u00e7a de pequenas comunidades valdenses (de tradi\u00e7\u00e3o reformada) e outros grupos minorit\u00e1rios. H\u00e1 plena liberdade religiosa, sem persegui\u00e7\u00e3o significativa, e s\u00edmbolos cat\u00f3licos s\u00e3o comuns em edif\u00edcios p\u00fablicos. Apesar da heran\u00e7a crist\u00e3 hist\u00f3rica \u2013 fundada por S\u00e3o Marinho como ref\u00fagio de persegui\u00e7\u00e3o no s\u00e9culo IV \u2013, muitos vivem um cristianismo nominal, influenciado pelo secularismo, materialismo e agnosticismo crescente (cerca de 7%). Ore para que o Senhor desperte verdadeiro reavivamento, fortale\u00e7a as igrejas fi\u00e9is \u00e0s Escrituras, especialmente as de tradi\u00e7\u00e3o reformada, conceda sabedoria aos l\u00edderes para combater o nominalismo e o secularismo, e use os crist\u00e3os para evangelizar com ousadia, promovendo f\u00e9 genu\u00edna e impacto transformador na sociedade.<br><em>Fontes: US Dep. of State, Wikipedia, PrayerCast, Operation World<\/em><\/p>\n\n\n\n<figure class=\"wp-block-image size-full\"><img loading=\"lazy\" decoding=\"async\" width=\"113\" height=\"89\" src=\"https:\/\/3ipt.org.br\/site\/wp-content\/uploads\/2018\/10\/san_marino.jpg\" alt=\"San Marino\" class=\"wp-image-437\"\/><\/figure>\n","protected":false},"excerpt":{"rendered":"<p>Vers\u00e3o para impress\u00e3o: O Grande Eu Sou e os Pecados do Mundo \u201cEis o Cordeiro de Deus, que tira o pecado do mundo!\u201dJo\u00e3o 1:29 H\u00e1 quase vinte anos, ganhei uma linda camisa. Cortei um cacho de bananas usando-a, com os devidos cuidados para evitar n\u00f3doas. Mas, apesar do cuidado, quando a minha esposa foi lav\u00e1-la,&#8230;<\/p>\n","protected":false},"author":1,"featured_media":0,"comment_status":"open","ping_status":"open","sticky":false,"template":"","format":"standard","meta":{"footnotes":""},"categories":[4],"tags":[],"_links":{"self":[{"href":"https:\/\/3ipt.org.br\/site\/wp-json\/wp\/v2\/posts\/4787"}],"collection":[{"href":"https:\/\/3ipt.org.br\/site\/wp-json\/wp\/v2\/posts"}],"about":[{"href":"https:\/\/3ipt.org.br\/site\/wp-json\/wp\/v2\/types\/post"}],"author":[{"embeddable":true,"href":"https:\/\/3ipt.org.br\/site\/wp-json\/wp\/v2\/users\/1"}],"replies":[{"embeddable":true,"href":"https:\/\/3ipt.org.br\/site\/wp-json\/wp\/v2\/comments?post=4787"}],"version-history":[{"count":2,"href":"https:\/\/3ipt.org.br\/site\/wp-json\/wp\/v2\/posts\/4787\/revisions"}],"predecessor-version":[{"id":4790,"href":"https:\/\/3ipt.org.br\/site\/wp-json\/wp\/v2\/posts\/4787\/revisions\/4790"}],"wp:attachment":[{"href":"https:\/\/3ipt.org.br\/site\/wp-json\/wp\/v2\/media?parent=4787"}],"wp:term":[{"taxonomy":"category","embeddable":true,"href":"https:\/\/3ipt.org.br\/site\/wp-json\/wp\/v2\/categories?post=4787"},{"taxonomy":"post_tag","embeddable":true,"href":"https:\/\/3ipt.org.br\/site\/wp-json\/wp\/v2\/tags?post=4787"}],"curies":[{"name":"wp","href":"https:\/\/api.w.org\/{rel}","templated":true}]}}