{"id":4792,"date":"2025-12-21T08:00:00","date_gmt":"2025-12-21T11:00:00","guid":{"rendered":"https:\/\/3ipt.org.br\/site\/?p=4792"},"modified":"2025-12-20T19:21:08","modified_gmt":"2025-12-20T22:21:08","slug":"boletim-informativo-no-51-2025","status":"publish","type":"post","link":"https:\/\/3ipt.org.br\/site\/boletim\/boletim-informativo-no-51-2025\/","title":{"rendered":"Boletim Informativo n\u00ba 51\/2025"},"content":{"rendered":"\nVers\u00e3o para impress\u00e3o: <a href=\"https:\/\/3ipt.org.br\/site\/wp-content\/uploads\/2025\/12\/Boletim-51-2025-print.pdf\"><img loading=\"lazy\" decoding=\"async\" class=\"alignleft wp-image-60\" src=\"http:\/\/3ipt.org.br\/site\/wp-content\/uploads\/2018\/09\/baseline_picture_as_pdf_black_18dp.png\" alt=\"pdf logo\" width=\"24\" height=\"24\"><\/a>\n\n\n\n<h2 class=\"wp-block-heading\">A Luz do Natal<\/h2>\n\n\n\n<blockquote class=\"wp-block-quote is-layout-flow wp-block-quote-is-layout-flow\">\n<p>\u201cO povo que jazia em trevas viu grande luz, e aos que viviam na regi\u00e3o e sombra da morte resplandeceu-lhes a luz.\u201d<br>Mateus 4:16<\/p>\n<\/blockquote>\n\n\n\n<p>Quando um anjo do Senhor desceu at\u00e9 onde se encontravam os pastores para lhes anunciar as boas-novas do Natal de Jesus, \u201cboa-nova de grande alegria para todo o povo\u201d (Lucas 2:8-14), o evangelista relata que, junto com o aparecimento do anjo, \u201ca gl\u00f3ria do Senhor os cercou de luz\u201d (Lucas 2:9), e em algumas tradu\u00e7\u00f5es, \u201ca gl\u00f3ria do Senhor brilhou ao redor deles\u201d ou \u201cos envolveu em resplendor\u201d. Destaco dois textos que descrevem o intenso brilho do rosto do Cristo do Natal. O primeiro \u00e9 o testemunho do ap\u00f3stolo Paulo em sua vis\u00e3o de Cristo, a caminho de Damasco, quando, ao meio-dia, viu \u201cuma luz do c\u00e9u, mais brilhante que o sol, resplandecendo ao seu redor\u201d e ao de seus companheiros (Atos 26:13). O segundo \u00e9 a vis\u00e3o de Jesus glorificado que o ap\u00f3stolo Jo\u00e3o teve na ilha de Patmos, onde o rosto do Senhor \u201cbrilhava como o sol em todo o seu esplendor\u201d (Apocalipse 1:16). O Cristo do Natal \u201c\u00e9 luz, e nEle n\u00e3o h\u00e1 treva alguma\u201d (1 Jo\u00e3o 1:5). As trevas t\u00eam manifestado seu poder no mundo, pois Satan\u00e1s sabe \u201cque pouco tempo lhe resta\u201d e est\u00e1 \u201ccheio de grande c\u00f3lera\u201d (Apocalipse 12:12); essa c\u00f3lera se revela de formas variadas, por meio da maldade, corrup\u00e7\u00e3o e impressionante cegueira espiritual. Mas \u201cem todas estas coisas\u201d somos \u201cmais que vencedores\u201d por meio dAquele que nos amou (Romanos 8:37), pois, conforme as Escrituras, \u201ca luz resplandece nas trevas, e as trevas n\u00e3o a venceram\u201d (Jo\u00e3o 1:5). A grande vit\u00f3ria da vida consiste em andar na gloriosa luz do Cristo do Natal! Feliz Natal, queridos irm\u00e3os e irm\u00e3s. Feliz Natal com Jesus no barco da nossa vida.<\/p>\n\n\n\n<p><em>Com amor,<br>Reverendo Jos\u00e9 Loures Rosa<\/em><\/p>\n\n\n\n<p><strong>Nossa Agenda<br><em>Ter\u00e7a-feira \u2013 Ora\u00e7\u00e3o<\/em><\/strong><\/p>\n\n\n\n<p>Por que n\u00e3o?!!! A igreja est\u00e1 aberta e todos os crentes convocados para meia hora de ora\u00e7\u00e3o das 19h30 \u00e0s 20h00 nas ter\u00e7as-feiras em uma reuni\u00e3o privada, que n\u00e3o \u00e9 transmitida nem gravada. Mantenha-se em ora\u00e7\u00e3o pelas tratativas a respeito do col\u00e9gio Simonton. Venha orar tamb\u00e9m intercedendo ao Senhor por miseric\u00f3rdia pela nossa na\u00e7\u00e3o, freando a iniquidade e punindo tantas injusti\u00e7as que vemos praticadas todos os dias. Tamb\u00e9m pedimos a Deus que d\u00ea sabedoria e vigor para as lideran\u00e7as da igreja tanto em suas a\u00e7\u00f5es internas quanto na sociedade. Intercedemos pelos irm\u00e3os, amigos e familiares que est\u00e3o enfrentando problemas ou est\u00e3o fracos na f\u00e9. Tamb\u00e9m \u00e9 muito importante orar pela lideran\u00e7a da igreja, pastor, presb\u00edteros, di\u00e1conos, sociedades e departamentos.<br>Oramos pelos enfermos para que Deus os cure e pelos seus familiares para que Deus lhes sustente durante o per\u00edodo de tratamento. De forma especial oremos pela sa\u00fade das irm\u00e3s Sueli, \u00c1urea, Irany, Ant\u00f4nia Mendes (m\u00e3e do pastor), Amanda (prima da Ver\u00f4nica) e os irm\u00e3os Miguel, Alaor e presb\u00edtero Nivaldo. Em nossas reuni\u00f5es tamb\u00e9m aproveitamos para suplicar a Deus por dire\u00e7\u00e3o para nossos projetos pessoais e da igreja.<br>Se voc\u00ea tem algum pedido de ora\u00e7\u00e3o pode mandar via WhatsApp para o n\u00famero (61) 99107-8708 ou pode preencher o cart\u00e3o que se encontra na mesinha na entrada da igreja. Mesmo que voc\u00ea n\u00e3o possa comparecer oraremos por voc\u00ea e pelo seu pedido.<br>S\u00f3 meia hora de ora\u00e7\u00e3o. E \u00e9 pouco! Tem sido t\u00e3o aben\u00e7oador que meia hora est\u00e1 come\u00e7ando a ser insuficiente.<\/p>\n\n\n\n<p><strong><em>Ter\u00e7a-feira \u2013 Estudo B\u00edblico<\/em><\/strong><\/p>\n\n\n\n<p>Nesta ter\u00e7a-feira n\u00e3o teremos reuni\u00e3o de ora\u00e7\u00e3o ou estudo b\u00edblico. Nosso encontro de meio de semana ser\u00e1 na quarta-feira, 24\/dez, para celebrarmos o nascimento do nosso Senhor e Salvador, Jesus Cristo. O culto de a\u00e7\u00f5es de gra\u00e7as come\u00e7ar\u00e1 \u00e0s 20h00 com transmiss\u00e3o ao vivo em nosso canal no YouTube. Assista, fa\u00e7a sua inscri\u00e7\u00e3o no canal e divulgue para conseguir pelo menos mais uma inscri\u00e7\u00e3o. Retornaremos com os estudos no Breve Catecismo em janeiro.<\/p>\n\n\n\n<p><strong><em>Quinta-feira<\/em><\/strong><\/p>\n\n\n\n<p>A partir das 20h00, sempre que h\u00e1 disponibilidade de resid\u00eancia, a igreja se re\u00fane nas casas dos irm\u00e3os, seguindo o exemplo da igreja primitiva (Atos 2:46; 10:22; 16:15; 16:34) para Edifica\u00e7\u00e3o, Comunh\u00e3o e Ora\u00e7\u00e3o. Aguardamos a disponibilidade dos irm\u00e3os para nos receber em sua casa.<br>Aten\u00e7\u00e3o: A nossa primeira reuni\u00e3o em janeiro ser\u00e1 na casa dos irm\u00e3os D\u00eanis e Shirley, na segunda quinta-feira.<\/p>\n\n\n\n<p><strong><em>Domingo<\/em><\/strong><\/p>\n\n\n\n<p>\u00c0s 9h00 Escola B\u00edblica tendo como tema \u201cJesus, Nosso Salvador\u201d.<br>\u00c0s 18h30 Culto Solene ao Senhor, com adora\u00e7\u00e3o, dedica\u00e7\u00e3o pessoal e edifica\u00e7\u00e3o \u00e0 luz das Escrituras tendo como porta-voz da mensagem o reverendo Jos\u00e9 Loures e tamb\u00e9m ser\u00e1 apresentada uma cantata celebrando o nascimento do Senhor Jesus.<br>Prepare-se para o culto com anteced\u00eancia. Ore ao Senhor pedindo para Ele falar ao seu cora\u00e7\u00e3o atrav\u00e9s da leitura da Palavra, c\u00e2nticos, nas ora\u00e7\u00f5es e pela prega\u00e7\u00e3o. Arranje a sua agenda, se prepare para sair de casa com anteced\u00eancia e tempo suficiente para chegar na igreja pelo menos 10 minutos antes, cumprimente seus irm\u00e3os e acomode-se com uma ora\u00e7\u00e3o de dedica\u00e7\u00e3o antes de come\u00e7ar o culto.<\/p>\n\n\n\n<p><strong>D\u00edzimos e Ofertas<\/strong><\/p>\n\n\n\n<p>Em Deuteron\u00f4mio 14:22-25 a B\u00edblia ensina que o d\u00edzimo \u00e9 uma demonstra\u00e7\u00e3o de gratid\u00e3o pelas b\u00ean\u00e7\u00e3os que Deus deu e uma prova de fidelidade por devolver o que \u00e9 devido ao Senhor. Para entregar seus d\u00edzimos e ofertas via PIX especifique o que \u00e9 d\u00edzimo e o que \u00e9 oferta utilizando o CNPJ da igreja 00.574.079\/0001-64. Para ofertas especiais, como doa\u00e7\u00f5es para novos projetos da igreja fa\u00e7a seu dep\u00f3sito no Banco Santander, ag\u00eancia 3328, Conta Corrente 13000174-8. Quando voc\u00ea identifica sua transfer\u00eancia voc\u00ea ajuda o presb\u00edtero Jan, nosso tesoureiro, a fazer o relat\u00f3rio financeiro da igreja.<\/p>\n\n\n\n<p><strong>Doa\u00e7\u00f5es<\/strong><\/p>\n\n\n\n<p>Voc\u00ea pode doar a qualquer tempo, mas a Junta Diaconal orienta os irm\u00e3os que fazem doa\u00e7\u00f5es para as cestas b\u00e1sicas a trazerem sua oferta at\u00e9 o dia 15 de cada m\u00eas. As doa\u00e7\u00f5es podem ser entregues aos di\u00e1conos de plant\u00e3o ou deixadas no local indicado. Se voc\u00ea quiser participar da b\u00ean\u00e7\u00e3o de contribuir, fale com um dos nossos di\u00e1conos.<\/p>\n\n\n\n<p><strong>Projetos<\/strong><\/p>\n\n\n\n<p>Voc\u00ea ainda pode participar dos projetos com suas doa\u00e7\u00f5es. Para saber como procure o presb\u00edtero Jan Uilles ou o presb\u00edtero Roberto Vieira. Sua participa\u00e7\u00e3o e contribui\u00e7\u00e3o \u00e9 muito importante. Lembre-se do que ensina a Palavra de Deus: cada um contribua segundo tiver proposto no cora\u00e7\u00e3o, n\u00e3o por tristeza ou necessidade porque Deus ama ao que d\u00e1 com alegria!<\/p>\n\n\n\n<p><strong>Catecismo Maior de Westminster<\/strong><\/p>\n\n\n\n<ol start=\"193\">\n<li>Que nos ensina o quarto pedido? O quarto pedido (\u201cO p\u00e3o nosso de cada dia d\u00e1-nos hoje\u201d) nos ensina a depender de Deus para suprir todas as nossas necessidades corporais e espirituais, reconhecendo que dEle prov\u00eam todas as coisas boas, e a pedir com confian\u00e7a o sustento di\u00e1rio, contentando-nos com o que Ele prov\u00ea. Mateus 6:11; Salmos 145:15-16; Prov\u00e9rbios 30:8-9; Filipenses 4:19; 1 Tim\u00f3teo 4:4-5.<\/li>\n<\/ol>\n\n\n\n<p><strong>Uni\u00e3o Presbiteriana de Adolescentes<\/strong><\/p>\n\n\n\n<p>Inscri\u00e7\u00f5es encerradas para o NAUPA 2026 (Encontro Nacional de Adolescentes). Ser\u00e1 entre os dias 29 de janeiro e 1\u00ba de fevereiro de 2026 na Est\u00e2ncia \u00c1rvore da Vida, em Sumar\u00e9, SP. N\u00e3o perca esta oportunidade. J\u00e1 est\u00e1 sendo organizada caravana de \u00f4nibus saindo de Bras\u00edlia.<\/p>\n\n\n\n<p><strong>Visitantes<\/strong><\/p>\n\n\n\n<p>Sua presen\u00e7a em nossa igreja \u00e9 motivo de grande alegria, e desejamos que assim como fomos aben\u00e7oados com sua visita, sua presen\u00e7a em nosso meio tenha sido uma alegre colheita de b\u00ean\u00e7\u00e3os espirituais. Desejamos que voc\u00ea desfrute da comunh\u00e3o com Deus e da nossa comunh\u00e3o. Que o Senhor te aben\u00e7oe ricamente. Queremos retribuir sua visita assim que poss\u00edvel. Nos informe quando for poss\u00edvel e teremos prazer em visitar voc\u00ea e sua fam\u00edlia.<\/p>\n\n\n\n<p><strong>Novos Membros<\/strong><\/p>\n\n\n\n<p>Se voc\u00ea desejar fazer da nossa igreja a sua igreja, com todos os privil\u00e9gios que os membros possuem, voc\u00ea ser\u00e1 muito bem-vindo. Torne-se membro de nossa igreja. Para saber mais fale com um dos presb\u00edteros ou com o pastor. Todas as classes retornam ao funcionamento normal, inclusive a classe de Discipulado [para aqueles irm\u00e3os que est\u00e3o chegando de igrejas n\u00e3o presbiterianas] e Catecumenato [para aqueles que ainda n\u00e3o foram batizados e professaram publicamente a sua f\u00e9] destinada aos candidatos a novos membros, no mesmo hor\u00e1rio da Escola B\u00edblica. Professores presb\u00edtero Jorge Marques e Thiago Marques.<\/p>\n\n\n\n<p><strong>Agenda Especial de Final de Ano<\/strong><\/p>\n\n\n\n<p>Por ocasi\u00e3o das festividades de final de ano a reuni\u00e3o de dia 30\/12, ter\u00e7a-feira [ora\u00e7\u00e3o e doutrina] fica suspensa para realiza\u00e7\u00e3o de culto ao Senhor agradecendo pelo ano findo e pelo in\u00edcio de um novo ano no dia 31 de dezembro, a partir das 20h00.<\/p>\n\n\n\n<p><strong>Col\u00e9gio Presbiteriano Simonton<\/strong><\/p>\n\n\n\n<p>Voc\u00ea j\u00e1 fez a matr\u00edcula de seu filho, sobrinho ou neto no Simonton? Se voc\u00ea tem algum conhecido que tenha crian\u00e7a em idade de estudar no Simonton, divulgue nossa escola. Este ano temos novidades: Maternal e Ber\u00e7\u00e1rio. Isso mesmo \u2013 do ber\u00e7\u00e1rio at\u00e9 o 9\u00ba ano.<\/p>\n\n\n\n<p><strong>Escala da Junta Diaconal<\/strong><\/p>\n\n\n\n<ul>\n<li>14\/12 Domingo: Samuel e Edmar<\/li>\n\n\n\n<li>16\/12 Ter\u00e7a: Manoel e D\u00eanis<\/li>\n\n\n\n<li>18\/12 Quinta: Raphael<\/li>\n<\/ul>\n\n\n\n<p><strong>Liturgia do Culto Noturno<\/strong><\/p>\n\n\n\n<ul>\n<li>Leitura b\u00edblica un\u00edssona \u2013 Salmo 34.1-3<\/li>\n\n\n\n<li>Ora\u00e7\u00e3o de adora\u00e7\u00e3o<\/li>\n\n\n\n<li>Louvor \u2013 Hino 230<\/li>\n\n\n\n<li>Leitura b\u00edblia \u2013 Salmo 124.1-8<\/li>\n\n\n\n<li>Ora\u00e7\u00e3o de contri\u00e7\u00e3o (confiss\u00e3o de pecados)<\/li>\n\n\n\n<li>Ora\u00e7\u00e3o intercess\u00f3ria \u2013 pastorais<\/li>\n\n\n\n<li>Leitura b\u00edblia \u2013 Apocalipse 15.1-4<\/li>\n\n\n\n<li>Louvor \u2013 Hino 42<\/li>\n\n\n\n<li>Cantata<\/li>\n\n\n\n<li>Ora\u00e7\u00e3o de louvor e adora\u00e7\u00e3o<\/li>\n\n\n\n<li>Prega\u00e7\u00e3o: Reverendo Jos\u00e9 Loures Rosa<\/li>\n\n\n\n<li>Hino 299<\/li>\n\n\n\n<li>Ora\u00e7\u00e3o final e b\u00ean\u00e7\u00e3o apost\u00f3lica<\/li>\n\n\n\n<li>Posl\u00fadio e avisos<\/li>\n<\/ul>\n\n\n\n<p><strong>Aniversariantes (21\/12 a 27\/12)<\/strong><\/p>\n\n\n\n<p>N\u00e3o encontramos, em nossos registros, aniversariantes para esta semana. Faltou o seu nome? Se voc\u00ea \u00e9 membro da igreja e deseja que nos alegremos com voc\u00ea, por gentileza, atualize seu cadastro.<\/p>\n\n\n\n<p><strong>Pa\u00eds de Ora\u00e7\u00e3o da Semana: Santa L\u00facia<\/strong><\/p>\n\n\n\n<p>Santa L\u00facia, ilha caribenha com cerca de 180 mil habitantes, \u00e9 predominantemente crist\u00e3 (cerca de 96% da popula\u00e7\u00e3o), com maioria cat\u00f3lica romana (cerca de 78%) e minorias protestantes, incluindo pentecostais, adventistas e outras denomina\u00e7\u00f5es reformadas. H\u00e1 plena liberdade religiosa, sem persegui\u00e7\u00e3o significativa aos crist\u00e3os, e a f\u00e9 \u00e9 parte integral da cultura local. No entanto, muitos vivem um cristianismo nominal, influenciado pelo secularismo, turismo intenso e desafios sociais como pobreza e desemprego. Ore para que o Senhor desperte reavivamento genu\u00edno nas igrejas, fortale\u00e7a as comunidades fi\u00e9is \u00e0s Escrituras, especialmente as de tradi\u00e7\u00e3o reformada, conceda sabedoria aos l\u00edderes para discipular os fi\u00e9is e combater o nominalismo, e use os crist\u00e3os para evangelizar com ousadia, promovendo transforma\u00e7\u00e3o espiritual e social na na\u00e7\u00e3o.<br><em>Fontes: Joshua Project, Operation World, Wikipedia, Freedom House<\/em><\/p>\n\n\n\n<figure class=\"wp-block-image size-full\"><img loading=\"lazy\" decoding=\"async\" width=\"164\" height=\"89\" src=\"https:\/\/3ipt.org.br\/site\/wp-content\/uploads\/2018\/10\/santa_lucia.jpg\" alt=\"Santa L\u00facia\" class=\"wp-image-438\"\/><\/figure>\n","protected":false},"excerpt":{"rendered":"<p>Vers\u00e3o para impress\u00e3o: A Luz do Natal \u201cO povo que jazia em trevas viu grande luz, e aos que viviam na regi\u00e3o e sombra da morte resplandeceu-lhes a luz.\u201dMateus 4:16 Quando um anjo do Senhor desceu at\u00e9 onde se encontravam os pastores para lhes anunciar as boas-novas do Natal de Jesus, \u201cboa-nova de grande alegria&#8230;<\/p>\n","protected":false},"author":1,"featured_media":0,"comment_status":"open","ping_status":"open","sticky":false,"template":"","format":"standard","meta":{"footnotes":""},"categories":[4],"tags":[],"_links":{"self":[{"href":"https:\/\/3ipt.org.br\/site\/wp-json\/wp\/v2\/posts\/4792"}],"collection":[{"href":"https:\/\/3ipt.org.br\/site\/wp-json\/wp\/v2\/posts"}],"about":[{"href":"https:\/\/3ipt.org.br\/site\/wp-json\/wp\/v2\/types\/post"}],"author":[{"embeddable":true,"href":"https:\/\/3ipt.org.br\/site\/wp-json\/wp\/v2\/users\/1"}],"replies":[{"embeddable":true,"href":"https:\/\/3ipt.org.br\/site\/wp-json\/wp\/v2\/comments?post=4792"}],"version-history":[{"count":1,"href":"https:\/\/3ipt.org.br\/site\/wp-json\/wp\/v2\/posts\/4792\/revisions"}],"predecessor-version":[{"id":4795,"href":"https:\/\/3ipt.org.br\/site\/wp-json\/wp\/v2\/posts\/4792\/revisions\/4795"}],"wp:attachment":[{"href":"https:\/\/3ipt.org.br\/site\/wp-json\/wp\/v2\/media?parent=4792"}],"wp:term":[{"taxonomy":"category","embeddable":true,"href":"https:\/\/3ipt.org.br\/site\/wp-json\/wp\/v2\/categories?post=4792"},{"taxonomy":"post_tag","embeddable":true,"href":"https:\/\/3ipt.org.br\/site\/wp-json\/wp\/v2\/tags?post=4792"}],"curies":[{"name":"wp","href":"https:\/\/api.w.org\/{rel}","templated":true}]}}