{"id":4796,"date":"2025-12-28T08:00:00","date_gmt":"2025-12-28T11:00:00","guid":{"rendered":"https:\/\/3ipt.org.br\/site\/?p=4796"},"modified":"2025-12-27T12:33:38","modified_gmt":"2025-12-27T15:33:38","slug":"boletim-informativo-no-52-2025","status":"publish","type":"post","link":"https:\/\/3ipt.org.br\/site\/boletim\/boletim-informativo-no-52-2025\/","title":{"rendered":"Boletim Informativo n\u00ba 52\/2025"},"content":{"rendered":"\nVers\u00e3o para impress\u00e3o: <a href=\"https:\/\/3ipt.org.br\/site\/wp-content\/uploads\/2025\/12\/Boletim-52-2025-print.pdf\"><img loading=\"lazy\" decoding=\"async\" class=\"alignleft wp-image-60\" src=\"http:\/\/3ipt.org.br\/site\/wp-content\/uploads\/2018\/09\/baseline_picture_as_pdf_black_18dp.png\" alt=\"pdf logo\" width=\"24\" height=\"24\"><\/a>\n\n\n\n<h2 class=\"wp-block-heading\">Jesus, o Bom Pastor, Conhece as Suas Ovelhas<\/h2>\n\n\n\n<blockquote class=\"wp-block-quote is-layout-flow wp-block-quote-is-layout-flow\">\n<p>\u201cEu sou o bom pastor; conhe\u00e7o as minhas ovelhas.\u201d<br>Jo\u00e3o 10:14<\/p>\n<\/blockquote>\n\n\n\n<p>Jesus, o bom Pastor, conhece as suas ovelhas. Ao meditar sobre os textos de Daniel 12:1, Mateus 24:21 e 2 Tim\u00f3teo 3:1-5, sinto-me impulsionado a duas atitudes: buscar a sabedoria de Deus para nos encorajarmos mutuamente e orar fervorosamente em favor de todos aqueles que amo com toda a for\u00e7a do meu cora\u00e7\u00e3o e da minha alma, para que nada, absolutamente nada, os afaste dos caminhos do bom Pastor. Vamos orar?! Eu sei que voc\u00ea sabe, e sabe muito bem, que qualquer que seja a situa\u00e7\u00e3o religiosa, pol\u00edtica ou jur\u00eddica do nosso pa\u00eds, \u201co Senhor conhece os que lhe pertencem\u201d (2 Tim\u00f3teo 2:19), tem b\u00ean\u00e7\u00e3os para todos aqueles que t\u00eam um relacionamento de f\u00e9 com Ele, e nada, absolutamente nada, pode separar voc\u00ea \u201cdo amor de Deus, que est\u00e1 em Cristo Jesus, nosso Senhor\u201d (Romanos 8:39). H\u00e1 muitas pessoas que ignoram os ensinos b\u00edblicos sobre os \u00faltimos acontecimentos, das coisas que devem acontecer antes do fim (escatologia). Uns ignoram por analfabetismo b\u00edblico, outros por uma suposta, e talvez perigosa, conveni\u00eancia. N\u00e3o adianta ignorar, pois os \u00faltimos acontecimentos nos mostram que o fim est\u00e1 muito pr\u00f3ximo e h\u00e1 uma grande tribula\u00e7\u00e3o \u00e0 nossa frente, e n\u00e3o est\u00e1 muito distante. Estejamos preparados, meus amigos; vivamos em amor, estudemos sistematicamente as Escrituras e cres\u00e7amos na gra\u00e7a e no conhecimento de Deus. Na tradi\u00e7\u00e3o reformada da Igreja Presbiteriana do Brasil, somos exortados a manter uma esperan\u00e7a escatol\u00f3gica b\u00edblica, ancorada na soberania divina, que nos assegura a vit\u00f3ria final de Cristo sobre todo mal. Que o Esp\u00edrito Santo nos capacite a discernir os sinais dos tempos, a fortalecer a f\u00e9 da nossa congrega\u00e7\u00e3o e a testemunhar com ousadia o Evangelho eterno, preparando-nos n\u00e3o apenas para as dificuldades, mas para a gl\u00f3ria da segunda vinda do Senhor. Assim, prossigamos unidos em ora\u00e7\u00e3o e estudo, confiantes na promessa fiel dEle. \u201cConhe\u00e7amos e prossigamos em conhecer ao Senhor; como a alva, a sua vinda \u00e9 certa; e ele descer\u00e1 sobre n\u00f3s como a chuva, como chuva ser\u00f4dia que rega a terra\u201d (Oseias 6:3).<\/p>\n\n\n\n<p><em>Com amor,<br>Reverendo Jos\u00e9 Loures Rosa<\/em><\/p>\n\n\n\n<p><strong>Nossa Agenda<br><em>Ter\u00e7a-feira \u2013 Ora\u00e7\u00e3o<\/em><\/strong><\/p>\n\n\n\n<p>Um novo ano \u2013 a mesma f\u00e9 e o mesmo Deus.<br>A igreja est\u00e1 aberta e todos os crentes convocados para meia hora de ora\u00e7\u00e3o das 19h30 \u00e0s 20h00 nas ter\u00e7as-feiras em uma reuni\u00e3o privada, que n\u00e3o \u00e9 transmitida nem gravada. Mantenha-se em ora\u00e7\u00e3o pelas tratativas a respeito do col\u00e9gio Simonton. Venha orar tamb\u00e9m intercedendo ao Senhor por miseric\u00f3rdia pela nossa na\u00e7\u00e3o, freando a iniquidade e punindo tantas injusti\u00e7as que vemos praticadas todos os dias. Tamb\u00e9m pedimos a Deus que d\u00ea sabedoria e vigor para as lideran\u00e7as da igreja tanto em suas a\u00e7\u00f5es internas quanto na sociedade. Intercedemos pelos irm\u00e3os, amigos e familiares que est\u00e3o enfrentando problemas ou est\u00e3o fracos na f\u00e9. Tamb\u00e9m \u00e9 muito importante orar pela lideran\u00e7a da igreja, pastor, presb\u00edteros, di\u00e1conos, sociedades e departamentos.<br>Oramos pelos enfermos para que Deus os cure e pelos seus familiares para que Deus lhes sustente durante o per\u00edodo de tratamento. De forma especial oremos pela sa\u00fade das irm\u00e3s Sueli, \u00c1urea, Irany, Ant\u00f4nia Mendes (m\u00e3e do pastor), e os irm\u00e3os Miguel, Alaor e presb\u00edtero Nivaldo. Em nossas reuni\u00f5es tamb\u00e9m aproveitamos para suplicar a Deus por dire\u00e7\u00e3o para nossos projetos pessoais e da igreja.<br>Se voc\u00ea tem algum pedido de ora\u00e7\u00e3o pode mandar via WhatsApp para o n\u00famero (61) 99107-8708 ou pode preencher o cart\u00e3o que se encontra na mesinha na entrada da igreja. Mesmo que voc\u00ea n\u00e3o possa comparecer oraremos por voc\u00ea e pelo seu pedido.<br>S\u00f3 meia hora de ora\u00e7\u00e3o. E \u00e9 pouco! Tem sido t\u00e3o aben\u00e7oador que meia hora est\u00e1 come\u00e7ando a ser insuficiente.<\/p>\n\n\n\n<p><strong><em>Ter\u00e7a-feira \u2013 Estudo B\u00edblico<\/em><\/strong><\/p>\n\n\n\n<p>Nesta ter\u00e7a-feira n\u00e3o teremos reuni\u00e3o de ora\u00e7\u00e3o ou estudo b\u00edblico. Nosso encontro de meio de semana ser\u00e1 na quarta-feira, 24\/dez, para celebrarmos o nascimento do nosso Senhor e Salvador, Jesus Cristo. O culto de a\u00e7\u00f5es de gra\u00e7as come\u00e7ar\u00e1 \u00e0s 20h00 com transmiss\u00e3o ao vivo em nosso canal no YouTube. Assista, fa\u00e7a sua inscri\u00e7\u00e3o no canal e divulgue para conseguir pelo menos mais uma inscri\u00e7\u00e3o. Retornaremos com os estudos no Breve Catecismo em janeiro.<\/p>\n\n\n\n<p><strong><em>Quinta-feira<\/em><\/strong><\/p>\n\n\n\n<p>A partir das 20h00, sempre que h\u00e1 disponibilidade de resid\u00eancia, a igreja se re\u00fane nas casas dos irm\u00e3os, seguindo o exemplo da igreja primitiva (Atos 2:46; 10:22; 16:15; 16:34) para Edifica\u00e7\u00e3o, Comunh\u00e3o e Ora\u00e7\u00e3o. Aguardamos a disponibilidade dos irm\u00e3os para nos receber em sua casa.<br>Aten\u00e7\u00e3o: A nossa primeira reuni\u00e3o em janeiro ser\u00e1 na casa dos irm\u00e3os D\u00eanis e Shirley, na segunda quinta-feira do m\u00eas.<\/p>\n\n\n\n<p><strong><em>Domingo<\/em><\/strong><\/p>\n\n\n\n<p>\u00c0s 9h00 Escola B\u00edblica tendo como tema \u201cJesus, Nosso Salvador\u201d.<br>\u00c0s 18h30 Culto Solene ao Senhor, com adora\u00e7\u00e3o, dedica\u00e7\u00e3o pessoal e edifica\u00e7\u00e3o \u00e0 luz das Escrituras tendo como porta-voz da mensagem o reverendo Marthon Mendes tendo como tema Para onde a Igreja Est\u00e1 Indo, baseada em 1 Tessalonicenses 5:23-24 e assim conclu\u00edmos os nossos estudos nesta preciosa carta.<br>Prepare-se para o culto com anteced\u00eancia. Ore ao Senhor pedindo para Ele falar ao seu cora\u00e7\u00e3o atrav\u00e9s da leitura da Palavra, c\u00e2nticos, nas ora\u00e7\u00f5es e pela prega\u00e7\u00e3o. Arranje a sua agenda, se prepare para sair de casa com anteced\u00eancia e tempo suficiente para chegar na igreja pelo menos 10 minutos antes, cumprimente seus irm\u00e3os e acomode-se com uma ora\u00e7\u00e3o de dedica\u00e7\u00e3o antes de come\u00e7ar o culto.<br>No pr\u00f3ximo domingo teremos o privil\u00e9gio de ter conosco o reverendo Jos\u00e9 Loures.<\/p>\n\n\n\n<p><strong>D\u00edzimos e Ofertas<\/strong><\/p>\n\n\n\n<p>Em Deuteron\u00f4mio 14:22-25 a B\u00edblia ensina que o d\u00edzimo \u00e9 uma demonstra\u00e7\u00e3o de gratid\u00e3o pelas b\u00ean\u00e7\u00e3os que Deus deu e uma prova de fidelidade por devolver o que \u00e9 devido ao Senhor. Para entregar seus d\u00edzimos e ofertas via PIX especifique o que \u00e9 d\u00edzimo e o que \u00e9 oferta utilizando o CNPJ da igreja 00.574.079\/0001-64. Para ofertas especiais, como doa\u00e7\u00f5es para novos projetos da igreja fa\u00e7a seu dep\u00f3sito no Banco Santander, ag\u00eancia 3328, Conta Corrente 13000174-8. Quando voc\u00ea identifica sua transfer\u00eancia voc\u00ea ajuda o presb\u00edtero Jan, nosso tesoureiro, a fazer o relat\u00f3rio financeiro da igreja.<\/p>\n\n\n\n<p><strong>Doa\u00e7\u00f5es<\/strong><\/p>\n\n\n\n<p>Voc\u00ea pode doar a qualquer tempo, mas a Junta Diaconal orienta os irm\u00e3os que fazem doa\u00e7\u00f5es para as cestas b\u00e1sicas a trazerem sua oferta at\u00e9 o dia 15 de cada m\u00eas. As doa\u00e7\u00f5es podem ser entregues aos di\u00e1conos de plant\u00e3o ou deixadas no local indicado. Se voc\u00ea quiser participar da b\u00ean\u00e7\u00e3o de contribuir, fale com um dos nossos di\u00e1conos.<\/p>\n\n\n\n<p><strong>Projetos<\/strong><\/p>\n\n\n\n<p>Voc\u00ea ainda pode participar dos projetos com suas doa\u00e7\u00f5es. Para saber como procure o presb\u00edtero Jan Uilles ou o presb\u00edtero Roberto Vieira. Sua participa\u00e7\u00e3o e contribui\u00e7\u00e3o \u00e9 muito importante. Lembre-se do que ensina a Palavra de Deus: cada um contribua segundo tiver proposto no cora\u00e7\u00e3o, n\u00e3o por tristeza ou necessidade porque Deus ama ao que d\u00e1 com alegria!<\/p>\n\n\n\n<p><strong>Catecismo Maior de Westminster<\/strong><\/p>\n\n\n\n<ol start=\"194\">\n<li>Que pedimos na quinta peti\u00e7\u00e3o? Na quinta peti\u00e7\u00e3o (que \u00e9: Perdoa-nos as nossas d\u00edvidas, assim como n\u00f3s perdoamos aos nossos devedores) pedimos que Deus, gratuitamente, por amor de Cristo, nos perdoe todos os nossos pecados; o que somos animados a pedir porque, pela sua gra\u00e7a, somos habilitados, do cora\u00e7\u00e3o, a perdoar aos outros. Lucas 11:4; Mateus 6:14-15; 18:35; Ef\u00e9sios 4:32; Colossenses 3:13.<\/li>\n<\/ol>\n\n\n\n<p><strong>Visitantes<\/strong><\/p>\n\n\n\n<p>Sua presen\u00e7a em nossa igreja \u00e9 motivo de grande alegria, e desejamos que assim como fomos aben\u00e7oados com sua visita, sua presen\u00e7a em nosso meio tenha sido uma alegre colheita de b\u00ean\u00e7\u00e3s espirituais. Desejamos que voc\u00ea desfrute da comunh\u00e3o com Deus e da nossa comunh\u00e3o. Que o Senhor te aben\u00e7oe ricamente. Queremos retribuir sua visita assim que poss\u00edvel. Nos informe quando for poss\u00edvel e teremos prazer em visitar voc\u00ea e sua fam\u00edlia.<\/p>\n\n\n\n<p><strong>Novos Membros<\/strong><\/p>\n\n\n\n<p>Se voc\u00ea desejar fazer da nossa igreja a sua igreja, com todos os privil\u00e9gios que os membros possuem, voc\u00ea ser\u00e1 muito bem-vindo. Torne-se membro de nossa igreja. Para saber mais fale com um dos presb\u00edteros ou com o pastor. A classe de Discipulado [para aqueles irm\u00e3os que est\u00e3o chegando de igrejas n\u00e3o presbiterianas] e Catecumenato [para aqueles que ainda n\u00e3o foram batizados e professaram publicamente a sua f\u00e9] destinada aos candidatos a novos membros, no mesmo hor\u00e1rio da Escola B\u00edblica e tem funcionamento cont\u00ednuo, ou seja &#8211; voc\u00ea pode come\u00e7ar de qualquer li\u00e7\u00e3o. Voc\u00ea pode come\u00e7ar de qualquer li\u00e7\u00e3o. Professores presb\u00edtero Jorge Marques e Thiago Marques.<\/p>\n\n\n\n<p><strong>Agenda Especial de Final de Ano<\/strong><\/p>\n\n\n\n<p>Por ocasi\u00e3o das festividades de final de ano a reuni\u00e3o desta ter\u00e7a-feira, dia 30\/12 [ora\u00e7\u00e3o e doutrina] fica suspensa para realiza\u00e7\u00e3o de culto ao Senhor agradecendo pelo ano findo e pelo in\u00edcio de um novo ano no dia 31 de dezembro, a partir das 20h00.<\/p>\n\n\n\n<p><strong>Col\u00e9gio Presbiteriano Simonton<\/strong><\/p>\n\n\n\n<p>Voc\u00ea j\u00e1 fez a matr\u00edcula de seu filho, sobrinho ou neto no Simonton? Se voc\u00ea tem algum conhecido que tenha crian\u00e7a em idade de estudar no Simonton, divulgue nossa escola. Este ano temos novidades: Maternal e Ber\u00e7\u00e1rio. Isso mesmo \u2013 do ber\u00e7\u00e1rio at\u00e9 o 9\u00ba ano.<\/p>\n\n\n\n<p><strong>Escala da Junta Diaconal<\/strong><\/p>\n\n\n\n<ul>\n<li>28\/12 Domingo: Manoel e Thiago<\/li>\n\n\n\n<li>31\/12 Quarta: Samuel<\/li>\n\n\n\n<li>01\/01 Quinta: (a definir)<\/li>\n<\/ul>\n\n\n\n<p><strong>Liturgia do Culto Noturno<br><em>Presb\u00edtero Leone Braga<\/em><\/strong><\/p>\n\n\n\n<ul>\n<li>Leitura b\u00edblica \u2013 Salmo 139:1-12<\/li>\n\n\n\n<li>Ora\u00e7\u00e3o de invoca\u00e7\u00e3o<\/li>\n\n\n\n<li>Louvor \u2013 Hino n\u00ba 10<\/li>\n\n\n\n<li>Leitura b\u00edblica \u2013 Romanos 3:10-12<\/li>\n\n\n\n<li>Ora\u00e7\u00e3o de contri\u00e7\u00e3o (confiss\u00e3o de pecados)<\/li>\n\n\n\n<li>Louvor \u2013 Hino n\u00ba 68<\/li>\n\n\n\n<li>Leitura b\u00edblica \u2013 Salmo 77:1-13<\/li>\n\n\n\n<li>Ora\u00e7\u00e3o intercess\u00f3ria \u2013 pastorais<\/li>\n\n\n\n<li>Oportunidade para o Grupo de Louvor e recolhimento de d\u00edzimos e ofertas<\/li>\n\n\n\n<li>Ora\u00e7\u00e3o de gratid\u00e3o pelos d\u00edzimos, ofertas e crian\u00e7as<\/li>\n\n\n\n<li>Prega\u00e7\u00e3o: Reverendo Marthon Mendes<\/li>\n\n\n\n<li>Ora\u00e7\u00e3o final e b\u00ean\u00e7\u00e3o apost\u00f3lica<\/li>\n\n\n\n<li>Posl\u00fadio e avisos<\/li>\n<\/ul>\n\n\n\n<p><strong>Aniversariantes (28\/12 a 03\/01)<\/strong><\/p>\n\n\n\n<p>29\/12 Gabriel Oliveira Rodrigues de Sousa<br>31\/12 Lucy e Marthon (cas.)<br>01\/01 Camilly Vit\u00f3ria Cerqueira Almeida<br>02\/01 Maria Oneide e Heliades Jr. (cas.)<br>03\/01 Marlene da Silva<\/p>\n\n\n\n<p>Faltou o seu nome? Se voc\u00ea \u00e9 membro da igreja e deseja que nos alegremos com voc\u00ea, por gentileza, atualize seu cadastro.<\/p>\n\n\n\n<p><strong>Pa\u00eds de Ora\u00e7\u00e3o da Semana: S\u00e3o Crist\u00f3v\u00e3o e N\u00e9vis<\/strong><\/p>\n\n\n\n<p>S\u00e3o Crist\u00f3v\u00e3o e N\u00e9vis, na\u00e7\u00e3o insular caribenha com cerca de 47 mil habitantes, \u00e9 predominantemente crist\u00e3 (aproximadamente 93% da popula\u00e7\u00e3o, com evang\u00e9licos representando 22%), desfrutando plena liberdade religiosa sem persegui\u00e7\u00e3o significativa. A maioria pertence a denomina\u00e7\u00f5es anglicanas, metodistas, cat\u00f3licas e pentecostais, com minorias reformadas presentes. Contudo, muitos praticam um cristianismo nominal, influenciado pelo secularismo, turismo intenso e desafios como desemprego e influ\u00eancia cultural externa. Ore para que o Senhor desperte reavivamento aut\u00eantico nas igrejas, fortale\u00e7a as comunidades fi\u00e9is \u00e0s Escrituras, especialmente as de tradi\u00e7\u00e3o reformada, conceda sabedoria aos pastores para discipular os fi\u00e9is contra o nominalismo e use os crist\u00e3os para evangelizar com ousadia, promovendo transforma\u00e7\u00e3o espiritual e social.<br><em>Fontes: Joshua Project, Wikipedia, Freedom House<\/em><\/p>\n\n\n\n<figure class=\"wp-block-image size-full\"><img loading=\"lazy\" decoding=\"async\" width=\"123\" height=\"87\" src=\"https:\/\/3ipt.org.br\/site\/wp-content\/uploads\/2018\/10\/sao_cristovao_e_nevis.jpg\" alt=\"S\u00e3o Crist\u00f3v\u00e3o e N\u00e9vis\" class=\"wp-image-439\"\/><\/figure>\n","protected":false},"excerpt":{"rendered":"<p>Vers\u00e3o para impress\u00e3o: Jesus, o Bom Pastor, Conhece as Suas Ovelhas \u201cEu sou o bom pastor; conhe\u00e7o as minhas ovelhas.\u201dJo\u00e3o 10:14 Jesus, o bom Pastor, conhece as suas ovelhas. Ao meditar sobre os textos de Daniel 12:1, Mateus 24:21 e 2 Tim\u00f3teo 3:1-5, sinto-me impulsionado a duas atitudes: buscar a sabedoria de Deus para nos&#8230;<\/p>\n","protected":false},"author":1,"featured_media":0,"comment_status":"open","ping_status":"open","sticky":false,"template":"","format":"standard","meta":{"footnotes":""},"categories":[4],"tags":[],"_links":{"self":[{"href":"https:\/\/3ipt.org.br\/site\/wp-json\/wp\/v2\/posts\/4796"}],"collection":[{"href":"https:\/\/3ipt.org.br\/site\/wp-json\/wp\/v2\/posts"}],"about":[{"href":"https:\/\/3ipt.org.br\/site\/wp-json\/wp\/v2\/types\/post"}],"author":[{"embeddable":true,"href":"https:\/\/3ipt.org.br\/site\/wp-json\/wp\/v2\/users\/1"}],"replies":[{"embeddable":true,"href":"https:\/\/3ipt.org.br\/site\/wp-json\/wp\/v2\/comments?post=4796"}],"version-history":[{"count":1,"href":"https:\/\/3ipt.org.br\/site\/wp-json\/wp\/v2\/posts\/4796\/revisions"}],"predecessor-version":[{"id":4798,"href":"https:\/\/3ipt.org.br\/site\/wp-json\/wp\/v2\/posts\/4796\/revisions\/4798"}],"wp:attachment":[{"href":"https:\/\/3ipt.org.br\/site\/wp-json\/wp\/v2\/media?parent=4796"}],"wp:term":[{"taxonomy":"category","embeddable":true,"href":"https:\/\/3ipt.org.br\/site\/wp-json\/wp\/v2\/categories?post=4796"},{"taxonomy":"post_tag","embeddable":true,"href":"https:\/\/3ipt.org.br\/site\/wp-json\/wp\/v2\/tags?post=4796"}],"curies":[{"name":"wp","href":"https:\/\/api.w.org\/{rel}","templated":true}]}}