{"id":4800,"date":"2026-01-04T08:00:00","date_gmt":"2026-01-04T11:00:00","guid":{"rendered":"https:\/\/3ipt.org.br\/site\/?p=4800"},"modified":"2026-01-03T20:58:10","modified_gmt":"2026-01-03T23:58:10","slug":"boletim-informativo-no-01-2026","status":"publish","type":"post","link":"https:\/\/3ipt.org.br\/site\/boletim\/boletim-informativo-no-01-2026\/","title":{"rendered":"Boletim Informativo n\u00ba 01\/2026"},"content":{"rendered":"\nVers\u00e3o para impress\u00e3o: <a href=\"https:\/\/3ipt.org.br\/site\/wp-content\/uploads\/2026\/01\/Boletim-01-2026-print.pdf\"><img loading=\"lazy\" decoding=\"async\" class=\"alignleft wp-image-60\" src=\"http:\/\/3ipt.org.br\/site\/wp-content\/uploads\/2018\/09\/baseline_picture_as_pdf_black_18dp.png\" alt=\"pdf logo\" width=\"24\" height=\"24\"><\/a>\n\n\n\n<h2 class=\"wp-block-heading\">Avante por Cristo em 2026!<\/h2>\n\n\n\n<blockquote class=\"wp-block-quote is-layout-flow wp-block-quote-is-layout-flow\">\n<p>\u201cIrm\u00e3os, quanto a mim, n\u00e3o julgo hav\u00ea-lo alcan\u00e7ado; mas uma coisa fa\u00e7o: esquecendo-me das coisas que para tr\u00e1s ficam e avan\u00e7ando para as que diante de mim est\u00e3o, prossigo para o alvo, para o pr\u00eamio da soberana voca\u00e7\u00e3o de Deus em Cristo Jesus.\u201d<br>Filipenses 3:13-14<\/p>\n<\/blockquote>\n\n\n\n<p>Em 2026, avante por Cristo! Esquecer e avan\u00e7ar: esquecer tristezas, decep\u00e7\u00f5es, quedas e \u201ctrazer \u00e0 mem\u00f3ria o que me pode dar esperan\u00e7a\u201d, ou seja, trazer sempre na mem\u00f3ria o infinito amor de Deus e suas inesgot\u00e1veis miseric\u00f3rdias (Lamenta\u00e7\u00f5es 3:21-22). Feito isso, avancemos com f\u00e9 no objetivo final que \u00e9 alcan\u00e7ar a vida abundante em Cristo, a vida eterna com Deus. Em 2026, olhe para as gloriosas promessas de Deus. Se olharmos para tr\u00e1s, que seja com gratid\u00e3o, repetindo sempre: Obrigado, Senhor! Olhemos para o futuro com f\u00e9 e determina\u00e7\u00e3o, buscando compartilhar as virtudes da vida crist\u00e3, das quais destaco: \u201cternos afetos de miseric\u00f3rdia, de bondade, de humildade, de mansid\u00e3o, de longanimidade\u201d (Colossenses 3:12). Em 2026, procure, \u201ccom dilig\u00eancia cada vez maior\u201d (2 Pedro 1:10), crescer no conhecimento de Deus, crescer na coparticipa\u00e7\u00e3o \u201cda natureza divina\u201d (2 Pedro 1:4), isto \u00e9, receber a gra\u00e7a necess\u00e1ria para compartilhar os atributos comunic\u00e1veis de Deus que s\u00e3o: amor, sabedoria, justi\u00e7a, bondade, santidade, verdade, miseric\u00f3rdia e paz. Como Igreja, somos chamados a viver essas virtudes n\u00e3o apenas individualmente, mas em comunh\u00e3o, sustentados pela gra\u00e7a soberana que nos regenera e santifica dia ap\u00f3s dia. Que em 2026 Deus nos conceda a gra\u00e7a necess\u00e1ria para expressar e vivenciar essas qualidades da aut\u00eantica vida crist\u00e3, refletindo a gl\u00f3ria de Cristo em nossa fam\u00edlia, trabalho e testemunho p\u00fablico. E assim, prosseguiremos vitoriosos na dire\u00e7\u00e3o do \u201cpr\u00eamio da soberana voca\u00e7\u00e3o de Deus em Cristo Jesus\u201d. Que o Esp\u00edrito Santo nos ajude. Feliz Ano Novo, minha gente!<\/p>\n\n\n\n<p><em>Com amor,<br>Reverendo Jos\u00e9 Loures Rosa<\/em><\/p>\n\n\n\n<p><strong>Nossa Agenda<br><em>Ter\u00e7a-feira \u2013 Ora\u00e7\u00e3o<\/em><\/strong><\/p>\n\n\n\n<p>Um novo ano \u2013 a mesma f\u00e9 e o mesmo Deus. J\u00e1 come\u00e7ou 2026. Come\u00e7amos a contagem de mais um ano, mas a igreja continua aberta e todos os crentes convocados para meia hora de ora\u00e7\u00e3o das 19h30 \u00e0s 20h00 nas ter\u00e7as-feiras em uma reuni\u00e3o privada, que n\u00e3o \u00e9 transmitida nem gravada. Mantenha-se em ora\u00e7\u00e3o pelas tratativas a respeito do col\u00e9gio Simonton. Venha orar tamb\u00e9m intercedendo ao Senhor por miseric\u00f3rdia pela nossa na\u00e7\u00e3o, freando a iniquidade e punindo tantas injusti\u00e7as que vemos praticadas todos os dias. Tamb\u00e9m pedimos a Deus que d\u00ea sabedoria e vigor para as lideran\u00e7as da igreja tanto em suas a\u00e7\u00f5es internas quanto na sociedade. Intercedemos pelos irm\u00e3os, amigos e familiares que est\u00e3o enfrentando problemas ou est\u00e3o fracos na f\u00e9. Tamb\u00e9m \u00e9 muito importante orar pela lideran\u00e7a da igreja, pastor, presb\u00edteros, di\u00e1conos, sociedades e departamentos.<br>Oramos pelos enfermos para que Deus os cure e pelos seus familiares para que Deus lhes sustente durante o per\u00edodo de tratamento. De forma especial oremos pela sa\u00fade das irm\u00e3s Sueli, \u00c1urea, Irany, Ant\u00f4nia Mendes (m\u00e3e do pastor), e os irm\u00e3os Miguel, Alaor e presb\u00edtero Nivaldo. Em nossas reuni\u00f5es tamb\u00e9m aproveitamos para suplicar a Deus por dire\u00e7\u00e3o para nossos projetos pessoais e da igreja.<br>Se voc\u00ea tem algum pedido de ora\u00e7\u00e3o pode mandar via WhatsApp para o n\u00famero (61) 99107-8708 ou pode preencher o cart\u00e3o que se encontra na mesinha na entrada da igreja. Mesmo que voc\u00ea n\u00e3o possa comparecer oraremos por voc\u00ea e pelo seu pedido.<br>S\u00f3 meia hora de ora\u00e7\u00e3o. E \u00e9 pouco! Tem sido t\u00e3o aben\u00e7oador que meia hora est\u00e1 come\u00e7ando a ser insuficiente. Nesta ter\u00e7a-feira a ora\u00e7\u00e3o ser\u00e1 dirigida pelos nossos jovens como parte da Semana Mundial de Ora\u00e7\u00e3o. Mais informa\u00e7\u00f5es ainda neste boletim.<\/p>\n\n\n\n<p><strong><em>Ter\u00e7a-feira \u2013 Estudo B\u00edblico<\/em><\/strong><\/p>\n\n\n\n<p>Caso n\u00e3o consiga comparecer ao per\u00edodo de ora\u00e7\u00e3o voc\u00ea pode chegar \u00e0s 20h00 para o estudo b\u00edblico.<br>A partir das 20h00 estudo b\u00edblico. No m\u00eas de janeiro retornaremos com os estudos no Breve Catecismo, com transmiss\u00e3o ao vivo em nosso canal no YouTube (voc\u00ea pode pedir a apostila completa em formato digital pelo e-mail marthon@gmail.com). Assista, fa\u00e7a sua inscri\u00e7\u00e3o no canal e divulgue para conseguirmos pelo menos mais uma inscri\u00e7\u00e3o.<\/p>\n\n\n\n<p><strong><em>Quinta-feira<\/em><\/strong><\/p>\n\n\n\n<p>A partir das 20h00, sempre que h\u00e1 disponibilidade de resid\u00eancia, a igreja se re\u00fane nas casas dos irm\u00e3os, seguindo o exemplo da igreja primitiva (Atos 2:46; 10:22; 16:15; 16:34) para Edifica\u00e7\u00e3o, Comunh\u00e3o e Ora\u00e7\u00e3o. Aguardamos a disponibilidade dos irm\u00e3os para nos receber em sua casa.<br>Aten\u00e7\u00e3o: A nossa primeira reuni\u00e3o em janeiro ser\u00e1 na casa dos irm\u00e3os D\u00eanis e Shirley, na terceira quinta-feira do m\u00eas.<\/p>\n\n\n\n<p><strong><em>Este Domingo<\/em><\/strong><\/p>\n\n\n\n<p>\u00c0s 9h00 Escola B\u00edblica com aula ministrada pelo presb\u00edtero Henrique Marques.<br>\u00c0s 18h30 Culto Solene ao Senhor, com adora\u00e7\u00e3o, dedica\u00e7\u00e3o pessoal e edifica\u00e7\u00e3o \u00e0 luz das Escrituras tendo como porta-voz da mensagem o reverendo Jos\u00e9 Loures Rosa.<\/p>\n\n\n\n<p><strong><em>Pr\u00f3ximo Domingo<\/em><\/strong><\/p>\n\n\n\n<p>\u00c0s 9h00 Escola B\u00edblica com aula ministrada pelo presb\u00edtero Leone Braga.<br>\u00c0s 18h30 Culto Solene ao Senhor, com adora\u00e7\u00e3o, dedica\u00e7\u00e3o pessoal e edifica\u00e7\u00e3o \u00e0 luz das Escrituras tendo como porta-voz da mensagem o mission\u00e1rio Aur\u00e9lio Vargas.<br>Prepare-se para o culto com anteced\u00eancia. Ore ao Senhor pedindo para Ele falar ao seu cora\u00e7\u00e3o atrav\u00e9s da leitura da Palavra, c\u00e2nticos, nas ora\u00e7\u00f5es e pela prega\u00e7\u00e3o. Arranje a sua agenda, se prepare para sair de casa com anteced\u00eancia e tempo suficiente para chegar na igreja pelo menos 10 minutos antes, cumprimente seus irm\u00e3os e acomode-se com uma ora\u00e7\u00e3o de dedica\u00e7\u00e3o antes de come\u00e7ar o culto.<\/p>\n\n\n\n<p><strong>Semana de Ora\u00e7\u00e3o<\/strong><\/p>\n\n\n\n<p>As informa\u00e7\u00f5es sobre a semana de ora\u00e7\u00e3o ser\u00e3o dadas em avisos durante a Escola Dominical, grupo de WhatsApp e culto noturno.<\/p>\n\n\n\n<p><strong>D\u00edzimos e Ofertas<\/strong><\/p>\n\n\n\n<p>Em Deuteron\u00f4mio 14:22-25 a B\u00edblia ensina que o d\u00edzimo \u00e9 uma demonstra\u00e7\u00e3o de gratid\u00e3o pelas b\u00ean\u00e7\u00e3os que Deus deu e uma prova de fidelidade por devolver o que \u00e9 devido ao Senhor. Para entregar seus d\u00edzimos e ofertas via PIX especifique o que \u00e9 d\u00edzimo e o que \u00e9 oferta utilizando o CNPJ da igreja 00.574.079\/0001-64. Para ofertas especiais, como doa\u00e7\u00f5es para novos projetos da igreja fa\u00e7a seu dep\u00f3sito no Banco Santander, ag\u00eancia 3328, Conta Corrente 13000174-8. Quando voc\u00ea identifica sua transfer\u00eancia voc\u00ea ajuda o presb\u00edtero Jan, nosso tesoureiro, a fazer o relat\u00f3rio financeiro da igreja.<\/p>\n\n\n\n<p><strong>Doa\u00e7\u00f5es<\/strong><\/p>\n\n\n\n<p>Voc\u00ea pode doar a qualquer tempo, mas a Junta Diaconal orienta os irm\u00e3os que fazem doa\u00e7\u00f5es para as cestas b\u00e1sicas a trazerem sua oferta at\u00e9 o dia 15 de cada m\u00eas. As doa\u00e7\u00f5es podem ser entregues aos di\u00e1conos de plant\u00e3o ou deixadas no local indicado. Se voc\u00ea quiser participar da b\u00ean\u00e7\u00e3o de contribuir, fale com um dos nossos di\u00e1conos.<\/p>\n\n\n\n<p><strong>Projetos<\/strong><\/p>\n\n\n\n<p>Voc\u00ea ainda pode participar dos projetos com suas doa\u00e7\u00f5es. Para saber como procure o presb\u00edtero Jan Uilles ou o presb\u00edtero Roberto Vieira. Sua participa\u00e7\u00e3o e contribui\u00e7\u00e3o \u00e9 muito importante. Lembre-se do que ensina a Palavra de Deus: cada um contribua segundo tiver proposto no cora\u00e7\u00e3o, n\u00e3o por tristeza ou necessidade porque Deus ama ao que d\u00e1 com alegria!<\/p>\n\n\n\n<p><strong>Catecismo Maior de Westminster<\/strong><\/p>\n\n\n\n<ol start=\"195\">\n<li>Que queremos dizer ao pedirmos \u201co p\u00e3o nosso de cada dia nos d\u00e1 hoje\u201d? Queremos reconhecer que em Ad\u00e3o, e pela nossa pr\u00f3pria culpa, perdemos o direito a todas as b\u00ean\u00e7\u00e3os exteriores desta vida e nos tornamos indignos delas; e que nem n\u00f3s mesmos nem nenhuma outra criatura as merecemos de Deus; por\u00e9m, pela sua paternal bondade, somos sustentados e recebemos tudo quanto \u00e9 necess\u00e1rio para o corpo e para a alma, e queremos que a bondade de Deus nos anime a pedir-lhe confiadamente todas essas coisas e nos leve a agradecer-lhas. G\u00eanesis 2:17; 3:17; Lamenta\u00e7\u00f5es 3:39; Romanos 8:20; Jeremias 5:25; Tiago 1:17; Deuteron\u00f4mio 8:17-18; Mateus 6:25-34; Salmo 145:15-16; 104:27-28; Atos 14:17.<\/li>\n<\/ol>\n\n\n\n<p><strong>Novos Membros<\/strong><\/p>\n\n\n\n<p>Se voc\u00ea desejar fazer da nossa igreja a sua igreja, com todos os privil\u00e9gios que os membros possuem, voc\u00ea ser\u00e1 muito bem-vindo. Torne-se membro de nossa igreja. Para saber mais fale com um dos presb\u00edteros ou com o pastor. A classe de Discipulado [para aqueles irm\u00e3os que est\u00e3o chegando de igrejas n\u00e3o presbiterianas] e Catecumenato [para aqueles que ainda n\u00e3o foram batizados e professaram publicamente a sua f\u00e9] destinada aos candidatos a novos membros, no mesmo hor\u00e1rio da Escola B\u00edblica e tem funcionamento cont\u00ednuo, ou seja &#8211; voc\u00ea pode come\u00e7ar de qualquer li\u00e7\u00e3o. Voc\u00ea pode come\u00e7ar de qualquer li\u00e7\u00e3o. Professores presb\u00edtero Jorge Marques e Thiago Marques.<\/p>\n\n\n\n<p><strong>F\u00e9rias Pastorais<\/strong><\/p>\n\n\n\n<p>Entre os dias 02 e 12 de janeiro, o reverendo Marthon estar\u00e1 em gozo de f\u00e9rias com a fam\u00edlia. Tempo de recarregar as baterias para servir ao Senhor com alegria e disposi\u00e7\u00e3o neste novo ano que Ele nos deu.<\/p>\n\n\n\n<p><strong>Col\u00e9gio Presbiteriano Simonton<\/strong><\/p>\n\n\n\n<p>Voc\u00ea j\u00e1 fez a matr\u00edcula de seu filho, sobrinho ou neto no Simonton? Ainda d\u00e1 tempo! Se voc\u00ea tem algum conhecido que tenha crian\u00e7a em idade de estudar no Simonton, divulgue nossa escola. Este ano temos novidades: Maternal e Ber\u00e7\u00e1rio. Isso mesmo \u2013 do ber\u00e7\u00e1rio at\u00e9 o 9\u00ba ano.<\/p>\n\n\n\n<p><strong>Escala da Junta Diaconal<\/strong><\/p>\n\n\n\n<ul>\n<li>04\/01 Domingo: Manoel<\/li>\n\n\n\n<li>06\/01 Ter\u00e7a: Manoel<\/li>\n\n\n\n<li>08\/01 Quinta: (a definir)<\/li>\n<\/ul>\n\n\n\n<p><strong>Liturgia do Culto Noturno<br><em>Presb\u00edtero Jorge Marques<\/em><\/strong><\/p>\n\n\n\n<ul>\n<li>Leitura b\u00edblica \u2013 Apocalipse 4:11<\/li>\n\n\n\n<li>Ora\u00e7\u00e3o de invoca\u00e7\u00e3o<\/li>\n\n\n\n<li>Leitura b\u00edblica \u2013 2 Reis 5:1-16<\/li>\n\n\n\n<li>Louvor \u2013 Hino n\u00ba 144<\/li>\n\n\n\n<li>Leitura b\u00edblica \u2013 Romanos 7:22-25<\/li>\n\n\n\n<li>Ora\u00e7\u00e3o de contri\u00e7\u00e3o (confiss\u00e3o de pecados)<\/li>\n\n\n\n<li>Louvor \u2013 Hino n\u00ba 268<\/li>\n\n\n\n<li>Ora\u00e7\u00e3o intercess\u00f3ria \u2013 pastorais<\/li>\n\n\n\n<li>Leitura b\u00edblica \u2013 2 Reis 5:17-27<\/li>\n\n\n\n<li>Oportunidade para o Grupo de Louvor e recolhimento de d\u00edzimos e ofertas<\/li>\n\n\n\n<li>Ora\u00e7\u00e3o de gratid\u00e3o pelos d\u00edzimos, ofertas e crian\u00e7as<\/li>\n\n\n\n<li>Prega\u00e7\u00e3o: Reverendo Jos\u00e9 Loures Rosa<\/li>\n\n\n\n<li>Santa Ceia<\/li>\n\n\n\n<li>Louvor \u2013 Hino n\u00ba 92<\/li>\n\n\n\n<li>Ora\u00e7\u00e3o final e b\u00ean\u00e7\u00e3o apost\u00f3lica<\/li>\n\n\n\n<li>Posl\u00fadio e avisos<\/li>\n<\/ul>\n\n\n\n<p><strong>Visitantes<\/strong><\/p>\n\n\n\n<p>Sua presen\u00e7a em nossa igreja \u00e9 motivo de grande alegria, e desejamos que assim como fomos aben\u00e7oados com sua visita, sua presen\u00e7a em nosso meio tenha sido uma alegre colheita de b\u00ean\u00e7\u00e3os espirituais. Desejamos que voc\u00ea desfrute da comunh\u00e3o com Deus e da nossa comunh\u00e3o. Que o Senhor te aben\u00e7oe ricamente. Queremos retribuir sua visita assim que poss\u00edvel. Nos informe quando for poss\u00edvel e teremos prazer em visitar voc\u00ea e sua fam\u00edlia.<\/p>\n\n\n\n<p><strong>Aniversariantes (04\/01 a 10\/01)<\/strong><\/p>\n\n\n\n<p>04\/01 Simone Gomes Rosa<br>07\/01 Marcos Ant\u00f4nio da Silva Santos<br>09\/01 Gl\u00e1ucia e Jorge (cas.)<br>10\/01 Maria Am\u00e9lia Rodrigues Santos<\/p>\n\n\n\n<p>Faltou o seu nome? Se voc\u00ea \u00e9 membro da igreja e deseja que nos alegremos com voc\u00ea, por gentileza, atualize seu cadastro.<\/p>\n\n\n\n<p><strong>Pa\u00eds de Ora\u00e7\u00e3o da Semana: S\u00e3o Tom\u00e9 e Pr\u00edncipe<\/strong><\/p>\n\n\n\n<p>S\u00e3o Tom\u00e9 e Pr\u00edncipe, na\u00e7\u00e3o insular no Golfo da Guin\u00e9 com cerca de 230 mil habitantes, \u00e9 predominantemente crist\u00e3 (cerca de 80-90%, majoritariamente cat\u00f3lica, com minorias protestantes e evang\u00e9licas), gozando de plena liberdade religiosa sem persegui\u00e7\u00e3o significativa. A Constitui\u00e7\u00e3o garante a separa\u00e7\u00e3o entre Estado e religi\u00e3o, e h\u00e1 harmonia inter-religiosa. No entanto, muitos praticam um cristianismo nominal ou sincretizado com cren\u00e7as tradicionais africanas, influenciado pelo secularismo e desafios socioecon\u00f4micos como pobreza e desemprego. Ore para que o Senhor desperte reavivamento genu\u00edno nas igrejas, fortale\u00e7a o discipulado fiel \u00e0s Escrituras, especialmente nas comunidades reformadas, e use os crist\u00e3os para evangelizar com ousadia, promovendo transforma\u00e7\u00e3o espiritual profunda e impacto social.<br><em>Fontes: Joshua Project, Wikipedia, U.S. Department of State Report on International Religious Freedom<\/em><\/p>\n\n\n\n<figure class=\"wp-block-image size-full\"><img loading=\"lazy\" decoding=\"async\" width=\"162\" height=\"88\" src=\"https:\/\/3ipt.org.br\/site\/wp-content\/uploads\/2018\/10\/sao_tome_e_principe.jpg\" alt=\"S\u00e3o Tom\u00e9 e Pr\u00edncipe\" class=\"wp-image-441\"\/><\/figure>\n","protected":false},"excerpt":{"rendered":"<p>Vers\u00e3o para impress\u00e3o: Avante por Cristo em 2026! \u201cIrm\u00e3os, quanto a mim, n\u00e3o julgo hav\u00ea-lo alcan\u00e7ado; mas uma coisa fa\u00e7o: esquecendo-me das coisas que para tr\u00e1s ficam e avan\u00e7ando para as que diante de mim est\u00e3o, prossigo para o alvo, para o pr\u00eamio da soberana voca\u00e7\u00e3o de Deus em Cristo Jesus.\u201dFilipenses 3:13-14 Em 2026, avante&#8230;<\/p>\n","protected":false},"author":1,"featured_media":0,"comment_status":"open","ping_status":"open","sticky":false,"template":"","format":"standard","meta":{"footnotes":""},"categories":[4],"tags":[],"_links":{"self":[{"href":"https:\/\/3ipt.org.br\/site\/wp-json\/wp\/v2\/posts\/4800"}],"collection":[{"href":"https:\/\/3ipt.org.br\/site\/wp-json\/wp\/v2\/posts"}],"about":[{"href":"https:\/\/3ipt.org.br\/site\/wp-json\/wp\/v2\/types\/post"}],"author":[{"embeddable":true,"href":"https:\/\/3ipt.org.br\/site\/wp-json\/wp\/v2\/users\/1"}],"replies":[{"embeddable":true,"href":"https:\/\/3ipt.org.br\/site\/wp-json\/wp\/v2\/comments?post=4800"}],"version-history":[{"count":1,"href":"https:\/\/3ipt.org.br\/site\/wp-json\/wp\/v2\/posts\/4800\/revisions"}],"predecessor-version":[{"id":4802,"href":"https:\/\/3ipt.org.br\/site\/wp-json\/wp\/v2\/posts\/4800\/revisions\/4802"}],"wp:attachment":[{"href":"https:\/\/3ipt.org.br\/site\/wp-json\/wp\/v2\/media?parent=4800"}],"wp:term":[{"taxonomy":"category","embeddable":true,"href":"https:\/\/3ipt.org.br\/site\/wp-json\/wp\/v2\/categories?post=4800"},{"taxonomy":"post_tag","embeddable":true,"href":"https:\/\/3ipt.org.br\/site\/wp-json\/wp\/v2\/tags?post=4800"}],"curies":[{"name":"wp","href":"https:\/\/api.w.org\/{rel}","templated":true}]}}