{"id":4803,"date":"2026-01-11T08:00:00","date_gmt":"2026-01-11T11:00:00","guid":{"rendered":"https:\/\/3ipt.org.br\/site\/?p=4803"},"modified":"2026-01-10T10:13:23","modified_gmt":"2026-01-10T13:13:23","slug":"boletim-informativo-no-02-2026","status":"publish","type":"post","link":"https:\/\/3ipt.org.br\/site\/boletim\/boletim-informativo-no-02-2026\/","title":{"rendered":"Boletim Informativo n\u00ba 02\/2026"},"content":{"rendered":"\nVers\u00e3o para impress\u00e3o: <a href=\"https:\/\/3ipt.org.br\/site\/wp-content\/uploads\/2026\/01\/Boletim-02-2026-print.pdf\"><img loading=\"lazy\" decoding=\"async\" class=\"alignleft wp-image-60\" src=\"http:\/\/3ipt.org.br\/site\/wp-content\/uploads\/2018\/09\/baseline_picture_as_pdf_black_18dp.png\" alt=\"pdf logo\" width=\"24\" height=\"24\"><\/a>\n\n\n\n<h2 class=\"wp-block-heading\">A Soberania de Deus e Nossas Ora\u00e7\u00f5es<\/h2>\n\n\n\n<blockquote class=\"wp-block-quote is-layout-flow wp-block-quote-is-layout-flow\">\n<p>\u201cJesus Cristo, a fiel testemunha, o primog\u00eanito dos mortos e o Soberano dos reis da terra.\u201d<br>Apocalipse 1:5<\/p>\n<\/blockquote>\n\n\n\n<p>Lemos em Apocalipse 19:12 e 16 que, na cabe\u00e7a de Cristo, h\u00e1 muitos diademas e que Ele tem no manto e na coxa um nome inscrito: Rei dos reis e Senhor dos senhores. A indefini\u00e7\u00e3o do n\u00famero de diademas indica que o dom\u00ednio de Cristo abrange todas as esferas de nossas vidas \u2013 fam\u00edlia, trabalho, igreja, sociedade \u2013 e reina soberanamente sobre todas as \u00e1reas do relacionamento humano. Por isso, com confian\u00e7a, devemos nos dirigir a Ele em nossas ora\u00e7\u00f5es. A Palavra nos adverte: \u201cN\u00e3o confiem em pr\u00edncipes, nem nos filhos dos homens, em quem n\u00e3o h\u00e1 salva\u00e7\u00e3o. Sai-lhes o esp\u00edrito, e eles voltam ao p\u00f3; nesse mesmo dia, acabam todos os seus planos\u201d (Salmos 146:3-4). Uma ilustra\u00e7\u00e3o v\u00edvida disso aparece no banquete de Belsazar (Daniel 5): o rei, em sua arrog\u00e2ncia, foi surpreendido por uma escrita misteriosa na parede de seu pal\u00e1cio. Nenhum s\u00e1bio da corte conseguiu decifr\u00e1-la. Desesperado, Belsazar prometeu honras e cargos a Daniel se ele interpretasse a mensagem. Contudo, naquela mesma noite, o rei foi morto (Daniel 5:16,30). As promessas humanas se desfizeram com a vida do rei. J\u00e1 o Rei dos reis e Senhor dos senhores declara: \u201c\u00c9 ele quem remove reis e estabelece reis\u201d (Daniel 2:21). Suas promessas s\u00e3o infal\u00edveis: \u201cDeus n\u00e3o \u00e9 homem, para que minta; nem filho de homem, para que se arrependa. Porventura, tendo ele prometido, n\u00e3o o far\u00e1? Ou, tendo falado, n\u00e3o o cumprir\u00e1?\u201d (N\u00fameros 23:19). Josu\u00e9, ao final de sua miss\u00e3o, p\u00f4de testemunhar com gratid\u00e3o: \u201cNenhuma promessa falhou de todas as boas palavras que o Senhor falara \u00e0 casa de Israel; tudo se cumpriu\u201d (Josu\u00e9 21:45). Essa mesma certeza nos \u00e9 dada hoje. O Deus soberano que governa a hist\u00f3ria tamb\u00e9m governa nossas vidas pessoais. Ele ouve as ora\u00e7\u00f5es de seus filhos e responde segundo sua perfeita vontade e sabedoria. Portanto, em fervorosas ora\u00e7\u00f5es, aproximemo-nos do trono do Soberano dos reis da terra. Aproximemo-nos com f\u00e9, confiando que Ele \u00e9 fiel; aproximemo-nos com humildade, reconhecendo nossa depend\u00eancia total dEle; aproximemo-nos com amor, pois fomos amados primeiro por Aquele que reina para sempre.<\/p>\n\n\n\n<p><em>Com amor,<br>Reverendo Jos\u00e9 Loures Rosa<\/em><\/p>\n\n\n\n<p><strong>Nossa Agenda<br><em>Ter\u00e7a-feira \u2013 Ora\u00e7\u00e3o<\/em><\/strong><\/p>\n\n\n\n<p>Convocamos a todos para a meia hora de ora\u00e7\u00e3o das 19h30 \u00e0s 20h00 nas ter\u00e7as-feiras em uma reuni\u00e3o privada, que n\u00e3o \u00e9 transmitida nem gravada. Mantenha-se em ora\u00e7\u00e3o pelas tratativas a respeito do col\u00e9gio Simonton. Venha orar tamb\u00e9m intercedendo ao Senhor por miseric\u00f3rdia pela nossa na\u00e7\u00e3o, freando a iniquidade e punindo tantas injusti\u00e7as que vemos praticadas todos os dias. Tamb\u00e9m pedimos a Deus que d\u00ea sabedoria e vigor para as lideran\u00e7as da igreja tanto em suas a\u00e7\u00f5es internas quanto na sociedade. Intercedemos pelos irm\u00e3os, amigos e familiares que est\u00e3o enfrentando problemas ou est\u00e3o fracos na f\u00e9. Tamb\u00e9m \u00e9 muito importante orar pela lideran\u00e7a da igreja, pastor, presb\u00edteros, di\u00e1conos, sociedades e departamentos.<br>Oramos pelos enfermos para que Deus os cure e pelos seus familiares para que Deus lhes sustente durante o per\u00edodo de tratamento. De forma especial oremos pela sa\u00fade das irm\u00e3s Sueli, \u00c1urea, Irani, Ant\u00f4nia Mendes (m\u00e3e do pastor), e os irm\u00e3os Miguel, Alaor e presb\u00edtero Nivaldo. Em nossas reuni\u00f5es tamb\u00e9m aproveitamos para suplicar a Deus por dire\u00e7\u00e3o para nossos projetos pessoais e da igreja.<br>Se voc\u00ea tem algum pedido de ora\u00e7\u00e3o pode mandar via WhatsApp para o n\u00famero (61) 99107-8708 ou pode preencher o cart\u00e3o que se encontra na mesinha na entrada da igreja. Mesmo que voc\u00ea n\u00e3o possa comparecer oraremos por voc\u00ea e pelo seu pedido.<br>S\u00f3 meia hora de ora\u00e7\u00e3o. E \u00e9 pouco! Tem sido t\u00e3o aben\u00e7oador que meia hora est\u00e1 come\u00e7ando a ser insuficiente.<\/p>\n\n\n\n<p><strong><em>Ter\u00e7a-feira \u2013 Estudo B\u00edblico<\/em><\/strong><\/p>\n\n\n\n<p>Caso n\u00e3o consiga comparecer ao per\u00edodo de ora\u00e7\u00e3o voc\u00ea pode chegar \u00e0s 20h00 para o estudo b\u00edblico.<br>A partir das 20h00 estudo b\u00edblico. No m\u00eas de janeiro retornaremos com os estudos no Breve Catecismo, com transmiss\u00e3o ao vivo em nosso canal no YouTube (voc\u00ea pode pedir a apostila completa em formato digital pelo e-mail <a href=\"mailto:marthon@gmail.com\">marthon@gmail.com<\/a>). Assista, fa\u00e7a sua inscri\u00e7\u00e3o no canal e divulgue para conseguirmos pelo menos mais uma inscri\u00e7\u00e3o.<\/p>\n\n\n\n<p><strong><em>Quinta-feira<\/em><\/strong><\/p>\n\n\n\n<p>A partir das 20h00, sempre que h\u00e1 disponibilidade de resid\u00eancia, a igreja se re\u00fane nas casas dos irm\u00e3os, seguindo o exemplo da igreja primitiva (Atos 2:46; 10:22; 16:15; 16:34) para Edifica\u00e7\u00e3o, Comunh\u00e3o e Ora\u00e7\u00e3o. Aguardamos a disponibilidade dos irm\u00e3os para nos receber em sua casa.<br>Aten\u00e7\u00e3o: A nossa primeira reuni\u00e3o em janeiro ser\u00e1 na casa dos irm\u00e3os D\u00eanis e Shirley, na terceira quinta-feira do m\u00eas.<\/p>\n\n\n\n<p><strong><em>Domingo<\/em><\/strong><\/p>\n\n\n\n<p>\u00c0s 9h00 Escola B\u00edblica com aula ministrada pelo presb\u00edtero Leone Braga.<br>\u00c0s 18h30 Culto Solene ao Senhor, com adora\u00e7\u00e3o, dedica\u00e7\u00e3o pessoal e edifica\u00e7\u00e3o \u00e0 luz das Escrituras tendo como porta-voz da mensagem o mission\u00e1rio Aur\u00e9lio Vargas.<br>Prepare-se para o culto com anteced\u00eancia. Ore ao Senhor pedindo para Ele falar ao seu cora\u00e7\u00e3o atrav\u00e9s da leitura da Palavra, c\u00e2nticos, nas ora\u00e7\u00f5es e pela prega\u00e7\u00e3o. Arranje a sua agenda, se prepare para sair de casa com anteced\u00eancia e tempo suficiente para chegar na igreja pelo menos 10 minutos antes, cumprimente seus irm\u00e3os e acomode-se com uma ora\u00e7\u00e3o de dedica\u00e7\u00e3o antes de come\u00e7ar o culto.<\/p>\n\n\n\n<p><strong>D\u00edzimos e Ofertas<\/strong><\/p>\n\n\n\n<p>Em Deuteron\u00f4mio 14:22-25 a B\u00edblia ensina que o d\u00edzimo \u00e9 uma demonstra\u00e7\u00e3o de gratid\u00e3o pelas b\u00ean\u00e7\u00e3os que Deus deu e uma prova de fidelidade por devolver o que \u00e9 devido ao Senhor. Para entregar seus d\u00edzimos e ofertas via PIX especifique o que \u00e9 d\u00edzimo e o que \u00e9 oferta utilizando o CNPJ da igreja 00.574.079\/0001-64. Para ofertas especiais, como doa\u00e7\u00f5es para novos projetos da igreja fa\u00e7a seu dep\u00f3sito no Banco Santander, ag\u00eancia 3328, Conta Corrente 13000174-8. Quando voc\u00ea identifica sua transfer\u00eancia voc\u00ea ajuda o presb\u00edtero Jan, nosso tesoureiro, a fazer o relat\u00f3rio financeiro da igreja.<\/p>\n\n\n\n<p><strong>Doa\u00e7\u00f5es<\/strong><\/p>\n\n\n\n<p>Voc\u00ea pode doar a qualquer tempo, mas a Junta Diaconal orienta os irm\u00e3os que fazem doa\u00e7\u00f5es para as cestas b\u00e1sicas a trazerem sua oferta at\u00e9 o dia 15 de cada m\u00eas. As doa\u00e7\u00f5es podem ser entregues aos di\u00e1conos de plant\u00e3o ou deixadas no local indicado. Se voc\u00ea quiser participar da b\u00ean\u00e7\u00e3o de contribuir, fale com um dos nossos di\u00e1conos.<\/p>\n\n\n\n<p><strong>Projetos<\/strong><\/p>\n\n\n\n<p>Voc\u00ea ainda pode participar dos projetos com suas doa\u00e7\u00f5es. Para saber como procure o presb\u00edtero Jan Uilles ou o presb\u00edtero Roberto Vieira. Sua participa\u00e7\u00e3o e contribui\u00e7\u00e3o \u00e9 muito importante. Lembre-se do que ensina a Palavra de Deus: cada um contribua segundo tiver proposto no cora\u00e7\u00e3o, n\u00e3o por tristeza ou necessidade porque Deus ama ao que d\u00e1 com alegria!<\/p>\n\n\n\n<p><strong>Catecismo Maior de Westminster<\/strong><\/p>\n\n\n\n<ol start=\"196\">\n<li>O que nos ensina a conclus\u00e3o da Ora\u00e7\u00e3o do Senhor? A conclus\u00e3o da Ora\u00e7\u00e3o do Senhor, que \u00e9: \u201cPorque teu \u00e9 o reino e o poder e a gl\u00f3ria para sempre. Am\u00e9m\u201d, nos ensina a encorajar-nos em nossas ora\u00e7\u00f5es, argumentando com Deus que Ele \u00e9 nosso Pai e que estamos pedindo o que \u00e9 pr\u00f3prio de filhos pedirem a seu Pai; e que, portanto, Ele nos ouvir\u00e1; e a louvar a Deus, atribuindo-Lhe o reino, o poder e a gl\u00f3ria em todas as coisas; e em testemunho do nosso desejo e certeza de sermos ouvidos, dizemos: Am\u00e9m. 1 Cr\u00f4nicas 29:10-13; Ef\u00e9sios 3:20-21; 1 Tim\u00f3teo 1:17; Apocalipse 5:11-13; 1 Cor\u00edntios 14:16; Apocalipse 22:20-21.<\/li>\n<\/ol>\n\n\n\n<p><strong>Novos Membros<\/strong><\/p>\n\n\n\n<p>Se voc\u00ea desejar fazer da nossa igreja a sua igreja, com todos os privil\u00e9gios que os membros possuem, voc\u00ea ser\u00e1 muito bem-vindo. Torne-se membro de nossa igreja. Para saber mais fale com um dos presb\u00edteros ou com o pastor. A classe de Discipulado [para aqueles irm\u00e3os que est\u00e3o chegando de igrejas n\u00e3o presbiterianas] e Catecumenato [para aqueles que ainda n\u00e3o foram batizados e professaram publicamente a sua f\u00e9] destinada aos candidatos a novos membros, no mesmo hor\u00e1rio da Escola B\u00edblica e tem funcionamento cont\u00ednuo, ou seja &#8211; voc\u00ea pode come\u00e7ar de qualquer li\u00e7\u00e3o. Voc\u00ea pode come\u00e7ar de qualquer li\u00e7\u00e3o. Professores presb\u00edtero Jorge Marques e Thiago Marques.<\/p>\n\n\n\n<p><strong>F\u00e9rias Pastorais<\/strong><\/p>\n\n\n\n<p>Entre os dias 02 e 12 o reverendo Marthon estar\u00e1 em gozo de f\u00e9rias com a fam\u00edlia. Tempo de recarregar as baterias para servir ao Senhor com alegria e disposi\u00e7\u00e3o neste novo ano que Ele nos deu.<\/p>\n\n\n\n<p><strong>Col\u00e9gio Presbiteriano Simonton<\/strong><\/p>\n\n\n\n<p>Voc\u00ea j\u00e1 fez a matr\u00edcula de seu filho, sobrinho ou neto no Simonton? Ainda d\u00e1 tempo! Se voc\u00ea tem algum conhecido que tenha crian\u00e7a em idade de estudar no Simonton, divulgue nossa escola. Este ano temos novidades: Maternal e Ber\u00e7\u00e1rio. Isso mesmo \u2013 do ber\u00e7\u00e1rio at\u00e9 o 9\u00ba ano.<\/p>\n\n\n\n<p><strong>Escala da Junta Diaconal<\/strong><\/p>\n\n\n\n<ul>\n<li>11\/01 Domingo: Thiago e Raphael<\/li>\n\n\n\n<li>13\/01 Ter\u00e7a: Manoel e D\u00eanis<\/li>\n\n\n\n<li>15\/01 Quinta: Raphael<\/li>\n<\/ul>\n\n\n\n<p><strong>Liturgia do Culto Noturno<br><em>Presb\u00edtero Henrique Marques<\/em><\/strong><\/p>\n\n\n\n<ul>\n<li>Leitura b\u00edblica \u2013 Salmo 57.9-11<\/li>\n\n\n\n<li>Ora\u00e7\u00e3o de invoca\u00e7\u00e3o<\/li>\n\n\n\n<li>Leitura b\u00edblica \u2013 Salmo 47<\/li>\n\n\n\n<li>Louvor \u2013 Hino 3<\/li>\n\n\n\n<li>Leitura b\u00edblica \u2013 Josu\u00e9 23<\/li>\n\n\n\n<li>Ora\u00e7\u00e3o de contri\u00e7\u00e3o (confiss\u00e3o de pecados)<\/li>\n\n\n\n<li>Louvor \u2013 Hino 71<\/li>\n\n\n\n<li>Leitura b\u00edblica \u2013 Salmo 57.1-3<\/li>\n\n\n\n<li>Ora\u00e7\u00e3o intercess\u00f3ria \u2013 pastorais<\/li>\n\n\n\n<li>Oportunidade para o Grupo de Louvor e recolhimento de d\u00edzimos e ofertas<\/li>\n\n\n\n<li>Ora\u00e7\u00e3o de gratid\u00e3o pelos d\u00edzimos, ofertas e crian\u00e7as<\/li>\n\n\n\n<li>Prega\u00e7\u00e3o: Mission\u00e1rio Aur\u00e9lio Vargas<\/li>\n\n\n\n<li>Louvor<\/li>\n\n\n\n<li>Ora\u00e7\u00e3o final e b\u00ean\u00e7\u00e3o apost\u00f3lica<\/li>\n\n\n\n<li>Posl\u00fadio e avisos<\/li>\n<\/ul>\n\n\n\n<p><strong>Visitantes<\/strong><\/p>\n\n\n\n<p>Sua presen\u00e7a em nossa igreja \u00e9 motivo de grande alegria, e desejamos que assim como fomos aben\u00e7oados com sua visita, sua presen\u00e7a em nosso meio tenha sido uma alegre colheita de b\u00ean\u00e7\u00e3os espirituais. Desejamos que voc\u00ea desfrute da comunh\u00e3o com Deus e da nossa comunh\u00e3o. Que o Senhor te aben\u00e7oe ricamente. Queremos retribuir sua visita assim que poss\u00edvel. Nos informe quando for poss\u00edvel e teremos prazer em visitar voc\u00ea e sua fam\u00edlia.<\/p>\n\n\n\n<p><strong>Aniversariantes (11\/01 a 17\/01)<\/strong><\/p>\n\n\n\n<p>15\/01 Maria L\u00facia e Manoel (cas.)<br>17\/01 Eduardo Pereira da Silva<\/p>\n\n\n\n<p>Faltou o seu nome? Se voc\u00ea \u00e9 membro da igreja e deseja que nos alegremos com voc\u00ea, por gentileza, atualize seu cadastro.<\/p>\n\n\n\n<p><strong>Pa\u00eds de Ora\u00e7\u00e3o da Semana: S\u00e3o Vicente e Granadinas<\/strong><\/p>\n\n\n\n<p>S\u00e3o Vicente e Granadinas, na\u00e7\u00e3o insular no Caribe Oriental com cerca de 100 mil habitantes, \u00e9 predominantemente crist\u00e3 (82-89%, com forte presen\u00e7a protestante, incluindo anglicanos, pentecostais, metodistas e batistas, al\u00e9m de cat\u00f3licos em torno de 8%). H\u00e1 liberdade religiosa plena, constitucionalmente protegida e respeitada na pr\u00e1tica, sem persegui\u00e7\u00e3o significativa ou restri\u00e7\u00f5es estatais. A sociedade \u00e9 harmoniosa, com minorias como rastafarianos (1%), hindus e mu\u00e7ulmanos (0,1% cada) convivendo pacificamente, embora haja influ\u00eancia religiosa na vida p\u00fablica. O cristianismo \u00e9 vibrante, mas enfrenta desafios como secularismo, nominalismo em algumas denomina\u00e7\u00f5es e quest\u00f5es socioecon\u00f4micas como pobreza e desastres naturais (vulc\u00f5es e furac\u00f5es). Ore para que o Senhor fortale\u00e7a as igrejas reformadas, promova discipulado fiel \u00e0s Escrituras, desperte reavivamento genu\u00edno entre os crentes nominais, capacite l\u00edderes para evangelizar com ousadia e use os crist\u00e3os para impactar a sociedade com justi\u00e7a e miseric\u00f3rdia, protegendo a na\u00e7\u00e3o de influ\u00eancias seculares crescentes.<br><em>Fontes: Joshua Project, U.S. Department of State Report on International Religious Freedom, Freedom House<\/em><\/p>\n\n\n\n<figure class=\"wp-block-image size-full\"><img loading=\"lazy\" decoding=\"async\" width=\"125\" height=\"88\" src=\"https:\/\/3ipt.org.br\/site\/wp-content\/uploads\/2018\/10\/sao_vicente_e_granadinas.jpg\" alt=\"S\u00e3o Vicente e Granadinas\" class=\"wp-image-442\"\/><\/figure>\n","protected":false},"excerpt":{"rendered":"<p>Vers\u00e3o para impress\u00e3o: A Soberania de Deus e Nossas Ora\u00e7\u00f5es \u201cJesus Cristo, a fiel testemunha, o primog\u00eanito dos mortos e o Soberano dos reis da terra.\u201dApocalipse 1:5 Lemos em Apocalipse 19:12 e 16 que, na cabe\u00e7a de Cristo, h\u00e1 muitos diademas e que Ele tem no manto e na coxa um nome inscrito: Rei dos&#8230;<\/p>\n","protected":false},"author":1,"featured_media":0,"comment_status":"open","ping_status":"open","sticky":false,"template":"","format":"standard","meta":{"footnotes":""},"categories":[4],"tags":[],"_links":{"self":[{"href":"https:\/\/3ipt.org.br\/site\/wp-json\/wp\/v2\/posts\/4803"}],"collection":[{"href":"https:\/\/3ipt.org.br\/site\/wp-json\/wp\/v2\/posts"}],"about":[{"href":"https:\/\/3ipt.org.br\/site\/wp-json\/wp\/v2\/types\/post"}],"author":[{"embeddable":true,"href":"https:\/\/3ipt.org.br\/site\/wp-json\/wp\/v2\/users\/1"}],"replies":[{"embeddable":true,"href":"https:\/\/3ipt.org.br\/site\/wp-json\/wp\/v2\/comments?post=4803"}],"version-history":[{"count":1,"href":"https:\/\/3ipt.org.br\/site\/wp-json\/wp\/v2\/posts\/4803\/revisions"}],"predecessor-version":[{"id":4805,"href":"https:\/\/3ipt.org.br\/site\/wp-json\/wp\/v2\/posts\/4803\/revisions\/4805"}],"wp:attachment":[{"href":"https:\/\/3ipt.org.br\/site\/wp-json\/wp\/v2\/media?parent=4803"}],"wp:term":[{"taxonomy":"category","embeddable":true,"href":"https:\/\/3ipt.org.br\/site\/wp-json\/wp\/v2\/categories?post=4803"},{"taxonomy":"post_tag","embeddable":true,"href":"https:\/\/3ipt.org.br\/site\/wp-json\/wp\/v2\/tags?post=4803"}],"curies":[{"name":"wp","href":"https:\/\/api.w.org\/{rel}","templated":true}]}}