{"id":4807,"date":"2026-01-18T08:00:00","date_gmt":"2026-01-18T11:00:00","guid":{"rendered":"https:\/\/3ipt.org.br\/site\/?p=4807"},"modified":"2026-01-17T11:54:02","modified_gmt":"2026-01-17T14:54:02","slug":"boletim-informativo-no-03-2026","status":"publish","type":"post","link":"https:\/\/3ipt.org.br\/site\/boletim\/boletim-informativo-no-03-2026\/","title":{"rendered":"Boletim Informativo n\u00ba 03\/2026"},"content":{"rendered":"\nVers\u00e3o para impress\u00e3o: <a href=\"https:\/\/3ipt.org.br\/site\/wp-content\/uploads\/2026\/01\/Boletim-03-2026-print.pdf\"><img loading=\"lazy\" decoding=\"async\" class=\"alignleft wp-image-60\" src=\"http:\/\/3ipt.org.br\/site\/wp-content\/uploads\/2018\/09\/baseline_picture_as_pdf_black_18dp.png\" alt=\"pdf logo\" width=\"24\" height=\"24\"><\/a>\n\n\n\n<h2 class=\"wp-block-heading\">A Nossa Depend\u00eancia Absoluta de Deus e as Nossas Ora\u00e7\u00f5es<\/h2>\n\n\n\n<blockquote class=\"wp-block-quote is-layout-flow wp-block-quote-is-layout-flow\">\n<p>\u201cComo o ramo n\u00e3o pode produzir fruto de si mesmo se n\u00e3o permanecer na videira, assim voc\u00eas n\u00e3o podem dar fruto se n\u00e3o permanecerem em mim. Eu sou a videira, voc\u00eas s\u00e3o os ramos. Quem permanece em mim, e eu, nele, esse d\u00e1 muito fruto, porque sem mim voc\u00eas n\u00e3o podem fazer nada.\u201d<br>Jo\u00e3o 15:4b-5 (NAA)<\/p>\n<\/blockquote>\n\n\n\n<p>Escrevo sobre este tema lembrando de minha saudosa m\u00e3e. Todas as ora\u00e7\u00f5es que ouvi ela elevando aos c\u00e9us continham a seguinte frase: \u201cSem o Senhor, nada possamos fazer\u201d. A nossa depend\u00eancia de Deus precede ao nosso nascimento e vem da eternidade, quando Ele acompanhou a forma\u00e7\u00e3o dos nossos ossos \u201cquando no oculto fomos formados e entretecidos como nas profundezas da terra\u201d. Os oniscientes olhos de Deus nos \u201cviram a subst\u00e2ncia ainda informe, e no livro dEle foram escritos todos os nossos dias, cada um deles escrito e determinado, quando nem um deles havia ainda\u201d (Salmos 139:15-16). Dependemos de Deus em tudo e para tudo, e essa depend\u00eancia, de teor absoluto, deve nortear as nossas ora\u00e7\u00f5es, pois somente Ele sabe do que realmente necessitamos. Se nos entregarmos \u00e0s suas onipotentes m\u00e3os, Ele far\u00e1 o melhor, pois \u00e9 o Deus onisciente, e as nossas ora\u00e7\u00f5es devem ser feitas segundo a vontade dEle. \u201cE esta \u00e9 a confian\u00e7a que temos para com ele: que, se pedirmos alguma coisa segundo a sua vontade, ele nos ouve\u201d (1 Jo\u00e3o 5:14). E sabemos que \u201ctoda d\u00e1diva boa e perfeita vem do alto, do Pai das luzes, em quem n\u00e3o h\u00e1 mudan\u00e7a nem sombra de varia\u00e7\u00e3o\u201d (Tiago 1:17). Ou seja, tudo de bom que recebemos, todas as b\u00ean\u00e7\u00e3os e todos os dons perfeitos prov\u00eam de Deus e, sem Ele, \u201cnada possamos fazer\u201d, como costumava dizer minha saudosa m\u00e3e.<\/p>\n\n\n\n<p><em>No eterno amor de Deus,<br>Reverendo Jos\u00e9 Loures Rosa<\/em><\/p>\n\n\n\n<p><strong>Nossa Agenda<br><em>Ter\u00e7a-feira \u2013 Ora\u00e7\u00e3o<\/em><\/strong><\/p>\n\n\n\n<p>Um novo ano \u2013 a mesma f\u00e9 e o mesmo Deus. J\u00e1 come\u00e7ou 2026. Come\u00e7amos a contagem de mais um ano, mas a igreja continua aberta e todos os crentes convocados para meia hora de ora\u00e7\u00e3o das 19h30 \u00e0s 20h00 nas ter\u00e7as-feiras em uma reuni\u00e3o privada, que n\u00e3o \u00e9 transmitida nem gravada. Mantenha-se em ora\u00e7\u00e3o pelas tratativas a respeito do col\u00e9gio Simonton. Venha orar tamb\u00e9m intercedendo ao Senhor por miseric\u00f3rdia pela nossa na\u00e7\u00e3o, freando a iniquidade e punindo tantas injusti\u00e7as que vemos praticadas todos os dias. Tamb\u00e9m pedimos a Deus que d\u00ea sabedoria e vigor para as lideran\u00e7as da igreja tanto em suas a\u00e7\u00f5es internas quanto na sociedade. Intercedemos pelos irm\u00e3os, amigos e familiares que est\u00e3o enfrentando problemas ou est\u00e3o fracos na f\u00e9. Tamb\u00e9m \u00e9 muito importante orar pela lideran\u00e7a da igreja, pastor, presb\u00edteros, di\u00e1conos, sociedades, departamentos, fam\u00edlias.<br>Oramos pelos enfermos para que Deus os cure e pelos seus familiares para que Deus lhes sustente durante o per\u00edodo de tratamento. De forma especial oremos pela sa\u00fade das irm\u00e3s Sueli, \u00c1urea, Irany, Ant\u00f4nia Mendes (m\u00e3e do pastor), e os irm\u00e3os Miguel, Alaor e presb\u00edtero Nivaldo. Em nossas reuni\u00f5es tamb\u00e9m aproveitamos para suplicar a Deus por dire\u00e7\u00e3o para nossos projetos pessoais e da igreja.<br>Se voc\u00ea tem algum pedido de ora\u00e7\u00e3o pode mandar via WhatsApp para o n\u00famero (61) 99107-8708 ou pode preencher o cart\u00e3o que se encontra na mesinha na entrada da igreja. Mesmo que voc\u00ea n\u00e3o possa comparecer oraremos por voc\u00ea e pelo seu pedido.<br>S\u00f3 meia hora de ora\u00e7\u00e3o. E \u00e9 pouco! Tem sido t\u00e3o aben\u00e7oador que meia hora est\u00e1 come\u00e7ando a ser insuficiente.<\/p>\n\n\n\n<p><strong><em>Ter\u00e7a-feira \u2013 Estudo B\u00edblico<\/em><\/strong><\/p>\n\n\n\n<p>Caso n\u00e3o consiga comparecer ao per\u00edodo de ora\u00e7\u00e3o voc\u00ea pode chegar \u00e0s 20h00 para o estudo b\u00edblico.<br>Nesta ter\u00e7a-feira retornamos o tema do nosso estudo b\u00edblico ser\u00e1 a pergunta 40 do Breve Catecismo de Westminster com transmiss\u00e3o ao vivo em nosso canal no YouTube (voc\u00ea pode pedir a apostila completa em formato digital pelo e-mail marthon@gmail.com). Assista, fa\u00e7a sua inscri\u00e7\u00e3o no canal e divulgue para conseguirmos pelo menos mais uma inscri\u00e7\u00e3o.<\/p>\n\n\n\n<p><strong><em>Quinta-feira<\/em><\/strong><\/p>\n\n\n\n<p>A partir das 20h00, sempre que h\u00e1 disponibilidade de resid\u00eancia, a igreja se re\u00fane nas casas dos irm\u00e3os, seguindo o exemplo da igreja primitiva (Atos 2:46; 10:22; 16:15; 16:34) para Edifica\u00e7\u00e3o, Comunh\u00e3o e Ora\u00e7\u00e3o. Aguardamos a disponibilidade dos irm\u00e3os para nos receber em sua casa.<\/p>\n\n\n\n<p><strong><em>Este Domingo<\/em><\/strong><\/p>\n\n\n\n<p>\u00c0s 9h00 Escola B\u00edblica com aula ministrada pelo pastor Marthon Mendes e o tema ser\u00e1 A Ora\u00e7\u00e3o do Pai Nosso: uma escola de espiritualidade.<br>\u00c0s 18h30 Culto Solene ao Senhor, com adora\u00e7\u00e3o, dedica\u00e7\u00e3o pessoal e edifica\u00e7\u00e3o \u00e0 luz das Escrituras tendo como porta-voz da mensagem o reverendo Marthon Mendes com o tema: Princ\u00edpios B\u00edblicos para o Crente Agradar ao Seu Deus (Salmo 101.1-8).<br>Prepare-se para o culto com anteced\u00eancia. Ore ao Senhor pedindo para Ele falar ao seu cora\u00e7\u00e3o atrav\u00e9s da leitura da Palavra, c\u00e2nticos, nas ora\u00e7\u00f5es e pela prega\u00e7\u00e3o. Arranje a sua agenda, se prepare para sair de casa com anteced\u00eancia e tempo suficiente para chegar na igreja pelo menos 10 minutos antes, cumprimente seus irm\u00e3os e acomode-se com uma ora\u00e7\u00e3o de dedica\u00e7\u00e3o antes de come\u00e7ar o culto.<\/p>\n\n\n\n<p><strong>D\u00edzimos e Ofertas<\/strong><\/p>\n\n\n\n<p>Em Deuteron\u00f4mio 14:22-25 a B\u00edblia ensina que o d\u00edzimo \u00e9 uma demonstra\u00e7\u00e3o de gratid\u00e3o pelas b\u00ean\u00e7\u00e3os que Deus deu e uma prova de fidelidade por devolver o que \u00e9 devido ao Senhor. Para ajudar na contabiliza\u00e7\u00e3o dos recursos por parte da tesouraria, ao entregar seus d\u00edzimos e ofertas via PIX ou transfer\u00eancia banc\u00e1ria, especifique o que \u00e9 d\u00edzimo e o que \u00e9 oferta utilizando o CNPJ da igreja 00.574.079\/0001-64. Para ofertas especiais, como doa\u00e7\u00f5es para novos projetos da igreja fa\u00e7a seu dep\u00f3sito no Banco Santander, ag\u00eancia 3328, Conta Corrente 13000174-8. Quando voc\u00ea identifica sua transfer\u00eancia voc\u00ea ajuda o presb\u00edtero Jan, nosso tesoureiro, a fazer o relat\u00f3rio financeiro da igreja.<\/p>\n\n\n\n<p><strong>Doa\u00e7\u00f5es<\/strong><\/p>\n\n\n\n<p>Voc\u00ea pode doar a qualquer tempo, mas a Junta Diaconal orienta os irm\u00e3os que fazem doa\u00e7\u00f5es para as cestas b\u00e1sicas a trazerem sua oferta at\u00e9 o dia 15 de cada m\u00eas. As doa\u00e7\u00f5es podem ser entregues aos di\u00e1conos de plant\u00e3o ou deixadas no local indicado. Se voc\u00ea quiser participar da b\u00ean\u00e7\u00e3o de contribuir, fale com um dos nossos di\u00e1conos.<\/p>\n\n\n\n<p><strong>Projetos<\/strong><\/p>\n\n\n\n<p>Voc\u00ea ainda pode participar dos projetos com suas doa\u00e7\u00f5es. Para saber como procure o presb\u00edtero Jan Uilles ou o presb\u00edtero Leone Braga. Sua participa\u00e7\u00e3o e contribui\u00e7\u00e3o \u00e9 muito importante. Lembre-se do que ensina a Palavra de Deus: cada um contribua segundo tiver proposto no cora\u00e7\u00e3o, n\u00e3o por tristeza ou necessidade porque Deus ama ao que d\u00e1 com alegria!<\/p>\n\n\n\n<p><strong>Catecismo Maior de Westminster<\/strong><\/p>\n\n\n\n<ol start=\"197\">\n<li>Qual \u00e9 o dever dos homens para com a Palavra de Deus? O dever dos homens para com a Palavra de Deus \u00e9 receb\u00ea-la com f\u00e9, amor e obedi\u00eancia; guard\u00e1-la em seu cora\u00e7\u00e3o e pratic\u00e1-la em sua vida; l\u00ea-la, ouvi-la e meditar nela com temor e rever\u00eancia; e transmiti-la fielmente aos outros. Deuteron\u00f4mio 6:6-9; Salmos 119:11; Prov\u00e9rbios 2:1-5; Mateus 28:19-20; Colossenses 3:16; Tiago 1:21-25.<\/li>\n<\/ol>\n\n\n\n<p><strong>Novos Membros<\/strong><\/p>\n\n\n\n<p>Se voc\u00ea desejar fazer da nossa igreja a sua igreja, com todos os privil\u00e9gios que os membros possuem, voc\u00ea ser\u00e1 muito bem-vindo. Torne-se membro de nossa igreja. Para saber mais fale com um dos presb\u00edteros ou com o pastor. A classe de Discipulado [para aqueles irm\u00e3os que est\u00e3o chegando de igrejas n\u00e3o presbiterianas] e Catecumenato [para aqueles que ainda n\u00e3o foram batizados e professaram publicamente a sua f\u00e9] destinada aos candidatos a novos membros, no mesmo hor\u00e1rio da Escola B\u00edblica e tem funcionamento cont\u00ednuo, ou seja &#8211; voc\u00ea pode come\u00e7ar de qualquer li\u00e7\u00e3o. Professores presb\u00edtero Jorge Marques e Thiago Marques.<\/p>\n\n\n\n<p><strong>F\u00e9rias Pastorais<\/strong><\/p>\n\n\n\n<p>Ap\u00f3s 10 dias de gozo de f\u00e9rias o pastor j\u00e1 est\u00e1 de volta desde o dia 12. Agradece as ora\u00e7\u00f5es dos irm\u00e3os e louva a Deus por este per\u00edodo tranquilo e sem contratempos. Baterias recarregadas para servir ao Senhor com alegria e disposi\u00e7\u00e3o neste novo ano que Ele nos deu.<\/p>\n\n\n\n<p><strong>Col\u00e9gio Presbiteriano Simonton<\/strong><\/p>\n\n\n\n<p>Voc\u00ea j\u00e1 fez a matr\u00edcula de seu filho, sobrinho ou neto no Simonton? Ainda d\u00e1 tempo! Se voc\u00ea tem algum conhecido que tenha crian\u00e7a em idade de estudar no Simonton, divulgue nossa escola. O Col\u00e9gio j\u00e1 est\u00e1 aos cuidados da nova administra\u00e7\u00e3o. Este ano temos novidades: Maternal e Ber\u00e7\u00e1rio. Isso mesmo \u2013 do ber\u00e7\u00e1rio at\u00e9 o 9\u00ba ano.<\/p>\n\n\n\n<p><strong>Escala da Junta Diaconal<\/strong><\/p>\n\n\n\n<ul>\n<li>18\/01 Domingo: Manoel e Edmar<\/li>\n\n\n\n<li>20\/01 Ter\u00e7a: Manoel e D\u00eanis<\/li>\n\n\n\n<li>22\/01 Quinta: Samuel<\/li>\n<\/ul>\n\n\n\n<p><strong>Liturgia do Culto Noturno<br><em>Presb\u00edtero Jorge Marques<\/em><\/strong><\/p>\n\n\n\n<ul>\n<li>Leitura b\u00edblica \u2013 Salmo 106:1<\/li>\n\n\n\n<li>Ora\u00e7\u00e3o de invoca\u00e7\u00e3o<\/li>\n\n\n\n<li>Leitura b\u00edblica \u2013 Salmo 111<\/li>\n\n\n\n<li>Louvor \u2013 Hino 113<\/li>\n\n\n\n<li>Leitura b\u00edblica \u2013 Miqueias. 7:18 e 19<\/li>\n\n\n\n<li>Ora\u00e7\u00e3o de contri\u00e7\u00e3o (confiss\u00e3o de pecados)<\/li>\n\n\n\n<li>Louvor \u2013 Hino 128<\/li>\n\n\n\n<li>Ora\u00e7\u00e3o intercess\u00f3ria \u2013 pastorais<\/li>\n\n\n\n<li>Oportunidade para o Grupo de Louvor e recolhimento de d\u00edzimos e ofertas<\/li>\n\n\n\n<li>Ora\u00e7\u00e3o de gratid\u00e3o pelos d\u00edzimos, ofertas e crian\u00e7as<\/li>\n\n\n\n<li>Prega\u00e7\u00e3o: Reverendo Marthon Mendes<\/li>\n\n\n\n<li>Louvor \u2013 Hino 62<\/li>\n\n\n\n<li>Ora\u00e7\u00e3o final e b\u00ean\u00e7\u00e3o apost\u00f3lica<\/li>\n\n\n\n<li>Posl\u00fadio e avisos<\/li>\n<\/ul>\n\n\n\n<p><strong>Visitantes<\/strong><\/p>\n\n\n\n<p>Sua presen\u00e7a em nossa igreja \u00e9 motivo de grande alegria, e desejamos que assim como fomos aben\u00e7oados com sua visita, sua presen\u00e7a em nosso meio tenha sido uma alegre colheita de b\u00ean\u00e7\u00e3os espirituais. Desejamos que voc\u00ea desfrute da comunh\u00e3o com Deus e da nossa comunh\u00e3o. Que o Senhor te aben\u00e7oe ricamente. Queremos retribuir sua visita assim que poss\u00edvel. Aguardamos apenas que voc\u00ea informe quando for poss\u00edvel e teremos prazer em visitar voc\u00ea e sua fam\u00edlia.<\/p>\n\n\n\n<p><strong>Aniversariantes (18\/01 a 24\/01)<\/strong><\/p>\n\n\n\n<p>18\/01 Levi Chemp Silva<br>21\/01 Larissa Santos Araujo<\/p>\n\n\n\n<p>Faltou o seu nome? Se voc\u00ea \u00e9 membro da igreja e deseja que nos alegremos com voc\u00ea, por gentileza, atualize seu cadastro.<\/p>\n\n\n\n<p><strong>Pa\u00eds de Ora\u00e7\u00e3o da Semana: Senegal<\/strong><\/p>\n\n\n\n<p>O Senegal, na \u00c1frica Ocidental, tem cerca de 18 milh\u00f5es de habitantes e \u00e9 predominantemente mu\u00e7ulmano (95-97%, majoritariamente sunita com influ\u00eancia sufi). Os crist\u00e3os s\u00e3o 4-5% (principalmente cat\u00f3licos, com minorias protestantes e evang\u00e9licas abaixo de 0,2%). H\u00e1 liberdade religiosa constitucional e toler\u00e2ncia hist\u00f3rica entre mu\u00e7ulmanos e crist\u00e3os, sem persegui\u00e7\u00e3o estatal intensa. Convertidos do islamismo, por\u00e9m, sofrem press\u00e3o familiar, ass\u00e9dio e desafios culturais, especialmente no norte, influenciados por sincretismo e radicalismo regional. A igreja evang\u00e9lica cresce devagar, precisando de discipulado fiel. Ore para que o Senhor proteja convertidos, fortale\u00e7a igrejas reformadas minorit\u00e1rias, promova convers\u00f5es aut\u00eanticas entre mu\u00e7ulmanos, d\u00ea ousadia aos crentes para testemunhar e expanda o evangelho puro, combatendo nominalismo.<br><em>Fontes: Joshua Project, Open Doors, Operation World, U.S. Department of State Report on International Religious Freedom<\/em><\/p>\n\n\n\n<figure class=\"wp-block-image size-full\"><img loading=\"lazy\" decoding=\"async\" width=\"127\" height=\"89\" src=\"https:\/\/3ipt.org.br\/site\/wp-content\/uploads\/2018\/10\/senegal.jpg\" alt=\"Senegal\" class=\"wp-image-443\"\/><\/figure>\n","protected":false},"excerpt":{"rendered":"<p>Vers\u00e3o para impress\u00e3o: A Nossa Depend\u00eancia Absoluta de Deus e as Nossas Ora\u00e7\u00f5es \u201cComo o ramo n\u00e3o pode produzir fruto de si mesmo se n\u00e3o permanecer na videira, assim voc\u00eas n\u00e3o podem dar fruto se n\u00e3o permanecerem em mim. Eu sou a videira, voc\u00eas s\u00e3o os ramos. Quem permanece em mim, e eu, nele, esse&#8230;<\/p>\n","protected":false},"author":1,"featured_media":0,"comment_status":"open","ping_status":"open","sticky":false,"template":"","format":"standard","meta":{"footnotes":""},"categories":[4],"tags":[],"_links":{"self":[{"href":"https:\/\/3ipt.org.br\/site\/wp-json\/wp\/v2\/posts\/4807"}],"collection":[{"href":"https:\/\/3ipt.org.br\/site\/wp-json\/wp\/v2\/posts"}],"about":[{"href":"https:\/\/3ipt.org.br\/site\/wp-json\/wp\/v2\/types\/post"}],"author":[{"embeddable":true,"href":"https:\/\/3ipt.org.br\/site\/wp-json\/wp\/v2\/users\/1"}],"replies":[{"embeddable":true,"href":"https:\/\/3ipt.org.br\/site\/wp-json\/wp\/v2\/comments?post=4807"}],"version-history":[{"count":1,"href":"https:\/\/3ipt.org.br\/site\/wp-json\/wp\/v2\/posts\/4807\/revisions"}],"predecessor-version":[{"id":4809,"href":"https:\/\/3ipt.org.br\/site\/wp-json\/wp\/v2\/posts\/4807\/revisions\/4809"}],"wp:attachment":[{"href":"https:\/\/3ipt.org.br\/site\/wp-json\/wp\/v2\/media?parent=4807"}],"wp:term":[{"taxonomy":"category","embeddable":true,"href":"https:\/\/3ipt.org.br\/site\/wp-json\/wp\/v2\/categories?post=4807"},{"taxonomy":"post_tag","embeddable":true,"href":"https:\/\/3ipt.org.br\/site\/wp-json\/wp\/v2\/tags?post=4807"}],"curies":[{"name":"wp","href":"https:\/\/api.w.org\/{rel}","templated":true}]}}