{"id":4810,"date":"2026-01-25T08:00:00","date_gmt":"2026-01-25T11:00:00","guid":{"rendered":"https:\/\/3ipt.org.br\/site\/?p=4810"},"modified":"2026-01-24T11:22:44","modified_gmt":"2026-01-24T14:22:44","slug":"boletim-informativo-no-04-2026","status":"publish","type":"post","link":"https:\/\/3ipt.org.br\/site\/boletim\/boletim-informativo-no-04-2026\/","title":{"rendered":"Boletim Informativo n\u00ba 04\/2026"},"content":{"rendered":"\nVers\u00e3o para impress\u00e3o: <a href=\"https:\/\/3ipt.org.br\/site\/wp-content\/uploads\/2026\/01\/Boletim-04-2026-print.pdf\"><img loading=\"lazy\" decoding=\"async\" class=\"alignleft wp-image-60\" src=\"http:\/\/3ipt.org.br\/site\/wp-content\/uploads\/2018\/09\/baseline_picture_as_pdf_black_18dp.png\" alt=\"pdf logo\" width=\"24\" height=\"24\"><\/a>\n\n\n\n<h2 class=\"wp-block-heading\">Ant\u00eddoto Contra a Ang\u00fastia<\/h2>\n\n\n\n<blockquote class=\"wp-block-quote is-layout-flow wp-block-quote-is-layout-flow\">\n<p>\u201cAinda que a figueira n\u00e3o flores\u00e7a, nem haja fruto na vide; o produto da oliveira minta, e os campos n\u00e3o produzam mantimento; as ovelhas sejam arrebatadas do aprisco, e nos currais n\u00e3o haja gado, todavia, eu me alegro no Senhor, exulto no Deus da minha salva\u00e7\u00e3o.\u201d<br>Habacuque 3:17-18<\/p>\n<\/blockquote>\n\n\n\n<p>Tempos dif\u00edceis se aproximam aceleradamente, tempos de ang\u00fastia entre as na\u00e7\u00f5es, conforme anunciam as Escrituras: \u201cHaver\u00e1 sinais no sol, na lua e nas estrelas. E, na terra, as na\u00e7\u00f5es ficar\u00e3o angustiadas, perplexas com o rugir dos mares e a agita\u00e7\u00e3o das ondas. Haver\u00e1 homens que desmaiar\u00e3o de terror e pela expectativa das coisas que sobrevir\u00e3o ao mundo; pois os poderes dos c\u00e9us ser\u00e3o abalados\u201d (Lucas 21:25-26). Diante disso, o \u00fanico ant\u00eddoto eficaz \u00e9 o t\u00famulo vazio de Jesus. Crendo que Ele ressuscitou dentre os mortos, estaremos prontos para enfrentar qualquer dissabor, pois essa f\u00e9 nos conecta \u00e0s grandes interven\u00e7\u00f5es de Deus na hist\u00f3ria: a liberta\u00e7\u00e3o do povo no Egito, a divis\u00e3o do mar Vermelho, o man\u00e1 que desceu do c\u00e9u, a travessia milagrosa do rio Jord\u00e3o, a preserva\u00e7\u00e3o dos tr\u00eas companheiros na fornalha ardente, Daniel na cova dos le\u00f5es e Jonas no ventre do grande peixe. E o melhor de tudo, meu povo querido: \u201cSe, com a tua boca, confessares a Jesus como Senhor e, em teu cora\u00e7\u00e3o, creres que Deus o ressuscitou dentre os mortos, ser\u00e1s salvo\u201d (Romanos 10:9). A B\u00edblia \u00e9 clara ao falar da grande tribula\u00e7\u00e3o que anteceder\u00e1 a Segunda Vinda do Senhor Jesus. Ter f\u00e9 n\u00e3o significa viver alienado dos acontecimentos ou desinteressado da realidade que nos rodeia, realidade que confirma as profecias b\u00edblicas. O profeta Habacuque \u00e9 um grande exemplo: diante dos dias dif\u00edceis que se aproximavam de Israel com o cativeiro babil\u00f4nico, ele confessou seu tremor (\u201cEstremeci por dentro quando ouvi isso; meus l\u00e1bios tremeram de medo. Minhas pernas vacilaram, e tremi de terror\u201d \u2013 Habacuque 3:16), mas, em inabal\u00e1vel f\u00e9 nAquele que ressuscitaria Jesus, concluiu sua ora\u00e7\u00e3o com uma doxologia poderosa. Temos o t\u00famulo vazio, minha gente; temos um ant\u00eddoto infal\u00edvel contra as ang\u00fastias do viver.<\/p>\n\n\n\n<p><em>Com amor,<br>Reverendo Jos\u00e9 Loures Rosa<\/em><\/p>\n\n\n\n<p><strong>Nossa Agenda<br><em>Ter\u00e7a-feira \u2013 Ora\u00e7\u00e3o<\/em><\/strong><\/p>\n\n\n\n<p>Um novo ano \u2013 a mesma f\u00e9 e o mesmo Deus. Todos os crentes est\u00e3o convocados para meia hora de ora\u00e7\u00e3o das 19h30 \u00e0s 20h00 nas ter\u00e7as-feiras em uma reuni\u00e3o privada, que n\u00e3o \u00e9 transmitida nem gravada. Venha orar tamb\u00e9m intercedendo ao Senhor por miseric\u00f3rdia pela nossa na\u00e7\u00e3o, freando a iniquidade e punindo tantas injusti\u00e7as que vemos praticadas todos os dias. Tamb\u00e9m pedimos a Deus que d\u00ea sabedoria e vigor para as lideran\u00e7as da igreja tanto em suas a\u00e7\u00f5es internas quanto na sociedade. Intercedemos pelos irm\u00e3os, amigos e familiares que est\u00e3o enfrentando problemas ou est\u00e3o fracos na f\u00e9. Tamb\u00e9m \u00e9 muito importante orar pela lideran\u00e7a da igreja, pastor, presb\u00edteros, di\u00e1conos, sociedades, departamentos, fam\u00edlias.<br>Oramos pelos enfermos para que Deus os cure e pelos seus familiares para que Deus lhes sustente durante o per\u00edodo de tratamento. De forma especial oremos pela sa\u00fade das irm\u00e3s Sueli, L\u00facia, \u00c1urea, Irany, e os irm\u00e3os Miguel, Alaor e presb\u00edtero Nivaldo. Em nossas reuni\u00f5es tamb\u00e9m aproveitamos para suplicar a Deus por dire\u00e7\u00e3o para nossos projetos pessoais e da igreja.<br>Se voc\u00ea tem algum pedido de ora\u00e7\u00e3o pode mandar via WhatsApp para o n\u00famero (61) 99107-8708 ou pode preencher o cart\u00e3o que se encontra na mesinha na entrada da igreja. Mesmo que voc\u00ea n\u00e3o possa comparecer oraremos por voc\u00ea e pelo seu pedido.<br>S\u00f3 meia hora de ora\u00e7\u00e3o. E \u00e9 pouco! Tem sido t\u00e3o aben\u00e7oador que meia hora est\u00e1 come\u00e7ando a ser insuficiente.<\/p>\n\n\n\n<p><strong><em>Ter\u00e7a-feira \u2013 Estudo B\u00edblico<\/em><\/strong><\/p>\n\n\n\n<p>Caso n\u00e3o consiga comparecer ao per\u00edodo de ora\u00e7\u00e3o voc\u00ea pode chegar \u00e0s 20h00 para o estudo b\u00edblico.<br>Nesta ter\u00e7a-feira retornamos o tema do nosso estudo b\u00edblico ser\u00e1 a pergunta 41 do Breve Catecismo de Westminster com transmiss\u00e3o ao vivo em nosso canal no YouTube (voc\u00ea pode pedir a apostila completa em formato digital pelo e-mail marthon@gmail.com). Assista, fa\u00e7a sua inscri\u00e7\u00e3o no canal e divulgue para conseguirmos pelo menos mais uma inscri\u00e7\u00e3o.<\/p>\n\n\n\n<p><strong><em>Reuni\u00e3o nos Lares<\/em><\/strong><\/p>\n\n\n\n<p>A partir das 20h00, sempre que h\u00e1 disponibilidade de resid\u00eancia, a igreja se re\u00fane nas casas dos irm\u00e3os, seguindo o exemplo da igreja primitiva (Atos dos Ap\u00f3stolos 2:46; 10:22; 16:15; 16:34) para Edifica\u00e7\u00e3o, Comunh\u00e3o e Ora\u00e7\u00e3o. Aguardamos a disponibilidade dos irm\u00e3os para nos receber em sua casa. No m\u00eas de fevereiro s\u00f3 temos agendada reuni\u00e3o na 2\u00aa sexta-feira na resid\u00eancia dos irm\u00e3os D\u00eanis e Shirley Tavares.<\/p>\n\n\n\n<p><strong><em>Este Domingo<\/em><\/strong><\/p>\n\n\n\n<p>\u00c0s 9h00 Escola B\u00edblica com aula ministrada pelo pastor Marthon Mendes e o tema ser\u00e1 O Pai Nosso e a sua natureza.<br>\u00c0s 18h30 Culto Solene ao Senhor, com adora\u00e7\u00e3o, dedica\u00e7\u00e3o pessoal e edifica\u00e7\u00e3o \u00e0 luz das Escrituras tendo como porta-voz da mensagem o reverendo Marthon Mendes com o tema: Conhecendo o eterno prop\u00f3sito de Deus para a igreja revelado em Jesus Cristo (Ef\u00e9sios 1:1-2).<br>Prepare-se para o culto com anteced\u00eancia. Ore ao Senhor pedindo para Ele falar ao seu cora\u00e7\u00e3o atrav\u00e9s da leitura da Palavra, c\u00e2nticos, nas ora\u00e7\u00f5es e pela prega\u00e7\u00e3o. Arranje a sua agenda, se prepare para sair de casa com anteced\u00eancia e tempo suficiente para chegar na igreja pelo menos 10 minutos antes, cumprimente seus irm\u00e3os e acomode-se com uma ora\u00e7\u00e3o de dedica\u00e7\u00e3o antes de come\u00e7ar o culto.<\/p>\n\n\n\n<p><strong>D\u00edzimos e Ofertas<\/strong><\/p>\n\n\n\n<p>Em Deuteron\u00f4mio 14:22-25 a B\u00edblia ensina que o d\u00edzimo \u00e9 uma demonstra\u00e7\u00e3o de gratid\u00e3o pelas b\u00ean\u00e7\u00e3os que Deus deu e uma prova de fidelidade por devolver o que \u00e9 devido ao Senhor. Para ajudar na contabiliza\u00e7\u00e3o dos recursos por parte da tesouraria, ao entregar seus d\u00edzimos e ofertas via PIX ou transfer\u00eancia banc\u00e1ria, especifique o que \u00e9 d\u00edzimo e o que \u00e9 oferta utilizando o CNPJ da igreja 00.574.079\/0001-64. Para ofertas especiais, como doa\u00e7\u00f5es para novos projetos da igreja fa\u00e7a seu dep\u00f3sito no Banco Santander, ag\u00eancia 3328, Conta Corrente 13000174-8. Quando voc\u00ea identifica sua transfer\u00eancia voc\u00ea ajuda o presb\u00edtero Jan, nosso tesoureiro, a fazer o relat\u00f3rio financeiro da igreja.<\/p>\n\n\n\n<p><strong>Doa\u00e7\u00f5es<\/strong><\/p>\n\n\n\n<p>Voc\u00ea pode doar a qualquer tempo, mas a Junta Diaconal orienta os irm\u00e3os que fazem doa\u00e7\u00f5es para as cestas b\u00e1sicas a trazerem sua oferta at\u00e9 o dia 15 de cada m\u00eas. As doa\u00e7\u00f5es podem ser entregues aos di\u00e1conos de plant\u00e3o ou deixadas no local indicado. Se voc\u00ea quiser participar da b\u00ean\u00e7\u00e3o de contribuir, fale com um dos nossos di\u00e1conos.<\/p>\n\n\n\n<p><strong>Projetos<\/strong><\/p>\n\n\n\n<p>Voc\u00ea ainda pode participar dos projetos com suas doa\u00e7\u00f5es. Para saber como procure o presb\u00edtero Jan Uilles ou o presb\u00edtero Leone Braga. Sua participa\u00e7\u00e3o e contribui\u00e7\u00e3o \u00e9 muito importante. Lembre-se do que ensina a Palavra de Deus: cada um contribua segundo tiver proposto no cora\u00e7\u00e3o, n\u00e3o por tristeza ou necessidade porque Deus ama ao que d\u00e1 com alegria!<\/p>\n\n\n\n<p><strong>Catecismo Maior de Westminster<\/strong><\/p>\n\n\n\n<ol start=\"198\">\n<li>Qual \u00e9 o nosso dever para com a Palavra de Deus? O nosso dever para com a Palavra de Deus \u00e9 receb\u00ea-la com f\u00e9, amor e obedi\u00eancia; guard\u00e1-la em nosso cora\u00e7\u00e3o e pratic\u00e1-la em nossa vida; l\u00ea-la, ouvi-la e meditar nela com temor e rever\u00eancia; e transmiti-la fielmente aos outros. Deuteron\u00f4mio 6:6-9; Salmos 119:11; Prov\u00e9rbios 2:1-5; Mateus 28:19-20; Colossenses 3:16; Tiago 1:21-25.<\/li>\n<\/ol>\n\n\n\n<p><strong>Novos Membros<\/strong><\/p>\n\n\n\n<p>Se voc\u00ea desejar fazer da nossa igreja a sua igreja, com todos os privil\u00e9gios que os membros possuem, voc\u00ea ser\u00e1 muito bem-vindo. Torne-se membro de nossa igreja. Para saber mais fale com um dos presb\u00edteros ou com o pastor. A classe de Discipulado [para aqueles irm\u00e3os que est\u00e3o chegando de igrejas n\u00e3o presbiterianas] e Catecumenato [para aqueles que ainda n\u00e3o foram batizados e professaram publicamente a sua f\u00e9] destinada aos candidatos a novos membros, no mesmo hor\u00e1rio da Escola B\u00edblica e tem funcionamento cont\u00ednuo, ou seja &#8211; voc\u00ea pode come\u00e7ar de qualquer li\u00e7\u00e3o. Professores presb\u00edtero Jorge Marques e Thiago Marques.<\/p>\n\n\n\n<p><strong>Col\u00e9gio Presbiteriano Simonton<\/strong><\/p>\n\n\n\n<p>Voc\u00ea j\u00e1 fez a matr\u00edcula de seu filho, sobrinho ou neto no Simonton? Ainda d\u00e1 tempo! Se voc\u00ea tem algum conhecido que tenha crian\u00e7a em idade de estudar no Simonton, divulgue nossa escola. O Col\u00e9gio j\u00e1 est\u00e1 aos cuidados de novo parceiro administrativo.<\/p>\n\n\n\n<p><strong>Escala da Junta Diaconal<\/strong><\/p>\n\n\n\n<ul>\n<li>25\/01 Domingo: Edmar e Thiago<\/li>\n\n\n\n<li>27\/01 Ter\u00e7a: Manoel e D\u00eanis<\/li>\n\n\n\n<li>29\/01 Quinta: Samuel<\/li>\n<\/ul>\n\n\n\n<p><strong>Liturgia do Culto Noturno<br><em>Presb\u00edtero Leone Braga<\/em><\/strong><\/p>\n\n\n\n<ul>\n<li>Leitura b\u00edblica \u2013 Salmo 134:1-3<\/li>\n\n\n\n<li>Ora\u00e7\u00e3o de invoca\u00e7\u00e3o<\/li>\n\n\n\n<li>Leitura b\u00edblica \u2013 Salmo 139:1-12<\/li>\n\n\n\n<li>Louvor \u2013 Hino 27<\/li>\n\n\n\n<li>Leitura b\u00edblica \u2013 Salmo 139:13-24<\/li>\n\n\n\n<li>Ora\u00e7\u00e3o de contri\u00e7\u00e3o (confiss\u00e3o de pecados)<\/li>\n\n\n\n<li>Louvor \u2013 Hino 67<\/li>\n\n\n\n<li>Leitura b\u00edblica \u2013 Salmo 131:1-3<\/li>\n\n\n\n<li>Ora\u00e7\u00e3o intercess\u00f3ria \u2013 pastorais<\/li>\n\n\n\n<li>Oportunidade para o Grupo de Louvor e recolhimento de d\u00edzimos e ofertas<\/li>\n\n\n\n<li>Ora\u00e7\u00e3o de gratid\u00e3o pelos d\u00edzimos, ofertas e crian\u00e7as<\/li>\n\n\n\n<li>Prega\u00e7\u00e3o: Reverendo Marthon Mendes<\/li>\n\n\n\n<li>Ora\u00e7\u00e3o final e b\u00ean\u00e7\u00e3o apost\u00f3lica<\/li>\n\n\n\n<li>Posl\u00fadio e avisos<\/li>\n<\/ul>\n\n\n\n<p><strong>Visitantes<\/strong><\/p>\n\n\n\n<p>Sua presen\u00e7a em nossa igreja \u00e9 motivo de grande alegria, e desejamos que assim como fomos aben\u00e7oados com sua visita, sua presen\u00e7a em nosso meio tenha sido uma alegre colheita de b\u00ean\u00e7\u00e3os espirituais. Desejamos que voc\u00ea desfrute da comunh\u00e3o com Deus e da nossa comunh\u00e3o. Que o Senhor te aben\u00e7oe ricamente. Queremos retribuir sua visita assim que poss\u00edvel. Aguardamos apenas que voc\u00ea informe quando for poss\u00edvel e teremos prazer em visitar voc\u00ea e sua fam\u00edlia.<\/p>\n\n\n\n<p><strong>Aniversariantes (25\/01 a 31\/01)<\/strong><\/p>\n\n\n\n<p>25\/01 V\u00edtor Augusto Soares Lins<br>25\/01 Cida e Gilson (cas.)<br>30\/01 D\u00e9bora Fernandes da Silva<br>30\/01 Cl\u00e1udia e Roberto Vieira (cas.)<br>30\/01 Juliana e Manoel (cas.)<\/p>\n\n\n\n<p>Faltou o seu nome? Se voc\u00ea \u00e9 membro da igreja e deseja que nos alegremos com voc\u00ea, por gentileza, atualize seu cadastro.<\/p>\n\n\n\n<p><strong>Pa\u00eds de Ora\u00e7\u00e3o da Semana: Serra Leoa<\/strong><\/p>\n\n\n\n<p>A Serra Leoa, na \u00c1frica Ocidental, tem cerca de 8,8 milh\u00f5es de habitantes, sendo aproximadamente 78% mu\u00e7ulmanos e 21% crist\u00e3os (incluindo minorias evang\u00e9licas e protestantes). H\u00e1 liberdade religiosa constitucional, sem persegui\u00e7\u00e3o estatal sistem\u00e1tica. No entanto, convertidos do islamismo enfrentam press\u00e3o familiar, rejei\u00e7\u00e3o social e desafios culturais em algumas regi\u00f5es. A igreja evang\u00e9lica cresce lentamente e precisa de discipulado fiel para combater o nominalismo. Ore para que o Senhor proteja os convertidos, fortale\u00e7a as pequenas igrejas reformadas, promova convers\u00f5es genu\u00ednas entre mu\u00e7ulmanos, d\u00ea ousadia aos crentes para testemunhar e expanda o evangelho puro em meio \u00e0 pobreza e diversidade religiosa.<br><em>Fontes: Joshua Project, Operation World, U.S. Department of State Report on International Religious Freedom<\/em><\/p>\n\n\n\n<figure class=\"wp-block-image size-full\"><img loading=\"lazy\" decoding=\"async\" width=\"125\" height=\"88\" src=\"https:\/\/3ipt.org.br\/site\/wp-content\/uploads\/2018\/10\/serra_leoa.jpg\" alt=\"Serra Leoa\" class=\"wp-image-444\"\/><\/figure>\n","protected":false},"excerpt":{"rendered":"<p>Vers\u00e3o para impress\u00e3o: Ant\u00eddoto Contra a Ang\u00fastia \u201cAinda que a figueira n\u00e3o flores\u00e7a, nem haja fruto na vide; o produto da oliveira minta, e os campos n\u00e3o produzam mantimento; as ovelhas sejam arrebatadas do aprisco, e nos currais n\u00e3o haja gado, todavia, eu me alegro no Senhor, exulto no Deus da minha salva\u00e7\u00e3o.\u201dHabacuque 3:17-18 Tempos&#8230;<\/p>\n","protected":false},"author":1,"featured_media":0,"comment_status":"open","ping_status":"open","sticky":false,"template":"","format":"standard","meta":{"footnotes":""},"categories":[4],"tags":[],"_links":{"self":[{"href":"https:\/\/3ipt.org.br\/site\/wp-json\/wp\/v2\/posts\/4810"}],"collection":[{"href":"https:\/\/3ipt.org.br\/site\/wp-json\/wp\/v2\/posts"}],"about":[{"href":"https:\/\/3ipt.org.br\/site\/wp-json\/wp\/v2\/types\/post"}],"author":[{"embeddable":true,"href":"https:\/\/3ipt.org.br\/site\/wp-json\/wp\/v2\/users\/1"}],"replies":[{"embeddable":true,"href":"https:\/\/3ipt.org.br\/site\/wp-json\/wp\/v2\/comments?post=4810"}],"version-history":[{"count":1,"href":"https:\/\/3ipt.org.br\/site\/wp-json\/wp\/v2\/posts\/4810\/revisions"}],"predecessor-version":[{"id":4812,"href":"https:\/\/3ipt.org.br\/site\/wp-json\/wp\/v2\/posts\/4810\/revisions\/4812"}],"wp:attachment":[{"href":"https:\/\/3ipt.org.br\/site\/wp-json\/wp\/v2\/media?parent=4810"}],"wp:term":[{"taxonomy":"category","embeddable":true,"href":"https:\/\/3ipt.org.br\/site\/wp-json\/wp\/v2\/categories?post=4810"},{"taxonomy":"post_tag","embeddable":true,"href":"https:\/\/3ipt.org.br\/site\/wp-json\/wp\/v2\/tags?post=4810"}],"curies":[{"name":"wp","href":"https:\/\/api.w.org\/{rel}","templated":true}]}}