{"id":4861,"date":"2026-04-26T08:00:00","date_gmt":"2026-04-26T11:00:00","guid":{"rendered":"https:\/\/3ipt.org.br\/site\/?p=4861"},"modified":"2026-04-25T18:23:54","modified_gmt":"2026-04-25T21:23:54","slug":"boletim-informativo-no-17-2026","status":"publish","type":"post","link":"https:\/\/3ipt.org.br\/site\/boletim\/boletim-informativo-no-17-2026\/","title":{"rendered":"Boletim Informativo n\u00ba 17\/2026"},"content":{"rendered":"\nVers\u00e3o para impress\u00e3o: <a href=\"https:\/\/3ipt.org.br\/site\/wp-content\/uploads\/2026\/04\/Boletim-17-2026-print.pdf\"><img loading=\"lazy\" decoding=\"async\" class=\"alignleft wp-image-60\" src=\"http:\/\/3ipt.org.br\/site\/wp-content\/uploads\/2018\/09\/baseline_picture_as_pdf_black_18dp.png\" alt=\"pdf logo\" width=\"24\" height=\"24\"><\/a>\n\n\n\n<h2 class=\"wp-block-heading\">O\u00a0Grande EU\u00a0SOU \u00c9 \u201cO\u00a0P\u00e3o da\u00a0Vida\u201d<\/h2>\n\n\n\n<blockquote class=\"wp-block-quote is-layout-flow wp-block-quote-is-layout-flow\">\n<p>\u201cDeclarou-lhes, pois, Jesus: Eu\u00a0sou o\u00a0p\u00e3o da\u00a0vida; o\u00a0que vem a\u00a0mim jamais ter\u00e1 fome; e\u00a0o\u00a0que cr\u00ea em\u00a0mim jamais ter\u00e1 sede.\u201d<br>Jo\u00e3o 6.35<\/p>\n<\/blockquote>\n\n\n\n<p>Mais uma vez o&nbsp;Senhor Jesus Se&nbsp;revela como o&nbsp;\u00fanico Caminho por onde se&nbsp;alcan\u00e7a a&nbsp;vida abundante, vida plenamente feliz. Aqui o&nbsp;Salvador Se&nbsp;revela como a&nbsp;Fonte da&nbsp;vida eterna, ou&nbsp;a&nbsp;\u00fanica maneira pela qual se&nbsp;alcan\u00e7a a&nbsp;vida com Deus. \u201cEu&nbsp;sou o&nbsp;p\u00e3o da&nbsp;vida, o&nbsp;p\u00e3o vivo que desceu do&nbsp;c\u00e9u\u201d (Jo\u00e3o 6.35 e&nbsp;58), em&nbsp;absolutamente nada semelhante ao&nbsp;p\u00e3o que comemos todos os&nbsp;dias, pois deste comemos e&nbsp;morremos, mas quem comer \u201co&nbsp;p\u00e3o da&nbsp;vida\u201d viver\u00e1 eternamente (Jo\u00e3o 6.58). \u201cEu&nbsp;sou o&nbsp;p\u00e3o\u201d, e&nbsp;as&nbsp;duas palavras seguintes fazem toda a&nbsp;diferen\u00e7a: \u201cda&nbsp;vida\u201d \u2014 e&nbsp;colocamos um&nbsp;acento agudo na&nbsp;primeira vogal, para dizer que: Ele \u00e9 \u201co&nbsp;p\u00e3o da&nbsp;vida\u201d e&nbsp;o&nbsp;P\u00e3o que d\u00e1 vida. O&nbsp;que entendemos e&nbsp;cremos por meio destas majestosas palavras \u00e9 que, por mais profundas, extensas e&nbsp;numerosas que sejam as&nbsp;necessidades de&nbsp;nossa alma, Deus, por meio de&nbsp;Cristo Jesus, satisfaz plenamente a&nbsp;cada uma delas. Nos meus saudosos tempos em&nbsp;que fiz parte de&nbsp;corais na&nbsp;igreja, cant\u00e1vamos o&nbsp;hino 452 do&nbsp;HCC, que diz: \u201cCristo satisfaz minha alma, pois em&nbsp;meu lugar sofreu. Vida, paz e&nbsp;liberdade, plena salva\u00e7\u00e3o me&nbsp;deu. Cristo satisfaz, satisfaz completamente! Meu mais puro ideal, inspirado pela cruz. \u00c9 servir e&nbsp;honrar o&nbsp;bom Jesus.\u201d Entre os&nbsp;oito \u201cEU&nbsp;SOU\u201d do&nbsp;Senhor Jesus Cristo no&nbsp;Evangelho Segundo Jo\u00e3o, destacamos este outro: \u201cEu&nbsp;sou\u2026 a&nbsp;verdade\u201d (Jo\u00e3o 14.6). Meu car\u00edssimo leitor e&nbsp;estimad\u00edssima leitora: Voc\u00ea tem se&nbsp;alimentado da&nbsp;Verdade?<\/p>\n\n\n\n<p><em>Com amor,<br>Reverendo Jos\u00e9 Loures Rosa<\/em><\/p>\n\n\n\n<p><strong>Nossa Agenda<br><em>Escola B\u00edblica<\/em><\/strong><\/p>\n\n\n\n<p>\u00c0s 9h00, nossa Escola B\u00edblica, com aulas para crian\u00e7as e&nbsp;adolescentes dentro de&nbsp;sua programa\u00e7\u00e3o normal. Para os&nbsp;jovens e&nbsp;adultos, cada um&nbsp;em&nbsp;sua sala pr\u00f3pria, continuaremos o&nbsp;estudo da&nbsp;semana passada sobre a&nbsp;segunda parte da&nbsp;Ora\u00e7\u00e3o do&nbsp;Pai Nosso: O&nbsp;Pai Nosso e&nbsp;a&nbsp;Provis\u00e3o de&nbsp;Deus! Vamos buscar respostas b\u00edblicas a&nbsp;perguntas como: Voc\u00ea tem reconhecido Deus como Pai antes de&nbsp;apresentar suas necessidades? Seu pedido por provis\u00e3o nasce de&nbsp;confian\u00e7a ou&nbsp;de&nbsp;ansiedade? O&nbsp;que suas preocupa\u00e7\u00f5es revelam sobre sua confian\u00e7a em&nbsp;Deus? Voc\u00ea tem entregado suas preocupa\u00e7\u00f5es a&nbsp;Deus ou&nbsp;tem tentado controlar tudo? Em&nbsp;que voc\u00ea tem colocado sua seguran\u00e7a: em&nbsp;Deus ou&nbsp;nos recursos que possui? Seus bens t\u00eam te&nbsp;levado \u00e0 generosidade ou&nbsp;ao&nbsp;apego? Voc\u00ea tem cultivado gratid\u00e3o di\u00e1ria pelas provis\u00f5es de&nbsp;Deus, mesmo nas coisas simples? Sua f\u00e9 tem se&nbsp;refletido em&nbsp;atitudes concretas de&nbsp;humildade e&nbsp;generosidade?<\/p>\n\n\n\n<p><strong><em>Culto Dominical<\/em><\/strong><\/p>\n\n\n\n<p>\u00c0s 18h30, Culto Solene ao&nbsp;Senhor, com adora\u00e7\u00e3o, dedica\u00e7\u00e3o pessoal e&nbsp;edifica\u00e7\u00e3o \u00e0 luz das Escrituras, tendo como porta-voz da&nbsp;mensagem o&nbsp;Reverendo Marthon Mendes. A&nbsp;mensagem ser\u00e1 baseada na&nbsp;carta aos Ef\u00e9sios 2.11-12, tendo como tema \u201cA&nbsp;Comunh\u00e3o dos Santos com Deus \u00e9 Fruto da&nbsp;Reden\u00e7\u00e3o em&nbsp;Cristo\u201d.<br>Prepare-se para o&nbsp;culto com a&nbsp;devida anteced\u00eancia. Ore ao&nbsp;Senhor pedindo para Ele falar ao&nbsp;seu cora\u00e7\u00e3o por meio da&nbsp;leitura da&nbsp;Palavra, dos c\u00e2nticos, das ora\u00e7\u00f5es e&nbsp;da&nbsp;prega\u00e7\u00e3o. Senhores pais, tomem todos os&nbsp;cuidados necess\u00e1rios para sa\u00edrem de&nbsp;casa com anteced\u00eancia e&nbsp;tempo suficiente para chegar na&nbsp;igreja com pelo menos 10 minutos de&nbsp;anteced\u00eancia. Lembrem-se de&nbsp;que o&nbsp;culto \u00e9 um&nbsp;compromisso com Deus \u2014 seja exemplo para toda a&nbsp;sua fam\u00edlia. Filhos, colaborem com seus pais, tomando suas provid\u00eancias de&nbsp;banho e&nbsp;arruma\u00e7\u00e3o com a&nbsp;devida anteced\u00eancia. Se&nbsp;voc\u00ea n\u00e3o se&nbsp;atrasa para o&nbsp;trabalho, para um&nbsp;concurso ou&nbsp;para uma reuni\u00e3o de&nbsp;amigos, se&nbsp;seus filhos n\u00e3o se&nbsp;atrasam para as&nbsp;aulas na&nbsp;escola, ent\u00e3o qual a&nbsp;justificativa para atrasar para o&nbsp;culto? Seja exemplo, seja pontual, aproveite para cumprimentar seus irm\u00e3os e&nbsp;acomode-se com uma ora\u00e7\u00e3o de&nbsp;dedica\u00e7\u00e3o antes de&nbsp;come\u00e7ar o&nbsp;culto.<\/p>\n\n\n\n<p><strong><em>Ter\u00e7a-feira \u2014 Ora\u00e7\u00e3o<\/em><\/strong><\/p>\n\n\n\n<p>Orai sem cessar. Todos os&nbsp;crentes est\u00e3o convocados para apenas meia hora de&nbsp;ora\u00e7\u00e3o das 19h30 \u00e0s 20h00 nas ter\u00e7as-feiras, em&nbsp;uma reuni\u00e3o aberta para todos os&nbsp;interessados, mas que n\u00e3o \u00e9 transmitida nem gravada.<br>Venha orar por: miseric\u00f3rdia do&nbsp;Senhor pela nossa na\u00e7\u00e3o, freando a&nbsp;iniquidade e&nbsp;punindo as&nbsp;injusti\u00e7as; sabedoria e&nbsp;vigor para as&nbsp;lideran\u00e7as da&nbsp;igreja; irm\u00e3os, amigos e&nbsp;familiares que est\u00e3o enfrentando problemas ou&nbsp;est\u00e3o fracos na&nbsp;f\u00e9; lideran\u00e7a da&nbsp;igreja, pastor, presb\u00edteros, di\u00e1conos, sociedades, departamentos, fam\u00edlias; enfermos para que Deus os&nbsp;cure e&nbsp;pelos seus familiares para que Deus lhes sustente durante o&nbsp;per\u00edodo de&nbsp;tratamento: Sueli, Maria L\u00facia, \u00c1urea, Irany, Franci e&nbsp;os&nbsp;irm\u00e3os Miguel, Alaor e&nbsp;presb\u00edtero Nivaldo. Pedidos de&nbsp;ora\u00e7\u00e3o: Kaw\u00e3 (rec\u00e9m-nascido, filho do&nbsp;Rafael), Ayla Maneta (tumor cerebral), senhor Edgar (tio do&nbsp;Vin\u00edcius), Edinei Ulisses (primo do&nbsp;Vin\u00edcius), Jeferson Luz (colega de&nbsp;trabalho do&nbsp;Vin\u00edcius), Jos\u00e9 Orleans (irm\u00e3o da&nbsp;Sueli), dona Meirevan (m\u00e3e do&nbsp;pastor Carlos J\u00fanior) e&nbsp;dona Walneide (esposa do&nbsp;pastor Neurival).<br>Em&nbsp;nossas reuni\u00f5es tamb\u00e9m oramos por dire\u00e7\u00e3o de&nbsp;Deus para nossos projetos pessoais e&nbsp;da&nbsp;igreja. Se&nbsp;voc\u00ea tem algum pedido de&nbsp;ora\u00e7\u00e3o, pode mandar via WhatsApp para o&nbsp;n\u00famero (61) 99107-8708 ou&nbsp;preencher o&nbsp;cart\u00e3o que se&nbsp;encontra na&nbsp;mesinha na&nbsp;entrada da&nbsp;igreja. Mesmo que voc\u00ea n\u00e3o possa comparecer, oraremos por voc\u00ea e&nbsp;pelo seu pedido.<br>S\u00f3 meia hora de&nbsp;ora\u00e7\u00e3o. E&nbsp;\u00e9 pouco! Tem sido t\u00e3o aben\u00e7oador que meia hora est\u00e1 come\u00e7ando a&nbsp;ser insuficiente.<\/p>\n\n\n\n<p><strong><em>Ter\u00e7a-feira \u2014 Estudo B\u00edblico<\/em><\/strong><\/p>\n\n\n\n<p>Nesta ter\u00e7a-feira retornamos ao&nbsp;tema do&nbsp;nosso estudo b\u00edblico: a&nbsp;pergunta 54 do&nbsp;Breve Catecismo de&nbsp;Westminster \u2014 Quais S\u00e3o as&nbsp;Exig\u00eancias do&nbsp;Terceiro Mandamento? A&nbsp;resposta \u00e9: \u201cO&nbsp;terceiro mandamento exige o&nbsp;santo e&nbsp;reverente uso dos nomes, t\u00edtulos, atributos, ordenan\u00e7as, palavras e&nbsp;obras de&nbsp;Deus\u201d, com transmiss\u00e3o ao&nbsp;vivo em&nbsp;nosso canal no&nbsp;YouTube. Esta semana a&nbsp;aula ser\u00e1 ministrada pelo Reverendo Marthon Mendes.<br>Vamos nos aprofundar em&nbsp;temas como \u201cO&nbsp;que significa tomar o&nbsp;nome do&nbsp;Senhor em&nbsp;v\u00e3o? Como interpretar os&nbsp;t\u00edtulos pelos quais Deus se&nbsp;apresenta? Como fazer uso correto dos meios de&nbsp;gra\u00e7a que Deus disponibiliza para edifica\u00e7\u00e3o dos crentes?\u201d, entre outras quest\u00f5es.<br>Se&nbsp;voc\u00ea n\u00e3o pode comparecer, assista pelo YouTube, fa\u00e7a sua inscri\u00e7\u00e3o no&nbsp;canal e&nbsp;divulgue para conseguir pelo menos mais uma inscri\u00e7\u00e3o e&nbsp;atingirmos mais uma fam\u00edlia com o&nbsp;ensino da&nbsp;Palavra de&nbsp;Deus. A&nbsp;frequ\u00eancia ainda est\u00e1 muito abaixo do&nbsp;nosso potencial, com menos de&nbsp;10% da&nbsp;nossa membresia. Faltou voc\u00ea!<\/p>\n\n\n\n<p><strong><em>Reuni\u00e3o nos Lares<\/em><\/strong><\/p>\n\n\n\n<p>A&nbsp;partir das 20h00, sempre que houver disponibilidade de&nbsp;resid\u00eancia, a&nbsp;igreja se&nbsp;re\u00fane nas casas dos irm\u00e3os, seguindo o&nbsp;exemplo da&nbsp;igreja primitiva (Atos dos Ap\u00f3stolos 2.46; 10.22; 16.15; 16.34) para edifica\u00e7\u00e3o, comunh\u00e3o e&nbsp;ora\u00e7\u00e3o. A&nbsp;reuni\u00e3o ser\u00e1 realizada na&nbsp;2\u00aa e&nbsp;4\u00aa sextas-feiras de&nbsp;cada m\u00eas. Aguardamos a&nbsp;disponibilidade dos irm\u00e3os para nos receber em&nbsp;sua casa.<\/p>\n\n\n\n<p><strong>D\u00edzimos e\u00a0Ofertas<\/strong><\/p>\n\n\n\n<p>Em&nbsp;Deuteron\u00f4mio 14.22-25, a&nbsp;B\u00edblia ensina que o&nbsp;d\u00edzimo \u00e9 uma demonstra\u00e7\u00e3o de&nbsp;gratid\u00e3o pelas b\u00ean\u00e7\u00e3os que Deus deu e&nbsp;uma prova de&nbsp;fidelidade por devolver o&nbsp;que \u00e9 devido ao&nbsp;Senhor. Para ajudar na&nbsp;contabiliza\u00e7\u00e3o dos recursos por parte da&nbsp;tesouraria, ao&nbsp;entregar seus d\u00edzimos e&nbsp;ofertas via PIX ou&nbsp;transfer\u00eancia banc\u00e1ria, especifique o&nbsp;que \u00e9 d\u00edzimo e&nbsp;o&nbsp;que \u00e9 oferta utilizando o&nbsp;CNPJ da&nbsp;igreja 00.574.079\/0001-64. Para ofertas especiais, como doa\u00e7\u00f5es para novos projetos da&nbsp;igreja, voc\u00ea pode usar o&nbsp;CNPJ da&nbsp;igreja especificando a&nbsp;finalidade ou&nbsp;ent\u00e3o fazer seu dep\u00f3sito no&nbsp;Banco Santander, ag\u00eancia 3328, Conta Corrente 13000174-8. Quando voc\u00ea identifica sua transfer\u00eancia, voc\u00ea ajuda o&nbsp;presb\u00edtero Jan, nosso tesoureiro, a&nbsp;fazer o&nbsp;relat\u00f3rio financeiro da&nbsp;igreja.<\/p>\n\n\n\n<p><strong>Doa\u00e7\u00f5es<\/strong><\/p>\n\n\n\n<p>Voc\u00ea pode doar a&nbsp;qualquer tempo, mas a&nbsp;Junta Diaconal orienta os&nbsp;irm\u00e3os que fazem doa\u00e7\u00f5es para as&nbsp;cestas b\u00e1sicas a&nbsp;trazerem sua oferta at\u00e9 o&nbsp;dia 15 de&nbsp;cada m\u00eas. As&nbsp;doa\u00e7\u00f5es podem ser entregues aos di\u00e1conos de&nbsp;plant\u00e3o ou&nbsp;deixadas no&nbsp;local indicado. Se&nbsp;voc\u00ea quiser participar da&nbsp;b\u00ean\u00e7\u00e3o de&nbsp;contribuir, fale com um&nbsp;dos nossos di\u00e1conos. Voc\u00ea tamb\u00e9m pode procurar a&nbsp;Junta Diaconal e&nbsp;fazer a&nbsp;doa\u00e7\u00e3o em&nbsp;dinheiro para que eles adquiram os&nbsp;produtos necess\u00e1rios.<\/p>\n\n\n\n<p><strong>Projetos<\/strong><\/p>\n\n\n\n<p>Se&nbsp;voc\u00ea quer colaborar com os&nbsp;novos projetos, como melhoria da&nbsp;proje\u00e7\u00e3o de&nbsp;c\u00e2nticos e&nbsp;v\u00eddeos ou&nbsp;melhoria do&nbsp;som da&nbsp;igreja, participe com suas ofertas e&nbsp;doa\u00e7\u00f5es espec\u00edficas. Para saber como fazer isso, procure o&nbsp;presb\u00edtero Jan Uilles (tesoureiro) ou&nbsp;o&nbsp;Reverendo Marthon Mendes e&nbsp;os&nbsp;presb\u00edteros Jorge Marques e&nbsp;Leone Braga (Minist\u00e9rio de&nbsp;Administra\u00e7\u00e3o e&nbsp;Finan\u00e7as). Sua participa\u00e7\u00e3o e&nbsp;contribui\u00e7\u00e3o s\u00e3o muito importantes. Lembre-se do&nbsp;que ensina a&nbsp;Palavra de&nbsp;Deus: cada um&nbsp;contribua segundo tiver proposto no&nbsp;cora\u00e7\u00e3o, n\u00e3o por tristeza ou&nbsp;necessidade, porque Deus ama ao&nbsp;que d\u00e1 com alegria!<\/p>\n\n\n\n<p><strong>Novos Membros<\/strong><\/p>\n\n\n\n<p>Se&nbsp;voc\u00ea desejar fazer da&nbsp;nossa igreja a&nbsp;sua igreja, com todos os&nbsp;privil\u00e9gios que os&nbsp;membros possuem, voc\u00ea ser\u00e1 muito bem-vindo. Torne-se membro de&nbsp;nossa igreja. Para saber mais, fale com um&nbsp;dos presb\u00edteros ou&nbsp;com o&nbsp;pastor. A&nbsp;classe de&nbsp;Discipulado (para aqueles irm\u00e3os que est\u00e3o chegando de&nbsp;igrejas n\u00e3o presbiterianas) e&nbsp;Catecumenato (para aqueles que ainda n\u00e3o foram batizados e&nbsp;professaram publicamente a&nbsp;sua f\u00e9), destinada aos candidatos a&nbsp;novos membros, funciona no&nbsp;mesmo hor\u00e1rio da&nbsp;Escola B\u00edblica e&nbsp;tem funcionamento cont\u00ednuo \u2014 ou&nbsp;seja, voc\u00ea pode come\u00e7ar de&nbsp;qualquer li\u00e7\u00e3o. Professores: presb\u00edtero Jorge Marques e&nbsp;Thiago Marques.<\/p>\n\n\n\n<p><strong>Col\u00e9gio Presbiteriano Simonton<\/strong><\/p>\n\n\n\n<p>Voc\u00ea j\u00e1 fez a&nbsp;matr\u00edcula de&nbsp;seu filho, sobrinho ou&nbsp;neto no&nbsp;Simonton? Ainda d\u00e1 tempo! Agora tamb\u00e9m com Educa\u00e7\u00e3o Infantil! Matr\u00edculas abertas! Se&nbsp;voc\u00ea tem algum conhecido que tenha crian\u00e7a em&nbsp;idade de&nbsp;estudar no&nbsp;Simonton, divulgue a&nbsp;escola. O&nbsp;Col\u00e9gio j\u00e1 est\u00e1 aos cuidados de&nbsp;novo parceiro administrativo.<\/p>\n\n\n\n<p><strong>Escala da\u00a0Junta Diaconal<\/strong><\/p>\n\n\n\n<ul>\n<li>26\/04 Domingo: Raphael e\u00a0Samuel<\/li>\n\n\n\n<li>28\/04 Ter\u00e7a: Manoel e\u00a0D\u00eanis<\/li>\n<\/ul>\n\n\n\n<p><strong>Escala da\u00a0Escola Dominical<br><em>Dia 26\/04<\/em><\/strong><\/p>\n\n\n\n<ul>\n<li>Ber\u00e7\u00e1rio: Ester<\/li>\n\n\n\n<li>Primeiros Passos: Mayla<\/li>\n\n\n\n<li>Firmando os\u00a0Passos: Julia<\/li>\n\n\n\n<li>MQV Kids: Fran<\/li>\n\n\n\n<li>MQV J\u00fanior: Rebecca<\/li>\n\n\n\n<li>Adolescentes: (a\u00a0definir)<\/li>\n\n\n\n<li>Jovens: presb\u00edtero Carlos<\/li>\n\n\n\n<li>Adultos: reverendo Marthon<\/li>\n\n\n\n<li>Superintendente: Sueli<\/li>\n<\/ul>\n\n\n\n<p><strong><em>Dia 03\/05<\/em><\/strong><\/p>\n\n\n\n<ul>\n<li>Ber\u00e7\u00e1rio: (a\u00a0definir)<\/li>\n\n\n\n<li>Primeiros Passos: (a\u00a0definir)<\/li>\n\n\n\n<li>Firmando os\u00a0Passos: (a\u00a0definir)<\/li>\n\n\n\n<li>MQV Kids: (a\u00a0definir)<\/li>\n\n\n\n<li>MQV J\u00fanior: (a\u00a0definir)<\/li>\n\n\n\n<li>Adolescentes: (a\u00a0definir)<\/li>\n\n\n\n<li>Jovens: presb\u00edtero Henrique<\/li>\n\n\n\n<li>Adultos: reverendo Marthon<\/li>\n\n\n\n<li>Superintendente: Thiago<\/li>\n<\/ul>\n\n\n\n<p><strong>Liturgia do\u00a0Culto Noturno<br><em>Liturgo: Presb\u00edtero Henrique Marques<\/em><\/strong><\/p>\n\n\n\n<ul>\n<li>Leitura b\u00edblica \u2013 Salmo 105.1<\/li>\n\n\n\n<li>Ora\u00e7\u00e3o de\u00a0invoca\u00e7\u00e3o<\/li>\n\n\n\n<li>Leitura b\u00edblica \u2013 105.1-10<\/li>\n\n\n\n<li>Louvor \u2013 Hino\u00a017<\/li>\n\n\n\n<li>Leitura b\u00edblica \u2013 Josu\u00e9 24.14-23<\/li>\n\n\n\n<li>Ora\u00e7\u00e3o de\u00a0contri\u00e7\u00e3o (confiss\u00e3o de\u00a0pecados)<\/li>\n\n\n\n<li>Louvor \u2013 Hino\u00a068<\/li>\n\n\n\n<li>Leitura b\u00edblica \u2013 Josu\u00e9 24.16-17<\/li>\n\n\n\n<li>Ora\u00e7\u00e3o intercess\u00f3ria \u2014 pastorais<\/li>\n\n\n\n<li>Oportunidade para o\u00a0Grupo de\u00a0Louvor e\u00a0recolhimento de\u00a0d\u00edzimos e\u00a0ofertas<\/li>\n\n\n\n<li>Ora\u00e7\u00e3o de\u00a0gratid\u00e3o pelos d\u00edzimos, ofertas e\u00a0crian\u00e7as<\/li>\n\n\n\n<li>Prega\u00e7\u00e3o: Reverendo Marthon Mendes<\/li>\n\n\n\n<li>Ora\u00e7\u00e3o final e\u00a0b\u00ean\u00e7\u00e3o apost\u00f3lica<\/li>\n\n\n\n<li>Posl\u00fadio e\u00a0avisos<\/li>\n<\/ul>\n\n\n\n<p><strong>Lei Geral de\u00a0Prote\u00e7\u00e3o de\u00a0Dados (LGPD)<\/strong><\/p>\n\n\n\n<p>Informamos aos nossos irm\u00e3os, amigos e&nbsp;visitantes que as&nbsp;imagens do&nbsp;culto podem ser disponibilizadas na&nbsp;rede mundial de&nbsp;computadores em&nbsp;v\u00eddeo e&nbsp;fotografias. Se&nbsp;voc\u00ea tem alguma obje\u00e7\u00e3o \u00e0 publica\u00e7\u00e3o de&nbsp;sua imagem, por gentileza informe a&nbsp;um&nbsp;dos nossos di\u00e1conos.<\/p>\n\n\n\n<p><strong>Visitantes<\/strong><\/p>\n\n\n\n<p>Ter voc\u00ea aqui em&nbsp;nossa igreja \u00e9 motivo de&nbsp;grande alegria, e&nbsp;desejamos que assim como fomos aben\u00e7oados com sua visita, sua presen\u00e7a em&nbsp;nosso meio tenha sido uma alegre colheita de&nbsp;b\u00ean\u00e7\u00e3os espirituais. Desejamos que voc\u00ea desfrute da&nbsp;comunh\u00e3o com Deus em&nbsp;nossa companhia. Que o&nbsp;Senhor te&nbsp;aben\u00e7oe ricamente. Queremos retribuir sua visita assim que poss\u00edvel. Aguardamos apenas que voc\u00ea informe quando for poss\u00edvel e&nbsp;teremos prazer em&nbsp;visitar voc\u00ea e&nbsp;sua fam\u00edlia.<\/p>\n\n\n\n<p><strong>Aniversariantes (26\/04 a\u00a002\/05)<\/strong><\/p>\n\n\n\n<p>29\/04 Marlyene Silva Santana Chemp<br>30\/04 Aline Pereira Gomes<br>30\/04 Mirelle Dieimes Silveira Nunes<br>01\/05 Maria da&nbsp;Vera Cruz dos Santos Oliveira<\/p>\n\n\n\n<p>Faltou o&nbsp;seu nome? Se&nbsp;voc\u00ea \u00e9 membro da&nbsp;igreja e&nbsp;deseja que nos alegremos com voc\u00ea, por gentileza, atualize seu cadastro.<\/p>\n\n\n\n<p><strong>Pa\u00eds de\u00a0Ora\u00e7\u00e3o da\u00a0Semana: Taiwan<\/strong><\/p>\n\n\n\n<p>Crist\u00e3os representam menos de\u00a03,9% dos cerca de\u00a023,4 milh\u00f5es de\u00a0habitantes de\u00a0Taiwan, divididos aproximadamente entre cat\u00f3licos e\u00a0protestantes. A\u00a0presen\u00e7a reformada, por\u00e9m, tem hist\u00f3ria not\u00e1vel: a\u00a0Igreja Presbiteriana de\u00a0Taiwan \u00e9 a\u00a0maior denomina\u00e7\u00e3o protestante do\u00a0pa\u00eds, com miss\u00e3o iniciada em\u00a01865 quando o\u00a0Dr. James Maxwell, enviado pela Igreja Presbiteriana da\u00a0Inglaterra, desembarcou em\u00a0Tainan \u2014 cidade no\u00a0sul da\u00a0ilha e\u00a0ber\u00e7o do\u00a0protestantismo taiwan\u00eas. Entre os\u00a0povos ind\u00edgenas de\u00a0Taiwan, cerca de\u00a070% professam a\u00a0f\u00e9 crist\u00e3. Embora Taiwan desfrute de\u00a0liberdade religiosa, a\u00a0crescente press\u00e3o da\u00a0China continental representa uma amea\u00e7a real \u00e0s liberdades pol\u00edticas e\u00a0religiosas da\u00a0ilha. Ore para que o\u00a0Senhor fortale\u00e7a a\u00a0Igreja Presbiteriana de\u00a0Taiwan, abra novos cora\u00e7\u00f5es \u00e0 f\u00e9 reformada e\u00a0proteja o\u00a0pa\u00eds diante das tens\u00f5es geopol\u00edticas que o\u00a0cercam.<br><em>Fontes: Global Ministries; ACN Brasil<\/em><\/p>\n\n\n\n<figure class=\"wp-block-image size-medium\"><img loading=\"lazy\" decoding=\"async\" width=\"300\" height=\"200\" src=\"https:\/\/3ipt.org.br\/site\/wp-content\/uploads\/2026\/04\/Taiwan-300x200.png\" alt=\"Taiwan\" class=\"wp-image-4863\" srcset=\"https:\/\/3ipt.org.br\/site\/wp-content\/uploads\/2026\/04\/Taiwan-300x200.png 300w, https:\/\/3ipt.org.br\/site\/wp-content\/uploads\/2026\/04\/Taiwan-1024x683.png 1024w, https:\/\/3ipt.org.br\/site\/wp-content\/uploads\/2026\/04\/Taiwan-768x512.png 768w, https:\/\/3ipt.org.br\/site\/wp-content\/uploads\/2026\/04\/Taiwan.png 1280w\" sizes=\"(max-width: 300px) 100vw, 300px\" \/><\/figure>\n","protected":false},"excerpt":{"rendered":"<p>Vers\u00e3o para impress\u00e3o: O\u00a0Grande EU\u00a0SOU \u00c9 \u201cO\u00a0P\u00e3o da\u00a0Vida\u201d \u201cDeclarou-lhes, pois, Jesus: Eu\u00a0sou o\u00a0p\u00e3o da\u00a0vida; o\u00a0que vem a\u00a0mim jamais ter\u00e1 fome; e\u00a0o\u00a0que cr\u00ea em\u00a0mim jamais ter\u00e1 sede.\u201dJo\u00e3o 6.35 Mais uma vez o&nbsp;Senhor Jesus Se&nbsp;revela como o&nbsp;\u00fanico Caminho por onde se&nbsp;alcan\u00e7a a&nbsp;vida abundante, vida plenamente feliz. Aqui o&nbsp;Salvador Se&nbsp;revela como a&nbsp;Fonte da&nbsp;vida eterna, ou&nbsp;a&nbsp;\u00fanica maneira pela qual&#8230;<\/p>\n","protected":false},"author":1,"featured_media":0,"comment_status":"open","ping_status":"open","sticky":false,"template":"","format":"standard","meta":{"footnotes":""},"categories":[4],"tags":[],"_links":{"self":[{"href":"https:\/\/3ipt.org.br\/site\/wp-json\/wp\/v2\/posts\/4861"}],"collection":[{"href":"https:\/\/3ipt.org.br\/site\/wp-json\/wp\/v2\/posts"}],"about":[{"href":"https:\/\/3ipt.org.br\/site\/wp-json\/wp\/v2\/types\/post"}],"author":[{"embeddable":true,"href":"https:\/\/3ipt.org.br\/site\/wp-json\/wp\/v2\/users\/1"}],"replies":[{"embeddable":true,"href":"https:\/\/3ipt.org.br\/site\/wp-json\/wp\/v2\/comments?post=4861"}],"version-history":[{"count":1,"href":"https:\/\/3ipt.org.br\/site\/wp-json\/wp\/v2\/posts\/4861\/revisions"}],"predecessor-version":[{"id":4864,"href":"https:\/\/3ipt.org.br\/site\/wp-json\/wp\/v2\/posts\/4861\/revisions\/4864"}],"wp:attachment":[{"href":"https:\/\/3ipt.org.br\/site\/wp-json\/wp\/v2\/media?parent=4861"}],"wp:term":[{"taxonomy":"category","embeddable":true,"href":"https:\/\/3ipt.org.br\/site\/wp-json\/wp\/v2\/categories?post=4861"},{"taxonomy":"post_tag","embeddable":true,"href":"https:\/\/3ipt.org.br\/site\/wp-json\/wp\/v2\/tags?post=4861"}],"curies":[{"name":"wp","href":"https:\/\/api.w.org\/{rel}","templated":true}]}}